{"id":32386,"date":"2021-04-16T18:24:14","date_gmt":"2021-04-16T18:24:14","guid":{"rendered":"http:\/\/www.friaguinee.net\/?p=32386"},"modified":"2021-04-16T18:24:15","modified_gmt":"2021-04-16T18:24:15","slug":"cour-dappel-de-conakry-le-verdict-dans-laffaire-grenade-reporte-au-23-avril","status":"publish","type":"post","link":"https:\/\/www.friaguinee.net\/index.php\/2021\/04\/16\/cour-dappel-de-conakry-le-verdict-dans-laffaire-grenade-reporte-au-23-avril\/","title":{"rendered":"Cour d\u2019appel de Conakry: le verdict dans l\u2019affaire Grenade report\u00e9 au 23 avril"},"content":{"rendered":"\n<p>Poursuivi&nbsp; pour des faits de <strong>tentative de meurtre et de d\u00e9tention ill\u00e9gale d\u2019armes de guerre<\/strong>, le verdict&nbsp; en appel dans l\u2019affaire de Boubacar Diallo alias Grenade l\u2019ex-militant de l\u2019ufdg qui \u00e9tait attendu, ce vendredi 16 Avril 2021, \u00e0 la cour d\u2019appel de Conakry a \u00e9t\u00e9 de nouveau renvoy\u00e9 au 23 Avril prochain.&nbsp;<\/p>\n\n\n\n<p>Selon Me B\u00e9avogui, ce report est d\u00fb \u00e0 la tenue de l\u2019assembl\u00e9e g\u00e9n\u00e9rale des avocats.&nbsp;<\/p>\n\n\n\n<p><strong>\u201c <\/strong>Il n\u2019y a pas d\u2019audience aujourd\u2019hui. Les audiences sont renvoy\u00e9es pour cause d\u2019assembl\u00e9e g\u00e9n\u00e9rale des avocats\u201d, a confirm\u00e9 Me Salifou Beavogui.&nbsp;&nbsp;<\/p>\n\n\n\n<p>Il faut rappeler que Boubacar Diallo alias Grenade&nbsp; a \u00e9t\u00e9 condamn\u00e9 en 2019 par le tribunal de premi\u00e8re instance de Dixinn \u00e0 une&nbsp; peine de 10 ans assortie d\u2019une p\u00e9riode de&nbsp; s\u00fbret\u00e9 de 5 ans<\/p>\n\n\n\n<p><strong>Friaguinee.net<\/strong><br><\/p>\n","protected":false},"excerpt":{"rendered":"<p>Poursuivi&nbsp; pour des faits de tentative de meurtre et de d\u00e9tention ill\u00e9gale d\u2019armes de guerre, le verdict&nbsp; en appel dans l\u2019affaire de Boubacar Diallo alias Grenade l\u2019ex-militant de l\u2019ufdg qui \u00e9tait attendu, ce vendredi 16 Avril 2021, \u00e0 la cour d\u2019appel de Conakry a \u00e9t\u00e9 de nouveau renvoy\u00e9 au 23 Avril prochain.&nbsp; Selon Me B\u00e9avogui, [&hellip;]<\/p>\n","protected":false},"author":3,"featured_media":32389,"comment_status":"open","ping_status":"open","sticky":false,"template":"","format":"standard","meta":{"footnotes":""},"categories":[2],"tags":[],"class_list":["post-32386","post","type-post","status-publish","format-standard","has-post-thumbnail","hentry","category-actualites"],"_links":{"self":[{"href":"https:\/\/www.friaguinee.net\/index.php\/wp-json\/wp\/v2\/posts\/32386","targetHints":{"allow":["GET"]}}],"collection":[{"href":"https:\/\/www.friaguinee.net\/index.php\/wp-json\/wp\/v2\/posts"}],"about":[{"href":"https:\/\/www.friaguinee.net\/index.php\/wp-json\/wp\/v2\/types\/post"}],"author":[{"embeddable":true,"href":"https:\/\/www.friaguinee.net\/index.php\/wp-json\/wp\/v2\/users\/3"}],"replies":[{"embeddable":true,"href":"https:\/\/www.friaguinee.net\/index.php\/wp-json\/wp\/v2\/comments?post=32386"}],"version-history":[{"count":1,"href":"https:\/\/www.friaguinee.net\/index.php\/wp-json\/wp\/v2\/posts\/32386\/revisions"}],"predecessor-version":[{"id":32387,"href":"https:\/\/www.friaguinee.net\/index.php\/wp-json\/wp\/v2\/posts\/32386\/revisions\/32387"}],"wp:featuredmedia":[{"embeddable":true,"href":"https:\/\/www.friaguinee.net\/index.php\/wp-json\/wp\/v2\/media\/32389"}],"wp:attachment":[{"href":"https:\/\/www.friaguinee.net\/index.php\/wp-json\/wp\/v2\/media?parent=32386"}],"wp:term":[{"taxonomy":"category","embeddable":true,"href":"https:\/\/www.friaguinee.net\/index.php\/wp-json\/wp\/v2\/categories?post=32386"},{"taxonomy":"post_tag","embeddable":true,"href":"https:\/\/www.friaguinee.net\/index.php\/wp-json\/wp\/v2\/tags?post=32386"}],"curies":[{"name":"wp","href":"https:\/\/api.w.org\/{rel}","templated":true}]}}