{"id":32225,"date":"2021-04-13T12:39:16","date_gmt":"2021-04-13T12:39:16","guid":{"rendered":"http:\/\/www.friaguinee.net\/?p=32225"},"modified":"2021-04-13T13:42:59","modified_gmt":"2021-04-13T13:42:59","slug":"amadou-dioulde-diallo-assume-jai-bien-dit-qualpha-conde-veut-exterminer-les-peuls","status":"publish","type":"post","link":"https:\/\/www.friaguinee.net\/index.php\/2021\/04\/13\/amadou-dioulde-diallo-assume-jai-bien-dit-qualpha-conde-veut-exterminer-les-peuls\/","title":{"rendered":"Amadou Diould\u00e9 Diallo  : \u00ab\u00a0J\u2019ai bien dit qu\u2019Alpha Cond\u00e9 veut exterminer les peuls\u00a0\u00bb"},"content":{"rendered":"\n<p>Avec assurance, le doyen Amadou Diould\u00e9 Diallo  est apparu \u00e0 la barre ce mardi 13 avril 2021 au TPI de Dixinn. Il a rejet\u00e9 les faits d\u2019offenses qui luis sont reproch\u00e9s. Par contre  il a reconnu avoir dit dans une \u00e9mission sur les ondes de la radio Lynx FM, que \u00ab\u00a0<strong>Alpha Cond\u00e9 veut exterminer les peuls\u00a0\u00bb.<\/strong><\/p>\n\n\n\n<p>\u00ab<strong><em>J\u2019interviens souvent dans les \u00e9missions sportives. La radicalit\u00e9 dans les discours du pr\u00e9sident m\u2019a interpell\u00e9. En 2010, il a dit que la Primature revient \u00e0 la Basse-C\u00f4te, l\u2019Assembl\u00e9e \u00e0 la For\u00eat. Il pouvait rester mieux comme l\u2019avait fait le pr\u00e9sident Lansana Cont\u00e9. Deuxi\u00e8mement, on a instruit le Manding Djallon. \u00c7a a \u00e9t\u00e9 une bataille rude. Je me suis lev\u00e9 pour combattre cette mani\u00e8re de faire. L\u2019id\u00e9e c\u2019\u00e9tait pour d\u00e9truire le Fouta. J\u2019ai eu peur de cette radicalisation du pr\u00e9sident de la R\u00e9publique. Certains actes ont suivi ses propos notamment sur l\u2019axe. Vous conviendrez avec moi tous les 200 morts sur l\u2019axe ont le m\u00eame patronyme. \u00c0 la derni\u00e8re \u00e9lection pr\u00e9sidentielle, le Pr\u00e9sident a dit quiconque ne vote pas pour le candidat du RPG aura vot\u00e9 pour Cellou Dalein Diallo, le candidat du Fouta Djallon. J\u2019ai bien dit que le Pr\u00e9sident veut exterminer. Parce que depuis 2010, il est dans la m\u00eame logique. Je ne suis pas dans l\u2019ethno, j\u2019essaye d\u2019interpeller. Je n\u2019offense pas, j\u2019interpelle<\/em><\/strong>\u00bb, a d\u00e9clar\u00e9 Amadou Diould\u00e9 \u00e0 la barre.<\/p>\n\n\n\n<p><strong>Friaguinee.net<\/strong> <\/p>\n","protected":false},"excerpt":{"rendered":"<p>Avec assurance, le doyen Amadou Diould\u00e9 Diallo est apparu \u00e0 la barre ce mardi 13 avril 2021 au TPI de Dixinn. Il a rejet\u00e9 les faits d\u2019offenses qui luis sont reproch\u00e9s. Par contre il a reconnu avoir dit dans une \u00e9mission sur les ondes de la radio Lynx FM, que \u00ab\u00a0Alpha Cond\u00e9 veut exterminer les [&hellip;]<\/p>\n","protected":false},"author":3,"featured_media":32036,"comment_status":"open","ping_status":"open","sticky":false,"template":"","format":"standard","meta":{"footnotes":""},"categories":[211],"tags":[6349,50,148,1315],"class_list":["post-32225","post","type-post","status-publish","format-standard","has-post-thumbnail","hentry","category-justice","tag-amadou-dioulde-diallo","tag-conakry","tag-guinee","tag-proces"],"_links":{"self":[{"href":"https:\/\/www.friaguinee.net\/index.php\/wp-json\/wp\/v2\/posts\/32225","targetHints":{"allow":["GET"]}}],"collection":[{"href":"https:\/\/www.friaguinee.net\/index.php\/wp-json\/wp\/v2\/posts"}],"about":[{"href":"https:\/\/www.friaguinee.net\/index.php\/wp-json\/wp\/v2\/types\/post"}],"author":[{"embeddable":true,"href":"https:\/\/www.friaguinee.net\/index.php\/wp-json\/wp\/v2\/users\/3"}],"replies":[{"embeddable":true,"href":"https:\/\/www.friaguinee.net\/index.php\/wp-json\/wp\/v2\/comments?post=32225"}],"version-history":[{"count":4,"href":"https:\/\/www.friaguinee.net\/index.php\/wp-json\/wp\/v2\/posts\/32225\/revisions"}],"predecessor-version":[{"id":32230,"href":"https:\/\/www.friaguinee.net\/index.php\/wp-json\/wp\/v2\/posts\/32225\/revisions\/32230"}],"wp:featuredmedia":[{"embeddable":true,"href":"https:\/\/www.friaguinee.net\/index.php\/wp-json\/wp\/v2\/media\/32036"}],"wp:attachment":[{"href":"https:\/\/www.friaguinee.net\/index.php\/wp-json\/wp\/v2\/media?parent=32225"}],"wp:term":[{"taxonomy":"category","embeddable":true,"href":"https:\/\/www.friaguinee.net\/index.php\/wp-json\/wp\/v2\/categories?post=32225"},{"taxonomy":"post_tag","embeddable":true,"href":"https:\/\/www.friaguinee.net\/index.php\/wp-json\/wp\/v2\/tags?post=32225"}],"curies":[{"name":"wp","href":"https:\/\/api.w.org\/{rel}","templated":true}]}}