{"id":31957,"date":"2021-04-07T14:12:26","date_gmt":"2021-04-07T14:12:26","guid":{"rendered":"http:\/\/www.friaguinee.net\/?p=31957"},"modified":"2021-04-07T14:12:27","modified_gmt":"2021-04-07T14:12:27","slug":"violations-des-droits-humains-en-guinee-amnesty-publie-un-nouveau-rapport-accablant","status":"publish","type":"post","link":"https:\/\/www.friaguinee.net\/index.php\/2021\/04\/07\/violations-des-droits-humains-en-guinee-amnesty-publie-un-nouveau-rapport-accablant\/","title":{"rendered":"Violations des Droits Humains en Guin\u00e9e : Amnesty publie un nouveau rapport accablant"},"content":{"rendered":"\n<p>Des violations des droits humains ont \u00e9t\u00e9 commises dans le contexte d\u2019une modification controvers\u00e9e de la Constitution et des r\u00e9sultats contest\u00e9s de l\u2019\u00e9lection pr\u00e9sidentielle. Des dizaines de personnes ont \u00e9t\u00e9 tu\u00e9es par des membres des forces de d\u00e9fense et de s\u00e9curit\u00e9 lors de manifestations, et les auteurs de ces homicides demeuraient impunis. Des membres de partis politiques d\u2019opposition et des militant\u00b7e\u00b7s en faveur de la d\u00e9mocratie ont \u00e9t\u00e9 arr\u00eat\u00e9s et d\u00e9tenus arbitrairement. Le droit \u00e0 la libert\u00e9 d\u2019expression et le droit de r\u00e9union pacifique ont fait l\u2019objet de restrictions. Le droit \u00e0 la sant\u00e9 des prisonni\u00e8res et prisonniers \u00e9tait mis \u00e0 mal par une surpopulation chronique et des conditions de d\u00e9tention d\u00e9plorables.<\/p>\n\n\n\n<h3 class=\"wp-block-heading\">Contexte<\/h3>\n\n\n\n<p>\u00c0 partir du mois de mars, les autorit\u00e9s ont d\u00e9cr\u00e9t\u00e9 l\u2019\u00e9tat d\u2019urgence pour faire face \u00e0 la pand\u00e9mie de COVID-19 et pris des mesures qui restreignaient, entre autres, le droit de circuler librement et le droit \u00e0 la libert\u00e9 de r\u00e9union.<\/p>\n\n\n\n<p>En mars, le Front national pour la d\u00e9fense de la Constitution (FNDC), une coalition de partis politiques et d\u2019organisations de la soci\u00e9t\u00e9 civile, a \u00e9t\u00e9 l\u2019instigateur de manifestations de grande ampleur contre un projet de r\u00e9forme de la Constitution qui devait autoriser le pr\u00e9sident de la R\u00e9publique \u00e0 briguer un troisi\u00e8me mandat. Il a \u00e9galement appel\u00e9 \u00e0 boycotter les \u00e9lections l\u00e9gislatives et le r\u00e9f\u00e9rendum sur la Constitution, qui ont eu lieu le 22&nbsp;mars. En avril, la Cour constitutionnelle a indiqu\u00e9 que pr\u00e8s de 90&nbsp;% des votant\u00b7e\u00b7s s\u2019\u00e9taient prononc\u00e9s en faveur de la r\u00e9forme.<\/p>\n\n\n\n<p>Le 24&nbsp;octobre, la Commission \u00e9lectorale nationale ind\u00e9pendante (CENI) a annonc\u00e9 qu\u2019Alpha Cond\u00e9 avait remport\u00e9 l\u2019\u00e9lection pr\u00e9sidentielle, bien qu\u2019un autre candidat, Cellou Dalein Diallo, ait d\u00e9j\u00e0 revendiqu\u00e9 la victoire.<\/p>\n\n\n\n<h2 class=\"wp-block-heading\">Homicides ill\u00e9gaux<\/h2>\n\n\n\n<p>Les forces de d\u00e9fense et de s\u00e9curit\u00e9 ont fait usage d\u2019une force excessive contre des manifestant\u00b7e\u00b7s. Des dizaines de personnes ont \u00e9t\u00e9 abattues et de nombreuses autres ont \u00e9t\u00e9 bless\u00e9es par balle ou touch\u00e9es par des grenades lacrymog\u00e8nes.<\/p>\n\n\n\n<p>Entre le 21 et le 22&nbsp;mars, au moins 12&nbsp;personnes ont \u00e9t\u00e9 tu\u00e9es lors de manifestations organis\u00e9es par le FNDC.<\/p>\n\n\n\n<p>Le 12&nbsp;mai, sept personnes ont trouv\u00e9 la mort dans des manifestations, dont certaines ont tourn\u00e9 \u00e0 la violence, dans les villes de Man\u00e9ah, Coyah et Dubr\u00e9ka (r\u00e9gion de Kindia) ainsi qu\u2019\u00e0 Kamsar (r\u00e9gion de Bok\u00e9). Elles d\u00e9non\u00e7aient la mani\u00e8re dont les forces de s\u00e9curit\u00e9 faisaient appliquer les restrictions de circulation li\u00e9es \u00e0 la pand\u00e9mie de COVID-19.<\/p>\n\n\n\n<p>Dans les jours qui ont suivi l\u2019\u00e9lection pr\u00e9sidentielle d\u2019octobre, au moins 16&nbsp;personnes ont \u00e9t\u00e9 tu\u00e9es par les forces de s\u00e9curit\u00e9 alors qu\u2019elles protestaient contre les r\u00e9sultats du scrutin. Les forces de d\u00e9fense et de s\u00e9curit\u00e9 ont \u00e9galement commis des violences \u00e0 l\u2019encontre des populations de quartiers de la capitale, Conakry, per\u00e7us comme favorables \u00e0 l\u2019opposition, tuant au moins un habitant de Wanindara le 1<sup>er<\/sup>&nbsp;d\u00e9cembre, sans raison.<\/p>\n\n\n\n<p>Selon les autorit\u00e9s, deux policiers ont \u00e9t\u00e9 tu\u00e9s \u00e0 Conakry, le 21&nbsp;octobre et le 30&nbsp;novembre respectivement, et trois gendarmes et un soldat ont eux aussi trouv\u00e9 la mort lors d\u2019une attaque visant un train de la compagnie mini\u00e8re Rusal le 23&nbsp;octobre, \u00e9galement dans la capitale.<\/p>\n\n\n\n<h2 class=\"wp-block-heading\">Arrestations et d\u00e9tentions arbitraires<\/h2>\n\n\n\n<p>Entre janvier et septembre, plusieurs dizaines de repr\u00e9sentant\u00b7e\u00b7s d\u2019organisations de la soci\u00e9t\u00e9 civile et militant\u00b7e\u00b7s politiques ont \u00e9t\u00e9 arr\u00eat\u00e9s arbitrairement pour s\u2019\u00eatre oppos\u00e9s au r\u00e9f\u00e9rendum, avoir appel\u00e9 \u00e0 manifester ou avoir d\u00e9nonc\u00e9 des violations des droits humains commises dans le pays.<\/p>\n\n\n\n<p>Le 6&nbsp;mars, la police a arr\u00eat\u00e9 Ibrahima Diallo, dirigeant du FNDC et coordonnateur du mouvement en faveur de la d\u00e9mocratie Tournons la page-Guin\u00e9e (TLP-Guin\u00e9e), et S\u00e9kou Koundouno, coordonnateur du Balai citoyen, un mouvement citoyen qui promeut la d\u00e9mocratie, \u00e0 Conakry. Plus t\u00f4t dans la journ\u00e9e, ces deux hommes avaient tenu une conf\u00e9rence de presse, notamment pour d\u00e9noncer les arrestations arbitraires auxquelles se livraient les forces de s\u00e9curit\u00e9. Ils ont \u00e9t\u00e9 inculp\u00e9s, entre autres, d\u2019\u00ab&nbsp;outrage \u00e0 agent&nbsp;\u00bb, de \u00ab&nbsp;violences et voies de fait&nbsp;\u00bb et de \u00ab&nbsp;production, diffusion et mise \u00e0 disposition d\u2019autrui de donn\u00e9es de nature \u00e0 troubler l\u2019ordre et la s\u00e9curit\u00e9 publics ou \u00e0 porter atteinte \u00e0 la dignit\u00e9 humaine&nbsp;\u00bb. Le 15&nbsp;juillet, la cour d\u2019appel de Conakry, ayant constat\u00e9 des irr\u00e9gularit\u00e9s juridiques et proc\u00e9durales, a d\u00e9cid\u00e9 de l\u2019abandon des poursuites.<\/p>\n\n\n\n<p>Un autre dirigeant du FNDC et membre de TLP-Guin\u00e9e, Oumar Sylla, a \u00e9t\u00e9 arr\u00eat\u00e9 le 17&nbsp;avril \u00e0 Conakry par la Brigade de recherche et d\u2019intervention (BRI), apr\u00e8s avoir particip\u00e9 \u00e0 une \u00e9mission de radio lors de laquelle des membres du FNDC avaient appel\u00e9 \u00e0 manifester contre la r\u00e9forme de la Constitution. Il avait \u00e9galement d\u00e9nonc\u00e9 les homicides, les actes de torture, les d\u00e9tentions arbitraires et le harc\u00e8lement dont des membres du FNDC avaient \u00e9t\u00e9 victimes dans la ville de Nz\u00e9r\u00e9kor\u00e9. Il a \u00e9t\u00e9 inculp\u00e9 de \u00ab&nbsp;communication et diffusion de fausses informations&nbsp;\u00bb et de \u00ab&nbsp;violences et menaces de mort&nbsp;\u00bb. Il a \u00e9t\u00e9 lib\u00e9r\u00e9 le 27&nbsp;ao\u00fbt, un juge ayant d\u00e9cid\u00e9 de l\u2019abandon des poursuites \u00e0 son encontre. Cependant, le 29&nbsp;septembre, il a de nouveau \u00e9t\u00e9 d\u00e9tenu arbitrairement apr\u00e8s que des policiers en civil l\u2019ont arr\u00eat\u00e9 lors d\u2019une manifestation interdite \u00e0 Matoto, l\u2019une des communes de Conakry. Il se trouvait toujours \u00e0 la maison centrale de Conakry pour \u00ab&nbsp;participation \u00e0 un attroupement susceptible de troubler l\u2019ordre public&nbsp;\u00bb.<\/p>\n\n\n\n<p>Le 7&nbsp;mai, Sa\u00efkou Yaya Diallo, conseiller juridique du FNDC, a \u00e9t\u00e9 arr\u00eat\u00e9 \u00e0 Conakry apr\u00e8s avoir particip\u00e9 \u00e0 une conf\u00e9rence de presse au cours de laquelle, avec d\u2019autres personnes, il a isol\u00e9 dans un bureau une femme qui, selon eux, travaillait pour les services de renseignement, aux fins semble-t-il de la prot\u00e9ger des autres participant\u00b7e\u00b7s. Il a \u00e9t\u00e9 inculp\u00e9 de \u00ab&nbsp;voies de fait&nbsp;\u00bb, \u00ab&nbsp;violences&nbsp;\u00bb, \u00ab&nbsp;menaces&nbsp;\u00bb et \u00ab&nbsp;injures publiques&nbsp;\u00bb et incarc\u00e9r\u00e9 \u00e0 la maison centrale de Conakry, bien que deux d\u00e9cisions de justice aient ordonn\u00e9 sa lib\u00e9ration et son placement sous contr\u00f4le judiciaire. Condamn\u00e9 le 16&nbsp;novembre, il a \u00e9t\u00e9 remis en libert\u00e9 le 11&nbsp;d\u00e9cembre, apr\u00e8s avoir purg\u00e9 sa peine.<\/p>\n\n\n\n<p>Le 10&nbsp;novembre, le procureur de la R\u00e9publique pr\u00e8s le tribunal de premi\u00e8re instance de Dixinn a annonc\u00e9 que 78&nbsp;personnes, dont des personnalit\u00e9s de l\u2019opposition, avaient \u00e9t\u00e9 d\u00e9f\u00e9r\u00e9es \u00e0 la justice dans le contexte des manifestations et violences post-\u00e9lectorales, et inculp\u00e9es, entre autres, de \u00ab&nbsp;d\u00e9tention et fabrication d\u2019armes l\u00e9g\u00e8res&nbsp;\u00bb, d\u2019\u00ab&nbsp;association de malfaiteurs&nbsp;\u00bb et de \u00ab&nbsp;propos incitant \u00e0 la violence&nbsp;\u00bb.<\/p>\n\n\n\n<h2 class=\"wp-block-heading\">Torture et autres mauvais traitements<\/h2>\n\n\n\n<p>Ibrahima Sow (62&nbsp;ans) a \u00e9t\u00e9 arr\u00eat\u00e9 le 24&nbsp;octobre, apr\u00e8s l\u2019attaque contre le train de la compagnie Rusal (voir Homicides ill\u00e9gaux). D\u2019apr\u00e8s les autorit\u00e9s, il a \u00e9t\u00e9 test\u00e9 positif au COVID-19 pendant sa d\u00e9tention. Il se serait r\u00e9tabli mais, apr\u00e8s s\u2019\u00eatre \u00ab&nbsp;plaint d\u2019un diab\u00e8te&nbsp;\u00bb, il a \u00e9t\u00e9 hospitalis\u00e9 et est d\u00e9c\u00e9d\u00e9. Des photos des blessures qui lui ont \u00e9t\u00e9 inflig\u00e9es en d\u00e9tention incitaient fortement \u00e0 penser qu\u2019on l\u2019avait br\u00fbl\u00e9 au fer chaud ou au moyen d\u2019un objet similaire.<\/p>\n\n\n\n<h2 class=\"wp-block-heading\">Libert\u00e9 de r\u00e9union et d\u2019expression<\/h2>\n\n\n\n<p>Les autorit\u00e9s nationales et locales ont port\u00e9 atteinte au droit \u00e0 la libert\u00e9 de r\u00e9union en interdisant, sans motif l\u00e9gitime, au moins sept manifestations contre le r\u00e9f\u00e9rendum sur la r\u00e9forme de la Constitution et la candidature du pr\u00e9sident de la R\u00e9publique \u00e0 un troisi\u00e8me mandat. Des manifestations pr\u00e9vues en janvier dans les villes de Kissidougou et de Nz\u00e9r\u00e9kor\u00e9 ont \u00e9t\u00e9 interdites afin de \u00ab&nbsp;pr\u00e9server la paix&nbsp;\u00bb. En mars, des manifestations ont \u00e9galement \u00e9t\u00e9 frapp\u00e9es d\u2019interdiction \u00e0 Matoto et \u00e0 Matam en raison de la visite d\u2019une d\u00e9l\u00e9gation de la CEDEAO qui devait avoir lieu peu apr\u00e8s et des pr\u00e9paratifs de la Journ\u00e9e internationale des droits des femmes. Il en a \u00e9t\u00e9 de m\u00eame pour des manifestations qui devaient se d\u00e9rouler \u00e0 Matoto pendant la campagne \u00e9lectorale, entre septembre et octobre.<\/p>\n\n\n\n<p>Le droit \u00e0 la libert\u00e9 d\u2019expression a aussi \u00e9t\u00e9 restreint. Selon l\u2019ONG Access Now, l\u2019acc\u00e8s aux r\u00e9seaux sociaux a \u00e9t\u00e9 perturb\u00e9 pendant 36&nbsp;heures au total entre le 21 et le 23&nbsp;mars. Le 18&nbsp;octobre, la Haute autorit\u00e9 de la communication a suspendu pour un mois le site d\u2019information Guineematin.com, apr\u00e8s que celui-ci eut diffus\u00e9 en direct le d\u00e9pouillement des voix dans plusieurs bureaux de vote.<\/p>\n\n\n\n<h2 class=\"wp-block-heading\">Impunit\u00e9<\/h2>\n\n\n\n<p>Bien que les autorit\u00e9s aient promis que tous les homicides de manifestant\u00b7e\u00b7s feraient l\u2019objet d\u2019une enqu\u00eate, elles n\u2019avaient pas communiqu\u00e9 d\u2019informations officielles \u00e0 ce sujet \u00e0 la fin de l\u2019ann\u00e9e.<\/p>\n\n\n\n<p>La promesse faite en 2019 par le ministre de la Justice selon laquelle, \u00e0 l\u2019issue de l\u2019information judiciaire conclue en 2017, le proc\u00e8s des auteurs pr\u00e9sum\u00e9s du massacre perp\u00e9tr\u00e9 en septembre 2009 au stade de Conakry s\u2019ouvrirait en juin 2020, ne s\u2019\u00e9tait toujours pas concr\u00e9tis\u00e9e. Les forces de d\u00e9fense et de s\u00e9curit\u00e9 avaient alors tu\u00e9 157&nbsp;manifestant\u00b7e\u00b7s pacifiques dans le stade et viol\u00e9 au moins 100&nbsp;femmes.<\/p>\n\n\n\n<h2 class=\"wp-block-heading\">Droit \u00e0 la sant\u00e9<\/h2>\n\n\n\n<h4 class=\"wp-block-heading\">Conditions carc\u00e9rales<\/h4>\n\n\n\n<p>La sant\u00e9 des personnes d\u00e9tenues \u00e9tait particuli\u00e8rement menac\u00e9e depuis le d\u00e9but de la pand\u00e9mie de COVID-19 en raison de la surpopulation chronique et de l\u2019insuffisance des installations sanitaires et des soins m\u00e9dicaux dans les lieux de d\u00e9tention.<\/p>\n\n\n\n<p>Selon les autorit\u00e9s, en mai, 68 des 713\u00a0d\u00e9tenu\u00b7e\u00b7s soumis \u00e0 un test de d\u00e9pistage du COVID-19 \u00e0 la maison centrale de Conakry avaient obtenu un r\u00e9sultat positif. Le minist\u00e8re de la Justice a d\u00e9clar\u00e9 que ces personnes \u00e9taient prises en charge dans des unit\u00e9s de soins d\u00e9ploy\u00e9es au sein de la prison. \u00c0 la prison de Kindia, 30\u00a0tests positifs ont \u00e9t\u00e9 enregistr\u00e9s parmi les 352\u00a0d\u00e9tenu\u00b7e\u00b7s et les 25\u00a0surveillant\u00b7e\u00b7s que comptait l\u2019\u00e9tablissement. Le minist\u00e8re de la Justice a indiqu\u00e9 que les 28\u00a0d\u00e9tenu\u00b7e\u00b7s contamin\u00e9s avaient \u00e9t\u00e9 envoy\u00e9s \u00e0 la maison centrale de Conakry afin d\u2019y \u00eatre soign\u00e9s. Il s\u2019agissait de l\u2019\u00e9tablissement p\u00e9nitentiaire le plus surpeupl\u00e9 du pays, avec 1\u00a0500\u00a0d\u00e9tenu\u00b7e\u00b7s alors qu\u2019il \u00e9tait pr\u00e9vu pour n\u2019en accueillir que\u00a0300.<\/p>\n\n\n\n<p><strong>Amnesty<\/strong><\/p>\n","protected":false},"excerpt":{"rendered":"<p>Des violations des droits humains ont \u00e9t\u00e9 commises dans le contexte d\u2019une modification controvers\u00e9e de la Constitution et des r\u00e9sultats contest\u00e9s de l\u2019\u00e9lection pr\u00e9sidentielle. Des dizaines de personnes ont \u00e9t\u00e9 tu\u00e9es par des membres des forces de d\u00e9fense et de s\u00e9curit\u00e9 lors de manifestations, et les auteurs de ces homicides demeuraient impunis. Des membres de [&hellip;]<\/p>\n","protected":false},"author":2,"featured_media":19609,"comment_status":"open","ping_status":"open","sticky":false,"template":"","format":"standard","meta":{"footnotes":""},"categories":[2516],"tags":[2675,50,6592,148,1463],"class_list":["post-31957","post","type-post","status-publish","format-standard","has-post-thumbnail","hentry","category-droits-de-lhomme","tag-amnesty","tag-conakry","tag-droitd-humains","tag-guinee","tag-rapport"],"_links":{"self":[{"href":"https:\/\/www.friaguinee.net\/index.php\/wp-json\/wp\/v2\/posts\/31957","targetHints":{"allow":["GET"]}}],"collection":[{"href":"https:\/\/www.friaguinee.net\/index.php\/wp-json\/wp\/v2\/posts"}],"about":[{"href":"https:\/\/www.friaguinee.net\/index.php\/wp-json\/wp\/v2\/types\/post"}],"author":[{"embeddable":true,"href":"https:\/\/www.friaguinee.net\/index.php\/wp-json\/wp\/v2\/users\/2"}],"replies":[{"embeddable":true,"href":"https:\/\/www.friaguinee.net\/index.php\/wp-json\/wp\/v2\/comments?post=31957"}],"version-history":[{"count":1,"href":"https:\/\/www.friaguinee.net\/index.php\/wp-json\/wp\/v2\/posts\/31957\/revisions"}],"predecessor-version":[{"id":31958,"href":"https:\/\/www.friaguinee.net\/index.php\/wp-json\/wp\/v2\/posts\/31957\/revisions\/31958"}],"wp:featuredmedia":[{"embeddable":true,"href":"https:\/\/www.friaguinee.net\/index.php\/wp-json\/wp\/v2\/media\/19609"}],"wp:attachment":[{"href":"https:\/\/www.friaguinee.net\/index.php\/wp-json\/wp\/v2\/media?parent=31957"}],"wp:term":[{"taxonomy":"category","embeddable":true,"href":"https:\/\/www.friaguinee.net\/index.php\/wp-json\/wp\/v2\/categories?post=31957"},{"taxonomy":"post_tag","embeddable":true,"href":"https:\/\/www.friaguinee.net\/index.php\/wp-json\/wp\/v2\/tags?post=31957"}],"curies":[{"name":"wp","href":"https:\/\/api.w.org\/{rel}","templated":true}]}}