{"id":31928,"date":"2021-04-07T09:51:37","date_gmt":"2021-04-07T09:51:37","guid":{"rendered":"http:\/\/www.friaguinee.net\/?p=31928"},"modified":"2021-04-07T09:51:39","modified_gmt":"2021-04-07T09:51:39","slug":"djeddah-pr-koutoubou-sano-recoit-les-consuls-generaux-africains-accredites","status":"publish","type":"post","link":"https:\/\/www.friaguinee.net\/index.php\/2021\/04\/07\/djeddah-pr-koutoubou-sano-recoit-les-consuls-generaux-africains-accredites\/","title":{"rendered":"Djeddah: Pr Koutoubou Sano re\u00e7oit les consuls g\u00e9n\u00e9raux africains accr\u00e9dit\u00e9s"},"content":{"rendered":"\n<p> Les consuls g\u00e9n\u00e9raux des pays de l\u2019Union africaine accr\u00e9dit\u00e9s \u00e0 Djeddah se sont rendus, le lundi 5 Avril dernier, au si\u00e8ge de l\u2019acad\u00e9mie internationale de la jurisprudence islamique de l\u2019OCI afin d\u2019apporter leur soutien et leur f\u00e9licitation au Professeur Koutoubou Moustapha SANO pour sa nomination au poste de secr\u00e9taire g\u00e9n\u00e9ral de l\u2019acad\u00e9mie. <\/p>\n\n\n\n<figure class=\"wp-block-image\"><img loading=\"lazy\" decoding=\"async\" width=\"960\" height=\"640\" src=\"http:\/\/www.friaguinee.net\/wp-content\/uploads\/2021\/04\/FB_IMG_1617785431856.jpg\" alt=\"\" class=\"wp-image-31930\" srcset=\"https:\/\/www.friaguinee.net\/wp-content\/uploads\/2021\/04\/FB_IMG_1617785431856.jpg 960w, https:\/\/www.friaguinee.net\/wp-content\/uploads\/2021\/04\/FB_IMG_1617785431856-300x200.jpg 300w, https:\/\/www.friaguinee.net\/wp-content\/uploads\/2021\/04\/FB_IMG_1617785431856-768x512.jpg 768w, https:\/\/www.friaguinee.net\/wp-content\/uploads\/2021\/04\/FB_IMG_1617785431856-696x464.jpg 696w, https:\/\/www.friaguinee.net\/wp-content\/uploads\/2021\/04\/FB_IMG_1617785431856-630x420.jpg 630w\" sizes=\"auto, (max-width: 960px) 100vw, 960px\" \/><\/figure>\n\n\n\n<p>Les vingt-cinq repr\u00e9sentations consulaires africaines bas\u00e9es \u00e0 Djeddah, Royaume d\u2019Arabie Saoudite, ont \u00e9galement exprim\u00e9 leur satisfaction pour les grandes r\u00e9formes structurelles et conceptuelles que l\u2019acad\u00e9mie est en train de mener depuis sa nomination.<ins><\/ins><\/p>\n\n\n\n<p>En retour, le Professeur Koutoubou SANO, combl\u00e9 de joie, a remerci\u00e9 les consuls g\u00e9n\u00e9raux pour l\u2019honneur qui lui ont fait \u00e0 travers cette visite au si\u00e8ge de l\u2019acad\u00e9mie. Il a \u00e9galement promis \u00e0 ses h\u00f4tes de tout faire pour m\u00e9riter la confiance plac\u00e9e \u00e0 l\u2019Afrique par les \u00c9tats membres de l\u2019OCI \u00e0 travers sa modeste personne. Il a mis \u00e0 profit cette occasion solennelle pour annoncer l\u2019\u00e9laboration, par l\u2019acad\u00e9mie, d\u2019un plan strat\u00e9gique, assorti d\u2019indicateurs de performances pour les cinq ans \u00e0 venir.<\/p>\n\n\n\n<figure class=\"wp-block-image\"><img loading=\"lazy\" decoding=\"async\" width=\"960\" height=\"640\" src=\"http:\/\/www.friaguinee.net\/wp-content\/uploads\/2021\/04\/FB_IMG_1617785435369.jpg\" alt=\"\" class=\"wp-image-31931\" srcset=\"https:\/\/www.friaguinee.net\/wp-content\/uploads\/2021\/04\/FB_IMG_1617785435369.jpg 960w, https:\/\/www.friaguinee.net\/wp-content\/uploads\/2021\/04\/FB_IMG_1617785435369-300x200.jpg 300w, https:\/\/www.friaguinee.net\/wp-content\/uploads\/2021\/04\/FB_IMG_1617785435369-768x512.jpg 768w, https:\/\/www.friaguinee.net\/wp-content\/uploads\/2021\/04\/FB_IMG_1617785435369-696x464.jpg 696w, https:\/\/www.friaguinee.net\/wp-content\/uploads\/2021\/04\/FB_IMG_1617785435369-630x420.jpg 630w\" sizes=\"auto, (max-width: 960px) 100vw, 960px\" \/><\/figure>\n\n\n\n<p>\n\nD\u2019apr\u00e8s le Professeur Koutoubou SANO ce plan permettra \u00e0 l\u2019acad\u00e9mie de clarifier, avec pond\u00e9ration et mod\u00e9ration, les dispositions de la religion musulmane relatives aux d\u00e9fis et th\u00e9matiques contemporains et d\u2019apporter des solutions appropri\u00e9es aux enjeux dont la Oummah islamique et les communaut\u00e9s musulmanes \u00e0 travers le monde font face.\n\n<\/p>\n\n\n\n<p><\/p>\n","protected":false},"excerpt":{"rendered":"<p>Les consuls g\u00e9n\u00e9raux des pays de l\u2019Union africaine accr\u00e9dit\u00e9s \u00e0 Djeddah se sont rendus, le lundi 5 Avril dernier, au si\u00e8ge de l\u2019acad\u00e9mie internationale de la jurisprudence islamique de l\u2019OCI afin d\u2019apporter leur soutien et leur f\u00e9licitation au Professeur Koutoubou Moustapha SANO pour sa nomination au poste de secr\u00e9taire g\u00e9n\u00e9ral de l\u2019acad\u00e9mie. Les vingt-cinq repr\u00e9sentations [&hellip;]<\/p>\n","protected":false},"author":3,"featured_media":31929,"comment_status":"open","ping_status":"open","sticky":false,"template":"","format":"standard","meta":{"footnotes":""},"categories":[2],"tags":[6587,2775,6588],"class_list":["post-31928","post","type-post","status-publish","format-standard","has-post-thumbnail","hentry","category-actualites","tag-djeddad","tag-koutoubou-sano","tag-visite-des-consul-generaux"],"_links":{"self":[{"href":"https:\/\/www.friaguinee.net\/index.php\/wp-json\/wp\/v2\/posts\/31928","targetHints":{"allow":["GET"]}}],"collection":[{"href":"https:\/\/www.friaguinee.net\/index.php\/wp-json\/wp\/v2\/posts"}],"about":[{"href":"https:\/\/www.friaguinee.net\/index.php\/wp-json\/wp\/v2\/types\/post"}],"author":[{"embeddable":true,"href":"https:\/\/www.friaguinee.net\/index.php\/wp-json\/wp\/v2\/users\/3"}],"replies":[{"embeddable":true,"href":"https:\/\/www.friaguinee.net\/index.php\/wp-json\/wp\/v2\/comments?post=31928"}],"version-history":[{"count":1,"href":"https:\/\/www.friaguinee.net\/index.php\/wp-json\/wp\/v2\/posts\/31928\/revisions"}],"predecessor-version":[{"id":31932,"href":"https:\/\/www.friaguinee.net\/index.php\/wp-json\/wp\/v2\/posts\/31928\/revisions\/31932"}],"wp:featuredmedia":[{"embeddable":true,"href":"https:\/\/www.friaguinee.net\/index.php\/wp-json\/wp\/v2\/media\/31929"}],"wp:attachment":[{"href":"https:\/\/www.friaguinee.net\/index.php\/wp-json\/wp\/v2\/media?parent=31928"}],"wp:term":[{"taxonomy":"category","embeddable":true,"href":"https:\/\/www.friaguinee.net\/index.php\/wp-json\/wp\/v2\/categories?post=31928"},{"taxonomy":"post_tag","embeddable":true,"href":"https:\/\/www.friaguinee.net\/index.php\/wp-json\/wp\/v2\/tags?post=31928"}],"curies":[{"name":"wp","href":"https:\/\/api.w.org\/{rel}","templated":true}]}}