{"id":31924,"date":"2021-04-07T09:32:41","date_gmt":"2021-04-07T09:32:41","guid":{"rendered":"http:\/\/www.friaguinee.net\/?p=31924"},"modified":"2021-04-07T09:32:42","modified_gmt":"2021-04-07T09:32:42","slug":"carte-de-presse-professionnelle-il-y-a-des-journalistes-qui-auront-leurs-cartes-et-dautres-qui-ne-lauront-pas-boubacar-yacine-diallo-president-de-la-hac","status":"publish","type":"post","link":"https:\/\/www.friaguinee.net\/index.php\/2021\/04\/07\/carte-de-presse-professionnelle-il-y-a-des-journalistes-qui-auront-leurs-cartes-et-dautres-qui-ne-lauront-pas-boubacar-yacine-diallo-president-de-la-hac\/","title":{"rendered":"Carte de presse professionnelle : \u00abIl y a des journalistes qui auront leurs cartes et d\u2019autres qui ne l\u2019auront pas\u00bb ( Boubacar Yacine Diallo, Pr\u00e9sident de la HAC)"},"content":{"rendered":"\n<p>La commission de d\u00e9livrance de la carte professionnelle des journalistes par la HAC (Haute autorit\u00e9 de la communication), s\u2019active pour respecter le chronogramme qu\u2019elle s\u2019est assign\u00e9e pour la remise des premi\u00e8res cartes le 03 mai 2021 \u00e0 l\u2019occasion de la journ\u00e9e mondiale de libert\u00e9 de la presse comme promis par le pr\u00e9sident de l\u2019institution. Lors d\u2019une c\u00e9r\u00e9monie qui s\u2019est tenue au si\u00e8ge de la HAC, Yacine Diallo a tenu \u00e0 rappeler que la commission a d\u00e9tect\u00e9 beaucoup de faux dossiers qui seront rejet\u00e9s car cette op\u00e9ration vise \u00e0 assainir le milieu de la presse, infiltr\u00e9s par des mercenaires.\u00a0<\/p>\n\n\n\n<p><strong><em>\u00abD\u2019apr\u00e8s ce qu\u2019on me dit, il y a encore beaucoup de faux dossiers qui ont b\u00e9n\u00e9fici\u00e9 de complicit\u00e9 et leurs auteurs ont \u00e9t\u00e9 enr\u00f4l\u00e9s. Il a \u00e9t\u00e9 souvent dit et r\u00e9p\u00e9t\u00e9 qu\u2019enr\u00f4ler ne signifie pas qu\u2019on a d\u00e9j\u00e0 la carte. Nous sommes en train d\u2019assainir la profession, parce qu\u2019elle a \u00e9t\u00e9 infiltr\u00e9e et l\u2019arme que la loi nous a donn\u00e9e, c\u2019est la carte professionnelle du journaliste. La commission travaille d\u2019arrache-pied pour regarder les dossiers qui ont \u00e9t\u00e9 enr\u00f4l\u00e9s. Il y a des journalistes qui auront leurs cartes et d\u2019autres qui ne l\u2019auront pas. Ceux qui ne l\u2019auront pas, c\u2019est qu\u2019on ne leur reconnait pas la qualit\u00e9 du journaliste et \u00e7a aussi il faut qu\u2019on accepte que la Guin\u00e9e s\u2019aligne sur des bons exemples\u00bb<\/em><\/strong>, a d\u00e9clar\u00e9 Boubacar Yacine Diallo.<\/p>\n\n\n\n<p>Plus loin le pr\u00e9sidant de l\u2019institution a rappel\u00e9 une fois encore que cette op\u00e9ration ne concerne que les journalistes et non les organes de presse . <\/p>\n\n\n\n<p>\u00a0<strong><em>\u00ab L\u2019op\u00e9ration d\u2019assainissement qui est en cours ne concerne que des journalistes. Donc cette op\u00e9ration ne vise pas les organes de presse, que ces organes aient de si\u00e8ge ou pas, sauf que nous avons demand\u00e9 que l\u2019enr\u00f4lement se fasse au si\u00e8ge des organes et il se trouve qu\u2019il y a des organes qui n\u2019ont pas de si\u00e8ge. Et nous ne g\u00e9rons pas ce ph\u00e9nom\u00e8ne-l\u00e0 <\/em><\/strong><em>\u00bb <\/em>a ajout\u00e9 le Pr\u00e9sident de la HAC.<\/p>\n\n\n\n<p>Aux dires du pr\u00e9sident de la HAC (Haute Autorit\u00e9 de la Communication), son \u00e9quipe est d\u00e9termin\u00e9e \u00e0 atteindre l&rsquo;objectif qui lui est assign\u00e9.<\/p>\n\n\n\n<p><strong>Mohamed pour<\/strong> <strong>Friaguinee.net<\/strong><\/p>\n","protected":false},"excerpt":{"rendered":"<p>La commission de d\u00e9livrance de la carte professionnelle des journalistes par la HAC (Haute autorit\u00e9 de la communication), s\u2019active pour respecter le chronogramme qu\u2019elle s\u2019est assign\u00e9e pour la remise des premi\u00e8res cartes le 03 mai 2021 \u00e0 l\u2019occasion de la journ\u00e9e mondiale de libert\u00e9 de la presse comme promis par le pr\u00e9sident de l\u2019institution. Lors [&hellip;]<\/p>\n","protected":false},"author":3,"featured_media":28452,"comment_status":"open","ping_status":"open","sticky":false,"template":"","format":"standard","meta":{"footnotes":""},"categories":[3990],"tags":[3396,5900,148,1161,641],"class_list":["post-31924","post","type-post","status-publish","format-standard","has-post-thumbnail","hentry","category-medias","tag-boubacar-yacine-diallo","tag-carte-de-presse","tag-guinee","tag-hac","tag-medias"],"_links":{"self":[{"href":"https:\/\/www.friaguinee.net\/index.php\/wp-json\/wp\/v2\/posts\/31924","targetHints":{"allow":["GET"]}}],"collection":[{"href":"https:\/\/www.friaguinee.net\/index.php\/wp-json\/wp\/v2\/posts"}],"about":[{"href":"https:\/\/www.friaguinee.net\/index.php\/wp-json\/wp\/v2\/types\/post"}],"author":[{"embeddable":true,"href":"https:\/\/www.friaguinee.net\/index.php\/wp-json\/wp\/v2\/users\/3"}],"replies":[{"embeddable":true,"href":"https:\/\/www.friaguinee.net\/index.php\/wp-json\/wp\/v2\/comments?post=31924"}],"version-history":[{"count":3,"href":"https:\/\/www.friaguinee.net\/index.php\/wp-json\/wp\/v2\/posts\/31924\/revisions"}],"predecessor-version":[{"id":31927,"href":"https:\/\/www.friaguinee.net\/index.php\/wp-json\/wp\/v2\/posts\/31924\/revisions\/31927"}],"wp:featuredmedia":[{"embeddable":true,"href":"https:\/\/www.friaguinee.net\/index.php\/wp-json\/wp\/v2\/media\/28452"}],"wp:attachment":[{"href":"https:\/\/www.friaguinee.net\/index.php\/wp-json\/wp\/v2\/media?parent=31924"}],"wp:term":[{"taxonomy":"category","embeddable":true,"href":"https:\/\/www.friaguinee.net\/index.php\/wp-json\/wp\/v2\/categories?post=31924"},{"taxonomy":"post_tag","embeddable":true,"href":"https:\/\/www.friaguinee.net\/index.php\/wp-json\/wp\/v2\/tags?post=31924"}],"curies":[{"name":"wp","href":"https:\/\/api.w.org\/{rel}","templated":true}]}}