{"id":31851,"date":"2021-04-06T12:27:59","date_gmt":"2021-04-06T12:27:59","guid":{"rendered":"http:\/\/www.friaguinee.net\/?p=31851"},"modified":"2021-04-06T12:28:00","modified_gmt":"2021-04-06T12:28:00","slug":"nigeria-une-prison-de-letat-dimo-attaquee-plus-de-1-800-detenus-en-fuite","status":"publish","type":"post","link":"https:\/\/www.friaguinee.net\/index.php\/2021\/04\/06\/nigeria-une-prison-de-letat-dimo-attaquee-plus-de-1-800-detenus-en-fuite\/","title":{"rendered":"Nigeria:   une prison de l\u2019Etat d\u2019Imo, attaqu\u00e9e, plus de 1.800 d\u00e9tenus en fuite"},"content":{"rendered":"\n<p>Plus de 1.800 d\u00e9tenus se sont \u00e9chapp\u00e9s lundi d\u2019une prison de l\u2019Etat d\u2019Imo, dans le sud-est du Nigeria, apr\u00e8s une attaque perp\u00e9tr\u00e9e par \u201cdes hommes arm\u00e9s\u201d, ont d\u00e9clar\u00e9 les services p\u00e9nitentiaires nig\u00e9rians.&nbsp;<\/p>\n\n\n\n<p>\u201cLa prison d\u2019Owerri (\u2026) a \u00e9t\u00e9 attaqu\u00e9e vers 02H15 du matin lundi par des hommes arm\u00e9s non-identifi\u00e9s qui ont lib\u00e9r\u00e9 de force 1.844 d\u00e9tenus\u201d, a indiqu\u00e9 dans un communiqu\u00e9 le porte-parole des services p\u00e9nitentiaires nig\u00e9rians, Francis Enobore.&nbsp;<ins><\/ins><\/p>\n\n\n\n<p>\u201cDes t\u00e9moins ont racont\u00e9 avoir vu un nombre important d\u2019hommes arm\u00e9s \u00e0 bord de pick-ups (\u2026), ils ont aussit\u00f4t attaqu\u00e9 le personnel de la prison avant de faire exploser la porte principale\u201d, explique ce communiqu\u00e9.<\/p>\n\n\n\n<p>De son c\u00f4t\u00e9, le charg\u00e9 de communication des prisons de l\u2019Etat d\u2019Imo, James Madugba, a confirm\u00e9 l\u2019attaque et affirm\u00e9 que la \u201csituation est sous contr\u00f4le\u201d, invitant les habitants \u00e0 \u201ccontinuer \u00e0 vaquer \u00e0 leurs affaires\u201d.&nbsp;<\/p>\n\n\n\n<p>L\u2019Etat voisin d\u2019Abia a mis en place un couvre-feu de 22H00 \u00e0 06H00 du matin suite \u00e0 cette attaque, la plus importante contre une prison dans l\u2019histoire r\u00e9cente du pays.<\/p>\n\n\n\n<p>Le pr\u00e9sident Muhammadu Buhari a condamn\u00e9 cette attaque qualifiant ses auteurs de \u201cterroristes\u201d et \u201cd\u2019anarchistes\u201d, sans toutefois nommer l\u2019IPOB (The Indigenous People of Biafra), le groupe ind\u00e9pendantiste du Biafra, o\u00f9 se trouve l\u2019Etat d\u2019Imo.&nbsp;<ins><\/ins><\/p>\n\n\n\n<p>Le mouvement de l\u2019IPOB affiche toujours des vell\u00e9it\u00e9s s\u00e9paratistes et a r\u00e9cemment montr\u00e9 des vid\u00e9os tr\u00e8s impressionnantes d\u2019une nouvelle milice (baptis\u00e9e \u201cR\u00e9seau s\u00e9curitaire de l\u2019Est\u201d, ESN), dans lesquelles on peut voir des dizaines, voire des centaines de combattants \u00e0 l\u2019entra\u00eenement.&nbsp;<\/p>\n\n\n\n<p>Fin janvier des violences avaient \u00e9clat\u00e9 entre l\u2019arm\u00e9e et des communaut\u00e9s locales, faisant au moins un mort.&nbsp;<\/p>\n\n\n\n<p>Les tensions restent fortes entre les groupes ind\u00e9pendantistes biafrais et le pouvoir central, 50 ans apr\u00e8s la terrible guerre civile (1967-1970) qui a fait pr\u00e8s d\u2019un million de morts, en majorit\u00e9 issus de l\u2019ethnie igbo.<\/p>\n\n\n\n<p>N\u00e9anmoins, le porte-parole du groupe, Emma Powerful, a r\u00e9fut\u00e9 tout lien avec cette derni\u00e8re attaque, dans un communiqu\u00e9 envoy\u00e9 \u00e0 l\u2019AFP, qualifiant toute information les accusant de \u201cmensong\u00e8res\u201d et \u201cfallacieuses\u201d.&nbsp;<\/p>\n\n\n\n<p>Le syst\u00e8me judiciaire nig\u00e9rian est particuli\u00e8rement corrompu et lent, et plus de 70% des d\u00e9tenus n\u2019ont jamais eu de proc\u00e8s. Des dizaines de milliers d\u2019entre eux croupissent, oubli\u00e9s, derri\u00e8re les barreaux des prisons \u00e0 travers le pays.&nbsp;<\/p>\n\n\n\n<p>En octobre dernier, lors des manifestations contre les violences polici\u00e8res qui avaient d\u00e9g\u00e9n\u00e9r\u00e9 en \u00e9meutes, plusieurs prisons de l\u2019Etat de Lagos avaient \u00e9t\u00e9 attaqu\u00e9es mais aucun d\u00e9tenu n\u2019avait r\u00e9ussi \u00e0 s\u2019enfuir, selon les autorit\u00e9s.&nbsp;<\/p>\n\n\n\n<p>Afp<\/p>\n","protected":false},"excerpt":{"rendered":"<p>Plus de 1.800 d\u00e9tenus se sont \u00e9chapp\u00e9s lundi d\u2019une prison de l\u2019Etat d\u2019Imo, dans le sud-est du Nigeria, apr\u00e8s une attaque perp\u00e9tr\u00e9e par \u201cdes hommes arm\u00e9s\u201d, ont d\u00e9clar\u00e9 les services p\u00e9nitentiaires nig\u00e9rians.&nbsp; \u201cLa prison d\u2019Owerri (\u2026) a \u00e9t\u00e9 attaqu\u00e9e vers 02H15 du matin lundi par des hommes arm\u00e9s non-identifi\u00e9s qui ont lib\u00e9r\u00e9 de force 1.844 [&hellip;]<\/p>\n","protected":false},"author":3,"featured_media":31853,"comment_status":"open","ping_status":"open","sticky":false,"template":"","format":"standard","meta":{"footnotes":""},"categories":[2],"tags":[985,6569,6568],"class_list":["post-31851","post","type-post","status-publish","format-standard","has-post-thumbnail","hentry","category-actualites","tag-nigeria","tag-plus-de-1800-detenus-en-fuite","tag-prison-attaquee"],"_links":{"self":[{"href":"https:\/\/www.friaguinee.net\/index.php\/wp-json\/wp\/v2\/posts\/31851","targetHints":{"allow":["GET"]}}],"collection":[{"href":"https:\/\/www.friaguinee.net\/index.php\/wp-json\/wp\/v2\/posts"}],"about":[{"href":"https:\/\/www.friaguinee.net\/index.php\/wp-json\/wp\/v2\/types\/post"}],"author":[{"embeddable":true,"href":"https:\/\/www.friaguinee.net\/index.php\/wp-json\/wp\/v2\/users\/3"}],"replies":[{"embeddable":true,"href":"https:\/\/www.friaguinee.net\/index.php\/wp-json\/wp\/v2\/comments?post=31851"}],"version-history":[{"count":1,"href":"https:\/\/www.friaguinee.net\/index.php\/wp-json\/wp\/v2\/posts\/31851\/revisions"}],"predecessor-version":[{"id":31852,"href":"https:\/\/www.friaguinee.net\/index.php\/wp-json\/wp\/v2\/posts\/31851\/revisions\/31852"}],"wp:featuredmedia":[{"embeddable":true,"href":"https:\/\/www.friaguinee.net\/index.php\/wp-json\/wp\/v2\/media\/31853"}],"wp:attachment":[{"href":"https:\/\/www.friaguinee.net\/index.php\/wp-json\/wp\/v2\/media?parent=31851"}],"wp:term":[{"taxonomy":"category","embeddable":true,"href":"https:\/\/www.friaguinee.net\/index.php\/wp-json\/wp\/v2\/categories?post=31851"},{"taxonomy":"post_tag","embeddable":true,"href":"https:\/\/www.friaguinee.net\/index.php\/wp-json\/wp\/v2\/tags?post=31851"}],"curies":[{"name":"wp","href":"https:\/\/api.w.org\/{rel}","templated":true}]}}