{"id":31613,"date":"2021-03-31T21:12:05","date_gmt":"2021-03-31T21:12:05","guid":{"rendered":"http:\/\/www.friaguinee.net\/?p=31613"},"modified":"2021-03-31T21:12:07","modified_gmt":"2021-03-31T21:12:07","slug":"securite-et-sante-au-travail-6300-deces-par-jour-mfp-ma","status":"publish","type":"post","link":"https:\/\/www.friaguinee.net\/index.php\/2021\/03\/31\/securite-et-sante-au-travail-6300-deces-par-jour-mfp-ma\/","title":{"rendered":"S\u00e9curit\u00e9 et sant\u00e9 au travail : 6300 d\u00e9c\u00e8s par jour (MFP-MA)"},"content":{"rendered":"\n<p>A l\u2019occasion du mois d\u2019Avril d\u00e9di\u00e9 chaque ann\u00e9e \u00e0 la s\u00e9curit\u00e9 et \u00e0 la sant\u00e9 au travail, permettez-moi au nom de Son Excellence Monsieur le Pr\u00e9sident de la R\u00e9publique, Chef de l\u2019\u00c9tat le Professeur Alpha Cond\u00e9, du Premier Ministre Dr Ibrahima Kassory Fofana et de tout le Gouvernement, de rendre hommage \u00e0 ensemble des courageux professionnels de s\u00e9curit\u00e9 et sante au travail qui risquent leur vie pour sauver d\u2019autres pendant cette pand\u00e9mie mondiale de COVID-19. Les travailleurs de tous \u00e2ges ont droit \u00e0 des conditions de travail sures et saines. Ce message fort guide les activit\u00e9s de pr\u00e9vention des gouvernements, des employeurs, des travailleurs, et des institutions de s\u00e9curit\u00e9 sociale depuis de nombreuses d\u00e9cennies dans le monde entier,<\/p>\n\n\n\n<p>Mesdames et Messieurs<\/p>\n\n\n\n<p>Selon les chiffres du BIT, un travailleur succombe toutes les quinze secondes \u00e0 une maladie professionnelle ou apr\u00e8s un accident du travail, Cela repr\u00e9sente 6300 d\u00e9c\u00e8s par jour et 2,3 millions par an. En outre, chaque ann\u00e9e plus de 315 millions de travailleurs ont un accident du<br>Travail non mortel, c\u2019est-a-dire que 860 000 personnes se blessent chaque jour en travaillant. En plus de l\u2019\u00e9norme coup humain, le manque de s\u00e9curit\u00e9 et sant\u00e9 au travail a des cons\u00e9quences non n\u00e9gligeables sur le plan \u00e9conomique&nbsp;: 4% du PIB mondial seraient perdus chaque ann\u00e9e pour couvrir le temps de travail perdu, les interruptions de production et les frais de traitement, de r\u00e9adaptation et d\u2019indemnisation occasionn\u00e9s par les l\u00e9sions et maladies professionnelles. Nous devons prendre des mesures d\u2019urgence pour renforcer notre action et redoubler d\u2019efforts pour cr\u00e9er des lieux de travail surs et Sains pour tous les travailleurs.<\/p>\n\n\n\n<p>Mesdames et Messieurs<\/p>\n\n\n\n<p>Jusqu\u2019a pr\u00e9sent, la s\u00e9curit\u00e9 et la sante au travail se limitaient principalement aux aspects purement professionnels sur le lieu de travail. Mais dans le contexte de cette pand\u00e9mie, la pr\u00e9vention des risques professionnels ne portera ses fruits que si chacun prend ses responsabilit\u00e9s, non seulement pour sa propre vie, mais aussi pour celle des autres. Seul un effort de pr\u00e9vention commun pourra garantir la sant\u00e9 et la s\u00e9curit\u00e9 d\u2019un travailleur. C\u2019est un principe de solidarit\u00e9, et donc aussi une question de s\u00e9curit\u00e9 sociale. Les r\u00e9gimes de s\u00e9curit\u00e9 sociale jouent un r\u00f4le crucial dans l \u2018att\u00e9nuation de l\u2019impact de cette crise sur les march\u00e9s du travail et sur la sant\u00e9 des travailleurs. Les assurances maladies et les assurances couvrant le risque d\u2019accidents du travail sont pr\u00e9sentes pour fournir le filet de s\u00e9curit\u00e9 dont la soci\u00e9t\u00e9 a besoin.<\/p>\n\n\n\n<p>Mesdames et Messieurs<\/p>\n\n\n\n<p>En d\u00e9pit des efforts constants d\u00e9ploy\u00e9s par le gouvernement et par les partenaires sociaux, employeurs et travailleurs, le d\u00e9fi de cr\u00e9er des lieux de travail surs et sains pour tous demeure immense. Le gouvernement est conscient de l\u2019immense d\u00e9fi que repr\u00e9sente pour la soci\u00e9t\u00e9 guin\u00e9enne la promotion de la s\u00e9curit\u00e9 et sant\u00e9 pendant cette pand\u00e9mie de COVID-19. Il est en effet essentiel de veiller \u00e0 ce que les lieux de travail soient sains et sur pour contenir la propagation du virus et prot\u00e9ger la sant\u00e9 des travailleurs. Nous sommes solidaires de chaque travailleur, chaque employeur et chaque institution de s\u00e9curit\u00e9 sociale, et nous mettons gratuitement \u00e0 disposition nos ressources de pr\u00e9vention pour soutenir le retour \u00e0 une vie professionnelle saine et s\u00fbre. Je souhaite \u00e0 l\u2019ensemble des partenaires sociaux, aux professionnels de la s\u00e9curit\u00e9 et sant\u00e9 au travail et \u00e0 tous les acteurs de la s\u00e9curit\u00e9 et sant\u00e9 au travail un fructueux mois de la pr\u00e9vention des risques professionnels riche en innovation et permettant, \u00e0 une large \u00e9chelle, de partager les bonnes pratiques.<\/p>\n\n\n\n<p>Je vous remercie<\/p>\n\n\n\n<p>Mamadou Ballo<\/p>\n\n\n\n<p>Ministre de la fonction publique <\/p>\n","protected":false},"excerpt":{"rendered":"<p>A l\u2019occasion du mois d\u2019Avril d\u00e9di\u00e9 chaque ann\u00e9e \u00e0 la s\u00e9curit\u00e9 et \u00e0 la sant\u00e9 au travail, permettez-moi au nom de Son Excellence Monsieur le Pr\u00e9sident de la R\u00e9publique, Chef de l\u2019\u00c9tat le Professeur Alpha Cond\u00e9, du Premier Ministre Dr Ibrahima Kassory Fofana et de tout le Gouvernement, de rendre hommage \u00e0 ensemble des courageux [&hellip;]<\/p>\n","protected":false},"author":2,"featured_media":31615,"comment_status":"open","ping_status":"open","sticky":false,"template":"","format":"standard","meta":{"footnotes":""},"categories":[2],"tags":[5726,6525,751,1350,436],"class_list":["post-31613","post","type-post","status-publish","format-standard","has-post-thumbnail","hentry","category-actualites","tag-mamadou-ballo","tag-ministre-de-la-fonction-publique","tag-sante","tag-securite","tag-travail"],"_links":{"self":[{"href":"https:\/\/www.friaguinee.net\/index.php\/wp-json\/wp\/v2\/posts\/31613","targetHints":{"allow":["GET"]}}],"collection":[{"href":"https:\/\/www.friaguinee.net\/index.php\/wp-json\/wp\/v2\/posts"}],"about":[{"href":"https:\/\/www.friaguinee.net\/index.php\/wp-json\/wp\/v2\/types\/post"}],"author":[{"embeddable":true,"href":"https:\/\/www.friaguinee.net\/index.php\/wp-json\/wp\/v2\/users\/2"}],"replies":[{"embeddable":true,"href":"https:\/\/www.friaguinee.net\/index.php\/wp-json\/wp\/v2\/comments?post=31613"}],"version-history":[{"count":1,"href":"https:\/\/www.friaguinee.net\/index.php\/wp-json\/wp\/v2\/posts\/31613\/revisions"}],"predecessor-version":[{"id":31614,"href":"https:\/\/www.friaguinee.net\/index.php\/wp-json\/wp\/v2\/posts\/31613\/revisions\/31614"}],"wp:featuredmedia":[{"embeddable":true,"href":"https:\/\/www.friaguinee.net\/index.php\/wp-json\/wp\/v2\/media\/31615"}],"wp:attachment":[{"href":"https:\/\/www.friaguinee.net\/index.php\/wp-json\/wp\/v2\/media?parent=31613"}],"wp:term":[{"taxonomy":"category","embeddable":true,"href":"https:\/\/www.friaguinee.net\/index.php\/wp-json\/wp\/v2\/categories?post=31613"},{"taxonomy":"post_tag","embeddable":true,"href":"https:\/\/www.friaguinee.net\/index.php\/wp-json\/wp\/v2\/tags?post=31613"}],"curies":[{"name":"wp","href":"https:\/\/api.w.org\/{rel}","templated":true}]}}