{"id":31565,"date":"2021-03-31T07:35:21","date_gmt":"2021-03-31T07:35:21","guid":{"rendered":"http:\/\/www.friaguinee.net\/?p=31565"},"modified":"2021-03-31T07:36:41","modified_gmt":"2021-03-31T07:36:41","slug":"sierra-leone-parlement-de-la-cedeao-amadou-damaro-invite-les-etats-a-partager-la-prosperite","status":"publish","type":"post","link":"https:\/\/www.friaguinee.net\/index.php\/2021\/03\/31\/sierra-leone-parlement-de-la-cedeao-amadou-damaro-invite-les-etats-a-partager-la-prosperite\/","title":{"rendered":"Sierra L\u00e9one\/Parlement de la CEDEAO : Amadou Damaro invite les Etats \u00e0 partager la prosp\u00e9rit\u00e9"},"content":{"rendered":"\n<p> Depuis le 29 mars 2021, Freetown la capitale de la Sierra L\u00e9one abrite  la premi\u00e8re session extraordinaire du parlement de la CEDEAO. <\/p>\n\n\n\n<p><strong>Du haut de cette tribune, le Pr\u00e9sident de l&rsquo;Assembl\u00e9e Nationale guin\u00e9enne, Amadou Damaro Camara a tenu un discours que friaguinee.net vous invite \u00e0 lire ci-dessous <\/strong><\/p>\n\n\n\n<p>L\u2019honneur m\u2019\u00e9choit de prendre la parole du haut de cette tribune au nom de l\u2019ensemble des d\u00e9put\u00e9s et en mon nom propre pour exprimer la satisfaction qu\u2019\u00e9prouve l\u2019Assembl\u00e9e nationale de la R\u00e9publique de Guin\u00e9e d\u2019\u00eatre associ\u00e9e en ce jour \u00e0 cette c\u00e9r\u00e9monie qui marque l\u2019ouverture de la Premi\u00e8re session extraordinaire de l\u2019ann\u00e9e 2021 de la cinqui\u00e8me l\u00e9gislature du parlement de la CEDEAO. Cet honneur traduit tout aussi \u00e0 sa juste valeur l\u2019excellence des liens de coop\u00e9ration et d\u2019amiti\u00e9 entre les peuples guin\u00e9en et sierra-l\u00e9onais qui ont en partage plusieurs si\u00e8cles d\u2019histoire commune. Car, par-del\u00e0 leurs institutions parlementaires, ces peuples ont su graver dans le marbre une amiti\u00e9 qui r\u00e9siste au temps.<\/p>\n\n\n\n<p>Mes hommages ainsi que mes salutations s\u2019adressent \u00e0 Son Excellence G\u00e9n\u00e9ral Maada BIO, Pr\u00e9sident de la R\u00e9publique de Sierra-L\u00e9one, \u00e0 qui je transmets les amiti\u00e9s renouvel\u00e9es du peuple guin\u00e9en et celles en particulier de son fr\u00e8re, Professeur Alpha CONDE, Pr\u00e9sident de la R\u00e9publique de Guin\u00e9e. Mes hommages vont \u00e9galement au gouvernement et au peuple l\u00e9onais pour l\u2019accueil chaleureux dont moi et les membres de ma d\u00e9l\u00e9gation avons b\u00e9n\u00e9fici\u00e9 depuis que nous avons foul\u00e9 le sol de ce pays fr\u00e8re.<ins><\/ins><\/p>\n\n\n\n<p><strong>Excellence Monsieur le Pr\u00e9sident du Parlement de la CEDEAO&nbsp;;<\/strong><\/p>\n\n\n\n<p>Les p\u00e8res fondateurs du Parlement de la CEDEAO en posant les fondations qui ont abouti \u00e0 la cr\u00e9ation de ce parlement communautaire visaient certes une int\u00e9gration au plan de la diplomatie parlementaire en rapprochant davantage nos peuples et surtout un \u00e9change d\u2019exp\u00e9riences parlementaires \u00e0 l\u2019\u00e9chelle de la sous-r\u00e9gion ouest-africaine. Aujourd\u2019hui, force est de constater que notre maison commune joue un r\u00f4le pr\u00e9pond\u00e9rant consistant \u00e0 f\u00e9d\u00e9rer et \u00e0 mutualiser les efforts de coop\u00e9ration parlementaire. Cette volont\u00e9 est brillamment manifest\u00e9e par vous, Excellence Monsieur le Pr\u00e9sident. Votre implication personnelle dans le processus de r\u00e9ouverture des fronti\u00e8res entre nos deux pays en est la preuve. Je suis s\u00fbr que les parlementaires avaient \u00e9t\u00e9 au centre de ce processus.<\/p>\n\n\n\n<p>En effet, en d\u00e9pit de la grave crise sanitaire \u00e0 laquelle est confront\u00e9e l\u2019humanit\u00e9 et son corollaire de r\u00e9duction des activit\u00e9s \u00e0 plusieurs niveaux et&nbsp;les difficult\u00e9s de circulation des personnes et de leurs biens, vous avez cru devoir honorer, le 05 octobre 2020, l\u2019ouverture de la premi\u00e8re session ordinaire unique de la neuvi\u00e8me l\u00e9gislature de l\u2019Assembl\u00e9e nationale de la R\u00e9publique de Guin\u00e9e, accompagn\u00e9 par une importante d\u00e9l\u00e9gation de parlementaires provenant de plusieurs pays de la sous-r\u00e9gion.<\/p>\n\n\n\n<p>Les d\u00e9put\u00e9s guin\u00e9ens, par ma voix, vous traduisent leur gratitude pour avoir rehauss\u00e9 de votre pr\u00e9sence cette c\u00e9r\u00e9monie d\u2019ouverture et pour la marque de sympathie que leur a ainsi t\u00e9moign\u00e9 le Parlement de la CEDEAO \u00e0 travers vous. Je note au passage que c\u2019\u00e9tait une premi\u00e8re dans l\u2019histoire du Parlement guin\u00e9en que le Pr\u00e9sident du Parlement de la CEDEAO assiste \u00e0 l\u2019ouverture de l\u2019une de ses sessions. Ceci est sans ambigu\u00eft\u00e9, l\u2019expression \u00e9loquente de votre engagement \u00e0 r\u00e9ussir cette cinqui\u00e8me l\u00e9gislature de notre parlement communautaire. Aussi, voulons-nous, \u00e0 notre tour, vous accompagner \u00e0 obtenir les r\u00e9sultats escompt\u00e9s.<\/p>\n\n\n\n<p><strong>Excellence Monsieur le Pr\u00e9sident du Parlement de la CEDEAO&nbsp;;<\/strong><\/p>\n\n\n\n<p><strong>Honorables d\u00e9put\u00e9s,<\/strong><\/p>\n\n\n\n<p>De novembre 2000, date de sa cr\u00e9ation \u00e0 ce jour du printemps de 2021, le Parlement de la CEDEAO s\u2019est inscrit r\u00e9solument sur la voie de l\u2019int\u00e9gration communautaire. A travers ses diff\u00e9rents repr\u00e9sentants, nous souhaitons chacun de nous, traduire les aspirations de nos peuples en l\u00e9gislations concr\u00e8tes et ambitieuses.<\/p>\n\n\n\n<p>Je voudrais donc \u00e0 cet instant pr\u00e9cis pr\u00e9senter mes sinc\u00e8res condol\u00e9ances \u00e0 toutes les familles \u00e9plor\u00e9es par la perte d\u2019un proche due \u00e0 l\u2019\u00e9pid\u00e9mie de COVID-19 et exprimer mes sinc\u00e8res v\u0153ux de prompt r\u00e9tablissement \u00e0 toutes celles et ceux qui sont malades. Mes pens\u00e9es pieuses vont vers le corps m\u00e9dical que nous remercions au passage pour les nombreux sacrifices consentis. Qu\u2019il en soit vivement remerci\u00e9&nbsp;!<\/p>\n\n\n\n<p><strong>Excellence Monsieur le Pr\u00e9sident du Parlement de la CEDEAO&nbsp;;<\/strong><\/p>\n\n\n\n<p><strong>Chers coll\u00e8gues d\u00e9put\u00e9s,<\/strong><\/p>\n\n\n\n<p>Au moment o\u00f9 s\u2019ouvre la pr\u00e9sente session extraordinaire de notre parlement communautaire, je tiens \u00e0 souligner que notre sous-r\u00e9gion fait face \u00e0 de nombreux d\u00e9fis. Les parlementaires que nous sommes avons la lourde charge de l\u00e9gif\u00e9rer pour que nos mandants tirent profit des \u00e9normes atouts que Dieu nous a dot\u00e9s dans cette partie de l\u2019Afrique. La richesse produite \u00e0 travers les ressources naturelles de notre sous-sol doit \u00eatre redistribu\u00e9e de fa\u00e7on \u00e9quitable \u00e0 toutes les composantes de nos populations. La prosp\u00e9rit\u00e9 se doit d\u2019\u00eatre partag\u00e9e.<\/p>\n\n\n\n<p>Les d\u00e9fis auxquels nous sommes confront\u00e9s sont nombreux et de plusieurs ordres. Toutefois, ils ne sont pas insurmontables. Il faut donc s\u2019armer de beaucoup de courage et de d\u00e9termination pour r\u00e9ussir \u00e0 les relever.<\/p>\n\n\n\n<p>Pour plus d\u2019efficacit\u00e9 dans le but d\u2019atteindre les r\u00e9sultats escompt\u00e9s, nous avons cette obligation de r\u00e9pondre \u00e0 un certain nombre de questions qui se posent \u00e0 nous&nbsp;:<\/p>\n\n\n\n<ul class=\"wp-block-list\"><li>Comment traduire en des l\u00e9gislations transnationales la fiscalit\u00e9 et r\u00e9glementer au mieux le secteur minier qui est source de revenu pour nombre de nos mandants dans notre espace communautaire&nbsp;?<\/li><li>Comment amener les gouvernements de nos \u00c9tats \u00e0 donner la primaut\u00e9 au secteur primaire devant favoriser par exemple l\u2019agriculture dans les projets de Loi de finances que chacun de nos parlements examine et adopte chaque ann\u00e9e&nbsp;?<\/li><li>Comment en d\u00e9finitive parler d\u2019une m\u00eame voix en tant que parlementaires sur des questions d\u2019int\u00e9r\u00eat commun, le climat par exemple, qui touchent les peuples de notre sous-r\u00e9gion qui ont en partage les m\u00eames valeurs et malheureusement les m\u00eames souffrances&nbsp;?<\/li><li>Comment pr\u00f4ner le vivre ensemble de nos populations pour la consolidation de nos nations en construction&nbsp;? Nous avons encore un devoir de m\u00e9moire d\u2019il y a 30 ans jour pour jour marqu\u00e9 par le d\u00e9but d\u2019une guerre civile parmi les plus atroces en R\u00e9publique de Sierra-L\u00e9one qui a impact\u00e9 le d\u00e9veloppement socio-\u00e9conomique de toute la sous-r\u00e9gion.<\/li><\/ul>\n\n\n\n<p><strong>Excellence Monsieur le Pr\u00e9sident du Parlement de la CEDEAO&nbsp;;<\/strong><\/p>\n\n\n\n<p><strong>Chers coll\u00e8gues d\u00e9put\u00e9s,<\/strong><\/p>\n\n\n\n<p>Pour r\u00e9pondre avec vous \u00e0 ces questions, l\u2019Assembl\u00e9e nationale de la R\u00e9publique de Guin\u00e9e a cru bon, d\u00e8s l\u2019installation de la neuvi\u00e8me l\u00e9gislature \u00e0 la suite des l\u00e9gislatives du 22 mars 2020, de s\u2019inscrire dans la continuit\u00e9 en envoyant aupr\u00e8s de la Repr\u00e9sentation communautaire des d\u00e9put\u00e9s qui seront \u00e0 m\u00eame de la repr\u00e9senter valablement.<\/p>\n\n\n\n<p>Je ne doute pas un seul instant que les repr\u00e9sentants des quinze parlements nationaux dans leur ensemble contribueront efficacement \u00e0 examiner et \u00e0 adopter les projets de loi, \u00e0 eux, soumis.<\/p>\n\n\n\n<p>Pour notre part, nous restons dispos\u00e9s \u00e0 accompagner du mieux que nous pourrons pour conf\u00e9rer \u00e0 cette cinqui\u00e8me l\u00e9gislature de notre parlement communautaire le succ\u00e8s escompt\u00e9.<\/p>\n\n\n\n<p><strong>Vive le parlement de la CEDEAO&nbsp;!<\/strong><\/p>\n\n\n\n<p><strong>Vive la coop\u00e9ration interparlementaire&nbsp;!<\/strong><\/p>\n\n\n\n<p><strong>Que Dieu b\u00e9nisse&nbsp;l\u2019Afrique !<\/strong><\/p>\n\n\n\n<p><strong>Muito Obrigado!<\/strong><\/p>\n\n\n\n<p><strong>Awesome thanks!<\/strong><\/p>\n\n\n\n<p><strong>Je vous remercie!<\/strong><\/p>\n","protected":false},"excerpt":{"rendered":"<p>Depuis le 29 mars 2021, Freetown la capitale de la Sierra L\u00e9one abrite la premi\u00e8re session extraordinaire du parlement de la CEDEAO. Du haut de cette tribune, le Pr\u00e9sident de l&rsquo;Assembl\u00e9e Nationale guin\u00e9enne, Amadou Damaro Camara a tenu un discours que friaguinee.net vous invite \u00e0 lire ci-dessous L\u2019honneur m\u2019\u00e9choit de prendre la parole du haut [&hellip;]<\/p>\n","protected":false},"author":2,"featured_media":31567,"comment_status":"open","ping_status":"open","sticky":false,"template":"","format":"standard","meta":{"footnotes":""},"categories":[2],"tags":[2958,2112,1947,50,530,148,5531,924,2014],"class_list":["post-31565","post","type-post","status-publish","format-standard","has-post-thumbnail","hentry","category-actualites","tag-amadou-damaro-camara","tag-assemblee-nationale","tag-cedeao","tag-conakry","tag-discours","tag-guinee","tag-parlement","tag-session","tag-sierra-leone"],"_links":{"self":[{"href":"https:\/\/www.friaguinee.net\/index.php\/wp-json\/wp\/v2\/posts\/31565","targetHints":{"allow":["GET"]}}],"collection":[{"href":"https:\/\/www.friaguinee.net\/index.php\/wp-json\/wp\/v2\/posts"}],"about":[{"href":"https:\/\/www.friaguinee.net\/index.php\/wp-json\/wp\/v2\/types\/post"}],"author":[{"embeddable":true,"href":"https:\/\/www.friaguinee.net\/index.php\/wp-json\/wp\/v2\/users\/2"}],"replies":[{"embeddable":true,"href":"https:\/\/www.friaguinee.net\/index.php\/wp-json\/wp\/v2\/comments?post=31565"}],"version-history":[{"count":2,"href":"https:\/\/www.friaguinee.net\/index.php\/wp-json\/wp\/v2\/posts\/31565\/revisions"}],"predecessor-version":[{"id":31570,"href":"https:\/\/www.friaguinee.net\/index.php\/wp-json\/wp\/v2\/posts\/31565\/revisions\/31570"}],"wp:featuredmedia":[{"embeddable":true,"href":"https:\/\/www.friaguinee.net\/index.php\/wp-json\/wp\/v2\/media\/31567"}],"wp:attachment":[{"href":"https:\/\/www.friaguinee.net\/index.php\/wp-json\/wp\/v2\/media?parent=31565"}],"wp:term":[{"taxonomy":"category","embeddable":true,"href":"https:\/\/www.friaguinee.net\/index.php\/wp-json\/wp\/v2\/categories?post=31565"},{"taxonomy":"post_tag","embeddable":true,"href":"https:\/\/www.friaguinee.net\/index.php\/wp-json\/wp\/v2\/tags?post=31565"}],"curies":[{"name":"wp","href":"https:\/\/api.w.org\/{rel}","templated":true}]}}