{"id":31523,"date":"2021-03-30T11:05:57","date_gmt":"2021-03-30T11:05:57","guid":{"rendered":"http:\/\/www.friaguinee.net\/?p=31523"},"modified":"2021-03-30T11:05:59","modified_gmt":"2021-03-30T11:05:59","slug":"alpha-conde-les-opposants-arretes-ne-sont-pas-des-detenus-politiques-nous-avons-toutes-les-preuves-et-elles-seront-exposees","status":"publish","type":"post","link":"https:\/\/www.friaguinee.net\/index.php\/2021\/03\/30\/alpha-conde-les-opposants-arretes-ne-sont-pas-des-detenus-politiques-nous-avons-toutes-les-preuves-et-elles-seront-exposees\/","title":{"rendered":"Alpha Cond\u00e9 : \u00ab  les opposants arr\u00eat\u00e9s ne sont pas des d\u00e9tenus politiques. Nous avons toutes les preuves et elles seront expos\u00e9es \u00bb"},"content":{"rendered":"\n<p>Dans une interview accord\u00e9e \u00e0\nJeune Afrique, Alpha Cond\u00e9 a affirm\u00e9 dans un volet de son entretien qu\u2019il n\u2019y a\npas de d\u00e9tenus politiques dans son pays. Il confirme que ces responsables issus\nde l\u2019UFDG (Union des Forces D\u00e9mocratiques de Guin\u00e9e (UFDG), ont \u00e9t\u00e9 interpel\u00e9s\nsur des actes commis. <\/p>\n\n\n\n<p><em>\u00abIl ne s\u2019agit en aucun cas de prisonniers politiques, mais de\nfauteurs de troubles, coupables d\u2019avoir envoy\u00e9 contre la police des jeunes munis\nd\u2019armes blanches, parfois des fusils et d\u2019explosifs.<\/em> <em>Les quelques responsables de l\u2019Union des\nForces D\u00e9mocratiques de Guin\u00e9e (UFDG) arr\u00eat\u00e9s l\u2019ont \u00e9t\u00e9 en tant que\ncommanditaires directs d\u2019actes de violences commis tant \u00e0 Conakry qu\u2019\u00e0\nl\u2019int\u00e9rieur du pays : maisons incendi\u00e9es, destructions de biens publics,\npoteaux \u00e9lectriques sci\u00e9s, assassinat des membres des forces de l\u2019ordre, etc.\u00bb<\/em>,\na d\u00e9clar\u00e9 le pr\u00e9sident de la r\u00e9publique.<\/p>\n\n\n\n<p><br>\nPoursuivant le num\u00e9ro 1 guin\u00e9en dit d\u00e9tenir toutes les preuves de de leurs\nactes et seront expos\u00e9es le jour de leur proc\u00e8s<\/p>\n\n\n\n<p><em>\u00abNous avons toutes les preuves et elles\nseront expos\u00e9es lors des proc\u00e8s, y compris les appels au meurtre contre ma\npersonne. Les Guin\u00e9ens savent quelle est l\u2019\u00e9tendue de la responsabilit\u00e9 de ces\ngens dans les violences et pas un chat n\u2019a boug\u00e9 lors de leur arrestation&nbsp;\u00bb.<\/em><\/p>\n\n\n\n<p>Selon\nAlpha Cond\u00e9, il a fait lib\u00e9rer les jeunes manipul\u00e9s et t\u00e9l\u00e9guid\u00e9s \u00e0 l\u2019issue de\nleur peine.<\/p>\n\n\n\n<p><strong>Focus Friaguinee.net<\/strong><\/p>\n","protected":false},"excerpt":{"rendered":"<p>Dans une interview accord\u00e9e \u00e0 Jeune Afrique, Alpha Cond\u00e9 a affirm\u00e9 dans un volet de son entretien qu\u2019il n\u2019y a pas de d\u00e9tenus politiques dans son pays. Il confirme que ces responsables issus de l\u2019UFDG (Union des Forces D\u00e9mocratiques de Guin\u00e9e (UFDG), ont \u00e9t\u00e9 interpel\u00e9s sur des actes commis. \u00abIl ne s\u2019agit en aucun cas [&hellip;]<\/p>\n","protected":false},"author":3,"featured_media":19430,"comment_status":"open","ping_status":"open","sticky":false,"template":"","format":"standard","meta":{"footnotes":""},"categories":[2],"tags":[293,5784],"class_list":["post-31523","post","type-post","status-publish","format-standard","has-post-thumbnail","hentry","category-actualites","tag-alpha-conde","tag-detenus-politiques"],"_links":{"self":[{"href":"https:\/\/www.friaguinee.net\/index.php\/wp-json\/wp\/v2\/posts\/31523","targetHints":{"allow":["GET"]}}],"collection":[{"href":"https:\/\/www.friaguinee.net\/index.php\/wp-json\/wp\/v2\/posts"}],"about":[{"href":"https:\/\/www.friaguinee.net\/index.php\/wp-json\/wp\/v2\/types\/post"}],"author":[{"embeddable":true,"href":"https:\/\/www.friaguinee.net\/index.php\/wp-json\/wp\/v2\/users\/3"}],"replies":[{"embeddable":true,"href":"https:\/\/www.friaguinee.net\/index.php\/wp-json\/wp\/v2\/comments?post=31523"}],"version-history":[{"count":1,"href":"https:\/\/www.friaguinee.net\/index.php\/wp-json\/wp\/v2\/posts\/31523\/revisions"}],"predecessor-version":[{"id":31524,"href":"https:\/\/www.friaguinee.net\/index.php\/wp-json\/wp\/v2\/posts\/31523\/revisions\/31524"}],"wp:featuredmedia":[{"embeddable":true,"href":"https:\/\/www.friaguinee.net\/index.php\/wp-json\/wp\/v2\/media\/19430"}],"wp:attachment":[{"href":"https:\/\/www.friaguinee.net\/index.php\/wp-json\/wp\/v2\/media?parent=31523"}],"wp:term":[{"taxonomy":"category","embeddable":true,"href":"https:\/\/www.friaguinee.net\/index.php\/wp-json\/wp\/v2\/categories?post=31523"},{"taxonomy":"post_tag","embeddable":true,"href":"https:\/\/www.friaguinee.net\/index.php\/wp-json\/wp\/v2\/tags?post=31523"}],"curies":[{"name":"wp","href":"https:\/\/api.w.org\/{rel}","templated":true}]}}