{"id":31322,"date":"2021-03-25T16:15:49","date_gmt":"2021-03-25T16:15:49","guid":{"rendered":"http:\/\/www.friaguinee.net\/?p=31322"},"modified":"2021-03-25T17:21:37","modified_gmt":"2021-03-25T17:21:37","slug":"guinee-deces-du-grand-chancelier-des-ordres-nationaux","status":"publish","type":"post","link":"https:\/\/www.friaguinee.net\/index.php\/2021\/03\/25\/guinee-deces-du-grand-chancelier-des-ordres-nationaux\/","title":{"rendered":"Guin\u00e9e : d\u00e9c\u00e8s du Grand Chancelier des Ordres Nationaux"},"content":{"rendered":"\n<p> La Pr\u00e9sidence de la R\u00e9publique a la profonde douleur d\u2019annoncer au peuple de Guin\u00e9e le d\u00e9c\u00e8s de Kaba 43 Camara, G\u00e9n\u00e9ral \u00e0 la retraite, Grand Chancelier des Ordres Nationaux de Guin\u00e9e. D\u00e9c\u00e8s survenu ce 25 mars 2021 \u00e0 Conakry des suites de maladie.<\/p>\n\n\n\n<p>N\u00e9 \u00e0 Beyla, le G\u00e9n\u00e9ral Kaba 43 Camara a \u00e9t\u00e9 nomm\u00e9 Grand Chancelier des Ordres Nationaux de Guin\u00e9e en f\u00e9vrier 2018.<\/p>\n\n\n\n<p>En cette douloureuse circonstance, le Pr\u00e9sident de la R\u00e9publique adresse ses sinc\u00e8res condol\u00e9ances \u00e0 la famille \u00e9plor\u00e9e, ainsi que celles du Peuple et du Gouvernement Guin\u00e9ens.<\/p>\n\n\n\n<p>La date des obs\u00e8ques fera l\u2019objet d\u2019un communiqu\u00e9 ult\u00e9rieur.<\/p>\n\n\n\n<p>Que l\u2019\u00e2me du G\u00e9n\u00e9ral Kaba 43 Camara repose en paix. Amen !<\/p>\n\n\n\n<p>Le Bureau de Presse de la Pr\u00e9sidence<\/p>\n\n\n\n<p>Contacts : 664-17-06-06<br>\n                 628-87-94-15<br>\n                 621-02-83-64<\/p>\n","protected":false},"excerpt":{"rendered":"<p>La Pr\u00e9sidence de la R\u00e9publique a la profonde douleur d\u2019annoncer au peuple de Guin\u00e9e le d\u00e9c\u00e8s de Kaba 43 Camara, G\u00e9n\u00e9ral \u00e0 la retraite, Grand Chancelier des Ordres Nationaux de Guin\u00e9e. D\u00e9c\u00e8s survenu ce 25 mars 2021 \u00e0 Conakry des suites de maladie. N\u00e9 \u00e0 Beyla, le G\u00e9n\u00e9ral Kaba 43 Camara a \u00e9t\u00e9 nomm\u00e9 Grand [&hellip;]<\/p>\n","protected":false},"author":2,"featured_media":31324,"comment_status":"open","ping_status":"open","sticky":false,"template":"","format":"standard","meta":{"footnotes":""},"categories":[2],"tags":[1928,2655,6468,148,6467,2612,6469],"class_list":["post-31322","post","type-post","status-publish","format-standard","has-post-thumbnail","hentry","category-actualites","tag-deces","tag-deuil","tag-grand-chancelier","tag-guinee","tag-kaba-43","tag-necrologie","tag-ordres-nationaux"],"_links":{"self":[{"href":"https:\/\/www.friaguinee.net\/index.php\/wp-json\/wp\/v2\/posts\/31322","targetHints":{"allow":["GET"]}}],"collection":[{"href":"https:\/\/www.friaguinee.net\/index.php\/wp-json\/wp\/v2\/posts"}],"about":[{"href":"https:\/\/www.friaguinee.net\/index.php\/wp-json\/wp\/v2\/types\/post"}],"author":[{"embeddable":true,"href":"https:\/\/www.friaguinee.net\/index.php\/wp-json\/wp\/v2\/users\/2"}],"replies":[{"embeddable":true,"href":"https:\/\/www.friaguinee.net\/index.php\/wp-json\/wp\/v2\/comments?post=31322"}],"version-history":[{"count":2,"href":"https:\/\/www.friaguinee.net\/index.php\/wp-json\/wp\/v2\/posts\/31322\/revisions"}],"predecessor-version":[{"id":31327,"href":"https:\/\/www.friaguinee.net\/index.php\/wp-json\/wp\/v2\/posts\/31322\/revisions\/31327"}],"wp:featuredmedia":[{"embeddable":true,"href":"https:\/\/www.friaguinee.net\/index.php\/wp-json\/wp\/v2\/media\/31324"}],"wp:attachment":[{"href":"https:\/\/www.friaguinee.net\/index.php\/wp-json\/wp\/v2\/media?parent=31322"}],"wp:term":[{"taxonomy":"category","embeddable":true,"href":"https:\/\/www.friaguinee.net\/index.php\/wp-json\/wp\/v2\/categories?post=31322"},{"taxonomy":"post_tag","embeddable":true,"href":"https:\/\/www.friaguinee.net\/index.php\/wp-json\/wp\/v2\/tags?post=31322"}],"curies":[{"name":"wp","href":"https:\/\/api.w.org\/{rel}","templated":true}]}}