{"id":31147,"date":"2021-03-22T08:43:22","date_gmt":"2021-03-22T08:43:22","guid":{"rendered":"http:\/\/www.friaguinee.net\/?p=31147"},"modified":"2021-03-22T08:43:24","modified_gmt":"2021-03-22T08:43:24","slug":"congo-brazaville-deces-du-principal-opposant-guy-brice-parfait-kolelas","status":"publish","type":"post","link":"https:\/\/www.friaguinee.net\/index.php\/2021\/03\/22\/congo-brazaville-deces-du-principal-opposant-guy-brice-parfait-kolelas\/","title":{"rendered":"Congo-Brazaville : d\u00e9c\u00e8s du principal opposant Guy-Brice Parfait Kolelas"},"content":{"rendered":"\n<p>L&rsquo;opposant Guy-Brice Parfait Kol\u00e9las, principal rival du pr\u00e9sident Denis Sassou Nguesso \u00e0 la pr\u00e9sidentielle de dimanche au Congo-Brazzaville, est mort du Covid-19 lors de son \u00e9vacuation sanitaire vers la France quelques heures apr\u00e8s la cl\u00f4ture du scrutin.<\/p>\n\n\n\n<p><em>\u00ab\u00a0Il est d\u00e9c\u00e9d\u00e9 dans l&rsquo;avion m\u00e9dicalis\u00e9 qui \u00e9tait venu le chercher \u00e0 Brazzaville dimanche apr\u00e8s-midi\u00a0\u00bb,<\/em>&nbsp;a annonc\u00e9 lundi \u00e0 l&rsquo;AFP le directeur de campagne de M.&nbsp; Kolelas, Christian Cyr Rodrigue Mayanda.&nbsp;<em>\u00ab\u00a0On va continuer \u00e0 compter les bulletins. Il \u00e9tait en t\u00eate dans un certain nombre de localit\u00e9s\u00a0\u00bb,<\/em>&nbsp;a ajout\u00e9 le directeur de campagne, qui a appel\u00e9 les partisans de M. Kolelas \u00e0 un rassemblement lundi \u00e0 11h00 (10h00 GMT).<\/p>\n\n\n\n<p>Guy-Brice Parfait Kol\u00e9las avait \u00e9t\u00e9 test\u00e9 positif au Covid-19 vendredi apr\u00e8s-midi, et n&rsquo;avait pu animer son dernier meeting de campagne \u00e0 Brazzaville.<\/p>\n\n\n\n<p>A quelques heures du scrutin, il avait publi\u00e9 une vid\u00e9o dans laquelle il affirmait \u00ab\u00a0<em>se battre contre la mort\u00a0\u00bb.&nbsp;<\/em>\u00ab\u00a0<em>Mes chers compatriotes, je me bats contre la mort, mais cependant, je vous demande de vous lever. Allez voter pour le changement. Je ne me serais pas battu pour rien\u00a0\u00bb,<\/em>&nbsp;avait affirm\u00e9 dans cette vid\u00e9o M. Kol\u00e9las, alit\u00e9, affaibli, juste apr\u00e8s avoir retir\u00e9 un masque d&rsquo;assistance respiratoire.<\/p>\n\n\n\n<p><strong>&#8211; \u00ab\u00a0Je me bats sur mon lit de mort\u00a0\u00bb &#8211;<\/strong><\/p>\n\n\n\n<p><em>\u00ab\u00a0Levez-vous comme un seul homme. Faites-moi plaisir. Je me bats sur mon lit de mort. Vous aussi, battez-vous, pour votre changement. Il en va de l&rsquo;avenir de vos enfants\u00a0\u00bb,<\/em>&nbsp;avait-il ajout\u00e9 avant de remettre son masque.<\/p>\n\n\n\n<p>Opposant historique, M. Kol\u00e9las, 60 ans, est apparu cette ann\u00e9e comme le seul vrai rival du pr\u00e9sident sortant Sasssou Nguesso, 77 ans, dont 36 au pouvoir.&nbsp;<\/p>\n\n\n\n<p>Arriv\u00e9 deuxi\u00e8me \u00e0 la pr\u00e9sidentielle il y a cinq ans, M. Kol\u00e9las s&rsquo;\u00e9tait engag\u00e9 \u00e0 lib\u00e9rer les deux candidats de la pr\u00e9sidentielle de 2016 condamn\u00e9s en 2018 \u00e0 20 ans de prison pour&nbsp;<em>\u00ab\u00a0atteinte \u00e0 la s\u00fbret\u00e9 de l&rsquo;\u00c9tat\u00a0\u00bb,&nbsp;<\/em>le g\u00e9n\u00e9ral Jean-Marie Mokoko et Andr\u00e9 Okombi Salissa.<\/p>\n\n\n\n<p>Les r\u00e9sultats provisoires du scrutin de dimanche doivent \u00eatre annonc\u00e9s dans le courant de la semaine. D&rsquo;ici-l\u00e0, les autorit\u00e9s congolaises ont coup\u00e9 internet dans le pays.&nbsp;<em>\u00ab\u00a0C&rsquo;est dans un climat de paix que la campagne \u00e9lectorale s&rsquo;est d\u00e9roul\u00e9e. Je crois que ceci est un bon signe pour notre d\u00e9mocratie\u00a0\u00bb,<\/em>&nbsp;s&rsquo;\u00e9tait f\u00e9licit\u00e9 M. Sassou Nguesso apr\u00e8s avoir vot\u00e9 dimanche \u00e0 Brazzaville.&nbsp;<em>\u00ab\u00a0Je souhaite que le processus se poursuive ainsi jusqu&rsquo;\u00e0 son terme\u00a0\u00bb,<\/em>&nbsp;a dit le pr\u00e9sident, qui a fait campagne sous le slogan&nbsp;<em>\u00ab\u00a0Un coup, K-O\u00a0\u00bb<\/em>&nbsp;pour dire sa volont\u00e9 de gagner d\u00e8s le premier tour.<\/p>\n\n\n\n<p>Aucun incident majeur n&rsquo;a \u00e9t\u00e9 enregistr\u00e9 lors de la journ\u00e9e de vote sous haute surveillance, selon les \u00e9l\u00e9ments que l&rsquo;AFP a pu collecter sur le terrain et par SMS (\u00e9galement coup\u00e9s dans la journ\u00e9e).<\/p>\n\n\n\n<p>L&rsquo;Eglise catholique a \u00e9mis des r\u00e9serves sur la transparence du scrutin. Ses observateurs \u00e9lectoraux n&rsquo;ont pas obtenu d&rsquo;accr\u00e9ditations.<\/p>\n\n\n\n<p>Une vingtaine d&rsquo;observateurs de l&rsquo;Union africaine seulement se sont d\u00e9ploy\u00e9s, officiellement en raison du Covid-19.&nbsp;<em>\u00ab\u00a0Les \u00e9lecteurs ont vot\u00e9 librement par rapport \u00e0 2016\u00a0\u00bb,&nbsp;<\/em>a d\u00e9clar\u00e9 leur chef de mission, Dileita Mohamed.<\/p>\n\n\n\n<p>Les adversaires du pr\u00e9sident sortant ont d\u00e9nonc\u00e9 le vote anticip\u00e9 jeudi des membres des forces de s\u00e9curit\u00e9 (entre 55 et 60.000), source de fraude potentielle selon eux.<\/p>\n\n\n\n<p>M. Sassou Nguesso a dirig\u00e9 le Congo entre 1979 et 1992, \u00e0 la t\u00eate d&rsquo;un r\u00e9gime de parti unique. Il a \u00e9t\u00e9 battu lors des premi\u00e8res \u00e9lections pluralistes en 1992 par Pascal Lissouba. Mais ce tr\u00e8s rare exemple d&rsquo;alternance pacifique en Afrique centrale a pris fin en 1997 avec le retour au pouvoir de M. Sassou Nguesso, apr\u00e8s une guerre civile dont il est sorti victorieux.&nbsp;<\/p>\n\n\n\n<p>En 2015, il a fait sauter le verrou constitutionnel qui imposait une limite d&rsquo;\u00e2ge et restreignait \u00e0 deux le nombre de mandats pr\u00e9sidentiels.<\/p>\n\n\n\n<p>En 2016, la r\u00e9\u00e9lection contest\u00e9e de M. Sassou Nguesso avait d\u00e9clench\u00e9 une violente r\u00e9bellion dans la r\u00e9gion du Pool.<\/p>\n\n\n\n<p>AFP<\/p>\n","protected":false},"excerpt":{"rendered":"<p>L&rsquo;opposant Guy-Brice Parfait Kol\u00e9las, principal rival du pr\u00e9sident Denis Sassou Nguesso \u00e0 la pr\u00e9sidentielle de dimanche au Congo-Brazzaville, est mort du Covid-19 lors de son \u00e9vacuation sanitaire vers la France quelques heures apr\u00e8s la cl\u00f4ture du scrutin. \u00ab\u00a0Il est d\u00e9c\u00e9d\u00e9 dans l&rsquo;avion m\u00e9dicalis\u00e9 qui \u00e9tait venu le chercher \u00e0 Brazzaville dimanche apr\u00e8s-midi\u00a0\u00bb,&nbsp;a annonc\u00e9 lundi \u00e0 [&hellip;]<\/p>\n","protected":false},"author":2,"featured_media":31149,"comment_status":"open","ping_status":"open","sticky":false,"template":"","format":"standard","meta":{"footnotes":""},"categories":[42],"tags":[6436,1928,6438,6437,2557],"class_list":["post-31147","post","type-post","status-publish","format-standard","has-post-thumbnail","hentry","category-afrique","tag-congo-brazzaville","tag-deces","tag-denis-sassou-nguessou","tag-guy-bruce-kolelas","tag-opposant"],"_links":{"self":[{"href":"https:\/\/www.friaguinee.net\/index.php\/wp-json\/wp\/v2\/posts\/31147","targetHints":{"allow":["GET"]}}],"collection":[{"href":"https:\/\/www.friaguinee.net\/index.php\/wp-json\/wp\/v2\/posts"}],"about":[{"href":"https:\/\/www.friaguinee.net\/index.php\/wp-json\/wp\/v2\/types\/post"}],"author":[{"embeddable":true,"href":"https:\/\/www.friaguinee.net\/index.php\/wp-json\/wp\/v2\/users\/2"}],"replies":[{"embeddable":true,"href":"https:\/\/www.friaguinee.net\/index.php\/wp-json\/wp\/v2\/comments?post=31147"}],"version-history":[{"count":2,"href":"https:\/\/www.friaguinee.net\/index.php\/wp-json\/wp\/v2\/posts\/31147\/revisions"}],"predecessor-version":[{"id":31150,"href":"https:\/\/www.friaguinee.net\/index.php\/wp-json\/wp\/v2\/posts\/31147\/revisions\/31150"}],"wp:featuredmedia":[{"embeddable":true,"href":"https:\/\/www.friaguinee.net\/index.php\/wp-json\/wp\/v2\/media\/31149"}],"wp:attachment":[{"href":"https:\/\/www.friaguinee.net\/index.php\/wp-json\/wp\/v2\/media?parent=31147"}],"wp:term":[{"taxonomy":"category","embeddable":true,"href":"https:\/\/www.friaguinee.net\/index.php\/wp-json\/wp\/v2\/categories?post=31147"},{"taxonomy":"post_tag","embeddable":true,"href":"https:\/\/www.friaguinee.net\/index.php\/wp-json\/wp\/v2\/tags?post=31147"}],"curies":[{"name":"wp","href":"https:\/\/api.w.org\/{rel}","templated":true}]}}