{"id":30880,"date":"2021-03-12T15:30:33","date_gmt":"2021-03-12T15:30:33","guid":{"rendered":"http:\/\/www.friaguinee.net\/?p=30880"},"modified":"2021-03-12T15:30:35","modified_gmt":"2021-03-12T15:30:35","slug":"qui-est-patrice-motsepe-le-nouveau-president-de-la-caf","status":"publish","type":"post","link":"https:\/\/www.friaguinee.net\/index.php\/2021\/03\/12\/qui-est-patrice-motsepe-le-nouveau-president-de-la-caf\/","title":{"rendered":"Qui est patrice Motsepe, le nouveau pr\u00e9sident de la CAF ?"},"content":{"rendered":"\n<p>&nbsp;Le milliardaire sud-africain Patrice Motsepe est officiellement devenu ce vendredi, \u00e0 Rabat (Maroc), le 8e pr\u00e9sident de l\u2019histoire de la Conf\u00e9d\u00e9ration africaine de football (CAF), par acclamations. Retour sur le parcours du nouvel homme fort du football africain. A l\u2019occasion de son assembl\u00e9e g\u00e9n\u00e9rale \u00e9lective organis\u00e9e ce vendredi \u00e0 Rabat au Maroc, la Conf\u00e9d\u00e9ration africaine de football (CAF) a officiellement port\u00e9 \u00e0 sa t\u00eate, par acclamation, comme au \u00abbon vieux temps\u00bb, le Sud-Africain Patrice Motsepe, unique candidat en lice pour le poste de pr\u00e9sident suite au coup de force de la FIFA et de Gianni Infantino. Focus sur le nouveau boss du football africain.<br> <br> <strong>Dixi\u00e8me plus grosse fortune du continent<\/strong><br> <br> N\u00e9 \u00e0 Soweto il y a 59 ans et fils de commer\u00e7ants, Patrice Motsepe a fait fortune apr\u00e8s l\u2019apartheid dans l\u2019industrie mini\u00e8re et la finance au point d\u2019amasser un patrimoine estim\u00e9 \u00e0 2,6 milliards de dollars qui en fait l\u2019un des trois hommes les plus riches d\u2019Afrique du Sud et la dixi\u00e8me plus grosse fortune du continent. Sa s\u0153ur a\u00een\u00e9e, Tshepo Motsepe, est l\u2019\u00e9pouse du pr\u00e9sident de la r\u00e9publique sud-africain, Cyril Ramaphosa.<br> <strong>Pr\u00e9sident de club depuis 2004<\/strong><br> <br> Sans \u00eatre tr\u00e8s impliqu\u00e9 dans le foot, Motsepe est tout de m\u00eame pr\u00e9sident du club des Mamelodi Sundows depuis 2004. Un v\u00e9ritable succ\u00e8s puisque les \u00abBrazilians\u00bb ont d\u00e9croch\u00e9 sept titres de champion d\u2019Afrique du Sud sous sa pr\u00e9sidence et surtout remport\u00e9 la Ligue des champions africaine en 2016, s\u2019imposant comme l\u2019un des meilleurs clubs du continent ces derni\u00e8res ann\u00e9es.<br> <br> <strong>Un candidat discret voire lointain<\/strong><br> <br> Avant de pr\u00e9senter une \u00e9bauche de programme, Motsepe a attendu le dernier\nmoment, fin f\u00e9vrier. En raison de soup\u00e7ons de contamination au Covid-19, ce\nn\u2019est d\u2019ailleurs m\u00eame pas lui en personne mais le pr\u00e9sident de la F\u00e9d\u00e9ration\nsud-africaine de football, Danny Jordaan, qui avait annonc\u00e9 sa candidature en\nnovembre. Sa mani\u00e8re de d\u00e9crire ses motivations (\u00abJ\u2019aime le football. Un amour\nstupide et irresponsable\u00bb) ne sera pas forc\u00e9ment du go\u00fbt de tous les\npassionn\u00e9s. Plus inqui\u00e9tant encore : certains dirigeants se sont \u00e9mus de la\nfaible connaissance que le Sud-Africain aurait des enjeux propres \u00e0 la CAF\u2026<br>\n<br>\n<strong>Le coup\nde force d\u2019Infantino<\/strong><br>\n<br>\nDisons-le clairement, Motsepe partait de tr\u00e8s loin dans ce scrutin, mais le\ntravail de fond du pr\u00e9sident de la F\u00e9d\u00e9ration nig\u00e9riane, Amaju Pinnick, qui l\u2019a\nintroduit dans le milieu ces derniers mois, et surtout les efforts du pr\u00e9sident\nde la FIFA, Gianni Infantino, ont port\u00e9 leurs fruits. Profitant de sa tourn\u00e9e\nafricaine, le boss du football mondial est en effet directement pass\u00e9 par les\nchefs d\u2019Etat qui ont ensuite convaincu les rivaux les plus coriaces du\nSud-Africain, le S\u00e9n\u00e9galais Augustin Senhor et l\u2019Ivoirien Jacques Anouma, de\nrenoncer pour laisser le champ libre \u00e0 Motsepe, unique candidat.<\/p>\n\n\n\n<p><strong>Une marionnette\n\u00e0 la solde de la FIFA ?<\/strong><br>\n<br>\nEn portant \u00e0 la t\u00eate de la CAF un homme \u00e0 l\u2019emploi du temps surcharg\u00e9, qui a d\u00e9j\u00e0 peu de temps \u00e0 consacrer \u00e0 son club et qui ne poss\u00e8de pas d\u2019exp\u00e9rience \u00e0 la t\u00eate d\u2019une Ligue ou d\u2019une F\u00e9d\u00e9ration, la FIFA esp\u00e8re pouvoir compter sur un dirigeant mall\u00e9able qui lui permettra d\u2019imposer ses vues sur le foot africain. D\u2019o\u00f9 les craintes de \u00abn\u00e9ocolonialisme\u00bb g\u00e9n\u00e9r\u00e9es par cette \u00e9lection. Le d\u00e9bat sur l\u2019\u00e9ventuel passage \u00e0 la CAN tous les 4 ans (contre 2 actuellement), une id\u00e9e port\u00e9e par Infantino et \u00e0 laquelle Motsepe n\u2019est pas forc\u00e9ment hostile, sera un vrai test.<br> <br> <strong>Une bouff\u00e9e d\u2019oxyg\u00e8ne pour les finances du foot africain ?<\/strong><br> <br> Malgr\u00e9 les r\u00e9serves logiques que suscite son \u00e9lection (d\u2019aucuns diront sa \u00abnomination\u00bb), Motsepe a aussi de potentiels bons atouts \u00e0 offrir. Son solide r\u00e9seau dans le milieu des affaires pourrait ainsi permettre de d\u00e9bloquer des fonds qui permettraient \u00e0 la CAF, dont les finances ont \u00e9t\u00e9 rendues exsangues par la crise du Covid-19, de respirer. Le fait qu\u2019il soit un homme neuf \u00e0 l\u2019\u00e9chelle du football africain assure aussi qu\u2019il ne tra\u00eenera pas de casseroles contrairement \u00e0 plusieurs dirigeants actuellement en poste. Enfin, les plus optimistes font remarquer que son pr\u00e9d\u00e9cesseur, Ahmad Ahmad, avait aussi b\u00e9n\u00e9fici\u00e9 du soutien de la FIFA pour se faire \u00e9lire, ce qui ne l\u2019avait pas emp\u00each\u00e9 ensuite de parvenir \u00e0 se lib\u00e9rer des mains d\u2019Infantino. De l\u00e0 \u00e0 imaginer que l\u2019histoire se r\u00e9p\u00e8te\u2026<br> <br> <br> Avec Afrikfoot<\/p>\n\n\n\n<h1 class=\"wp-block-heading\">&nbsp;<\/h1>\n\n\n\n<p><\/p>\n","protected":false},"excerpt":{"rendered":"<p>&nbsp;Le milliardaire sud-africain Patrice Motsepe est officiellement devenu ce vendredi, \u00e0 Rabat (Maroc), le 8e pr\u00e9sident de l\u2019histoire de la Conf\u00e9d\u00e9ration africaine de football (CAF), par acclamations. Retour sur le parcours du nouvel homme fort du football africain. A l\u2019occasion de son assembl\u00e9e g\u00e9n\u00e9rale \u00e9lective organis\u00e9e ce vendredi \u00e0 Rabat au Maroc, la Conf\u00e9d\u00e9ration africaine [&hellip;]<\/p>\n","protected":false},"author":3,"featured_media":30869,"comment_status":"open","ping_status":"open","sticky":false,"template":"","format":"standard","meta":{"footnotes":""},"categories":[2],"tags":[],"class_list":["post-30880","post","type-post","status-publish","format-standard","has-post-thumbnail","hentry","category-actualites"],"_links":{"self":[{"href":"https:\/\/www.friaguinee.net\/index.php\/wp-json\/wp\/v2\/posts\/30880","targetHints":{"allow":["GET"]}}],"collection":[{"href":"https:\/\/www.friaguinee.net\/index.php\/wp-json\/wp\/v2\/posts"}],"about":[{"href":"https:\/\/www.friaguinee.net\/index.php\/wp-json\/wp\/v2\/types\/post"}],"author":[{"embeddable":true,"href":"https:\/\/www.friaguinee.net\/index.php\/wp-json\/wp\/v2\/users\/3"}],"replies":[{"embeddable":true,"href":"https:\/\/www.friaguinee.net\/index.php\/wp-json\/wp\/v2\/comments?post=30880"}],"version-history":[{"count":2,"href":"https:\/\/www.friaguinee.net\/index.php\/wp-json\/wp\/v2\/posts\/30880\/revisions"}],"predecessor-version":[{"id":30886,"href":"https:\/\/www.friaguinee.net\/index.php\/wp-json\/wp\/v2\/posts\/30880\/revisions\/30886"}],"wp:featuredmedia":[{"embeddable":true,"href":"https:\/\/www.friaguinee.net\/index.php\/wp-json\/wp\/v2\/media\/30869"}],"wp:attachment":[{"href":"https:\/\/www.friaguinee.net\/index.php\/wp-json\/wp\/v2\/media?parent=30880"}],"wp:term":[{"taxonomy":"category","embeddable":true,"href":"https:\/\/www.friaguinee.net\/index.php\/wp-json\/wp\/v2\/categories?post=30880"},{"taxonomy":"post_tag","embeddable":true,"href":"https:\/\/www.friaguinee.net\/index.php\/wp-json\/wp\/v2\/tags?post=30880"}],"curies":[{"name":"wp","href":"https:\/\/api.w.org\/{rel}","templated":true}]}}