{"id":30813,"date":"2021-03-11T13:04:11","date_gmt":"2021-03-11T13:04:11","guid":{"rendered":"http:\/\/www.friaguinee.net\/?p=30813"},"modified":"2021-03-11T13:04:12","modified_gmt":"2021-03-11T13:04:12","slug":"universite-de-kankan-le-professeur-seydou-diallo-vice-recteur-en-charge-de-la-recherche-a-ete-rappele-a-dieu","status":"publish","type":"post","link":"https:\/\/www.friaguinee.net\/index.php\/2021\/03\/11\/universite-de-kankan-le-professeur-seydou-diallo-vice-recteur-en-charge-de-la-recherche-a-ete-rappele-a-dieu\/","title":{"rendered":"Universit\u00e9 de Kankan : le Professeur Seydou Diallo vice-recteur en charge de la recherche a \u00e9t\u00e9 rappel\u00e9 \u00e0 Dieu"},"content":{"rendered":"\n<p>Les\n\u00e9tudiants de l\u2019universit\u00e9 Julius N\u2019Nyerere de Kankan ont appris avec\nconsternation le d\u00e9c\u00e8s du Professeur Seydou Diallo vice-recteur charg\u00e9 de la\nrecherche de la dite universit\u00e9.<\/p>\n\n\n\n<p>Selon\ndes informations re\u00e7ues de la direction de l\u2019universit\u00e9, le Professeur Seydou\nDiallo est d\u00e9c\u00e9d\u00e9 le mercredi 10 mars 2021, des suites de maladie dont on\nignore l\u2019origine.<\/p>\n\n\n\n<p>Le d\u00e9c\u00e8s de l\u2019homme, \u00a0laisse \u00a0toute une universit\u00e9 dans la plus grande tristesse compte tenu de sa g\u00e9n\u00e9rosit\u00e9 envers les \u00e9tudiants.<\/p>\n\n\n\n<p>Friaguinee.net<\/p>\n\n\n\n<p><\/p>\n","protected":false},"excerpt":{"rendered":"<p>Les \u00e9tudiants de l\u2019universit\u00e9 Julius N\u2019Nyerere de Kankan ont appris avec consternation le d\u00e9c\u00e8s du Professeur Seydou Diallo vice-recteur charg\u00e9 de la recherche de la dite universit\u00e9. Selon des informations re\u00e7ues de la direction de l\u2019universit\u00e9, le Professeur Seydou Diallo est d\u00e9c\u00e9d\u00e9 le mercredi 10 mars 2021, des suites de maladie dont on ignore l\u2019origine. [&hellip;]<\/p>\n","protected":false},"author":3,"featured_media":30814,"comment_status":"open","ping_status":"open","sticky":false,"template":"","format":"standard","meta":{"footnotes":""},"categories":[2],"tags":[6342,6341],"class_list":["post-30813","post","type-post","status-publish","format-standard","has-post-thumbnail","hentry","category-actualites","tag-deces-du-professeur-seydou-diallo","tag-universite-de-kankan"],"_links":{"self":[{"href":"https:\/\/www.friaguinee.net\/index.php\/wp-json\/wp\/v2\/posts\/30813","targetHints":{"allow":["GET"]}}],"collection":[{"href":"https:\/\/www.friaguinee.net\/index.php\/wp-json\/wp\/v2\/posts"}],"about":[{"href":"https:\/\/www.friaguinee.net\/index.php\/wp-json\/wp\/v2\/types\/post"}],"author":[{"embeddable":true,"href":"https:\/\/www.friaguinee.net\/index.php\/wp-json\/wp\/v2\/users\/3"}],"replies":[{"embeddable":true,"href":"https:\/\/www.friaguinee.net\/index.php\/wp-json\/wp\/v2\/comments?post=30813"}],"version-history":[{"count":1,"href":"https:\/\/www.friaguinee.net\/index.php\/wp-json\/wp\/v2\/posts\/30813\/revisions"}],"predecessor-version":[{"id":30815,"href":"https:\/\/www.friaguinee.net\/index.php\/wp-json\/wp\/v2\/posts\/30813\/revisions\/30815"}],"wp:featuredmedia":[{"embeddable":true,"href":"https:\/\/www.friaguinee.net\/index.php\/wp-json\/wp\/v2\/media\/30814"}],"wp:attachment":[{"href":"https:\/\/www.friaguinee.net\/index.php\/wp-json\/wp\/v2\/media?parent=30813"}],"wp:term":[{"taxonomy":"category","embeddable":true,"href":"https:\/\/www.friaguinee.net\/index.php\/wp-json\/wp\/v2\/categories?post=30813"},{"taxonomy":"post_tag","embeddable":true,"href":"https:\/\/www.friaguinee.net\/index.php\/wp-json\/wp\/v2\/tags?post=30813"}],"curies":[{"name":"wp","href":"https:\/\/api.w.org\/{rel}","templated":true}]}}