{"id":30555,"date":"2021-03-06T20:41:28","date_gmt":"2021-03-06T20:41:28","guid":{"rendered":"http:\/\/www.friaguinee.net\/?p=30555"},"modified":"2021-03-06T20:41:29","modified_gmt":"2021-03-06T20:41:29","slug":"fria-centre-de-formation-professionnelle-les-etudiants-de-la-39eme-promotion-recoivent-leurs-diplomes","status":"publish","type":"post","link":"https:\/\/www.friaguinee.net\/index.php\/2021\/03\/06\/fria-centre-de-formation-professionnelle-les-etudiants-de-la-39eme-promotion-recoivent-leurs-diplomes\/","title":{"rendered":"Fria\/Centre de formation professionnelle : les \u00e9tudiants de la 39\u00e8me promotion re\u00e7oivent leurs dipl\u00f4mes"},"content":{"rendered":"\n<p>Ce sont au total 115 \u00e9tudiants sortant du centre de formation professionnelle de Fria dont 8 filles, qui ont re\u00e7u leurs  dipl\u00f4mes ce samedi 06 mars 2021 dans les fili\u00e8res de la m\u00e9canique auto, la chaudronnerie, la plomberie, l&rsquo;\u00e9lectricit\u00e9, la ma\u00e7onnerie et la menuiserie.<\/p>\n\n\n\n<figure class=\"wp-block-image\"><img loading=\"lazy\" decoding=\"async\" width=\"1024\" height=\"768\" src=\"http:\/\/www.friaguinee.net\/wp-content\/uploads\/2021\/03\/Photo_1615062255108-1024x768.jpg\" alt=\"\" class=\"wp-image-30557\" srcset=\"https:\/\/www.friaguinee.net\/wp-content\/uploads\/2021\/03\/Photo_1615062255108-1024x768.jpg 1024w, https:\/\/www.friaguinee.net\/wp-content\/uploads\/2021\/03\/Photo_1615062255108-300x225.jpg 300w, https:\/\/www.friaguinee.net\/wp-content\/uploads\/2021\/03\/Photo_1615062255108-768x576.jpg 768w, https:\/\/www.friaguinee.net\/wp-content\/uploads\/2021\/03\/Photo_1615062255108-80x60.jpg 80w, https:\/\/www.friaguinee.net\/wp-content\/uploads\/2021\/03\/Photo_1615062255108-265x198.jpg 265w, https:\/\/www.friaguinee.net\/wp-content\/uploads\/2021\/03\/Photo_1615062255108-696x522.jpg 696w, https:\/\/www.friaguinee.net\/wp-content\/uploads\/2021\/03\/Photo_1615062255108-560x420.jpg 560w, https:\/\/www.friaguinee.net\/wp-content\/uploads\/2021\/03\/Photo_1615062255108.jpg 1032w\" sizes=\"auto, (max-width: 1024px) 100vw, 1024px\" \/><\/figure>\n\n\n\n<p>La c\u00e9r\u00e9monie a d\u00e9marr\u00e9 par un  carnaval des \u00e9tudiants suivi d&rsquo;une d\u00e9monstration pratique des maquettes en pr\u00e9sence des autorit\u00e9s pr\u00e9fectorales, communales et de certains cadres de l&rsquo;usine. <\/p>\n\n\n\n<p> \u00c9pat\u00e9 par la d\u00e9monstration des \u00e9tudiants, celui dont le nom porte d\u00e9sormais cette promotion se dit touch\u00e9 par le travail r\u00e9alis\u00e9.<\/p>\n\n\n\n<p>&lt;&lt; <strong><em>Je suis vraiment touch\u00e9 par votre d\u00e9monstration. C&rsquo;est vrai comme l&rsquo;a dit quelqu&rsquo;un, je suis pas fr\u00e9quente ici mais apr\u00e8s ce que je viens de voir moi-m\u00eame je dois me mettre \u00e0 jour. Cela d\u00e9montre que les cours ont \u00e9t\u00e9 bien compris, ce centre a toujours form\u00e9 de la main-d&rsquo;oeuvre qualifi\u00e9e. C&rsquo;est pourquoi la coop\u00e9ration entre la direction de Rusal et le centre de formation professionnelle doit continuer car l&rsquo;usine a besoin de ceux qui sont form\u00e9s ici pour sa bonne marche<\/em><\/strong> >>, a d\u00e9clar\u00e9  David camara, Directeur g\u00e9n\u00e9ral de adjoint de l&rsquo;usine Rusal.<\/p>\n\n\n\n<figure class=\"wp-block-image\"><img loading=\"lazy\" decoding=\"async\" width=\"720\" height=\"521\" src=\"http:\/\/www.friaguinee.net\/wp-content\/uploads\/2021\/03\/Photo_1615062444175.jpg\" alt=\"\" class=\"wp-image-30558\" srcset=\"https:\/\/www.friaguinee.net\/wp-content\/uploads\/2021\/03\/Photo_1615062444175.jpg 720w, https:\/\/www.friaguinee.net\/wp-content\/uploads\/2021\/03\/Photo_1615062444175-300x217.jpg 300w, https:\/\/www.friaguinee.net\/wp-content\/uploads\/2021\/03\/Photo_1615062444175-324x235.jpg 324w, https:\/\/www.friaguinee.net\/wp-content\/uploads\/2021\/03\/Photo_1615062444175-696x504.jpg 696w, https:\/\/www.friaguinee.net\/wp-content\/uploads\/2021\/03\/Photo_1615062444175-580x420.jpg 580w\" sizes=\"auto, (max-width: 720px) 100vw, 720px\" \/><figcaption>David Camara, DGA Rusal<\/figcaption><\/figure>\n\n\n\n<p>Poursuivant son intervention, David Camara  a promis de faire de la 39 \u00e8me promotion, une affaire personnelle.<\/p>\n\n\n\n<p>&lt;&lt; <strong><em>Je suis honor\u00e9 que la 39\u00e9me promotion ait port\u00e9e mon nom. Je promets de faire tout ce qu&rsquo;il faudra pour que vous puissiez faire valoir vos comp\u00e9tences <\/em><\/strong>&gt;&gt;, a ajout\u00e9 l&rsquo;homonyme de la promotion.<\/p>\n\n\n\n<figure class=\"wp-block-image\"><img loading=\"lazy\" decoding=\"async\" width=\"1024\" height=\"768\" src=\"http:\/\/www.friaguinee.net\/wp-content\/uploads\/2021\/03\/Photo_1615062254058-1024x768.jpg\" alt=\"\" class=\"wp-image-30559\" srcset=\"https:\/\/www.friaguinee.net\/wp-content\/uploads\/2021\/03\/Photo_1615062254058-1024x768.jpg 1024w, https:\/\/www.friaguinee.net\/wp-content\/uploads\/2021\/03\/Photo_1615062254058-300x225.jpg 300w, https:\/\/www.friaguinee.net\/wp-content\/uploads\/2021\/03\/Photo_1615062254058-768x576.jpg 768w, https:\/\/www.friaguinee.net\/wp-content\/uploads\/2021\/03\/Photo_1615062254058-80x60.jpg 80w, https:\/\/www.friaguinee.net\/wp-content\/uploads\/2021\/03\/Photo_1615062254058-265x198.jpg 265w, https:\/\/www.friaguinee.net\/wp-content\/uploads\/2021\/03\/Photo_1615062254058-696x522.jpg 696w, https:\/\/www.friaguinee.net\/wp-content\/uploads\/2021\/03\/Photo_1615062254058-1068x801.jpg 1068w, https:\/\/www.friaguinee.net\/wp-content\/uploads\/2021\/03\/Photo_1615062254058-560x420.jpg 560w, https:\/\/www.friaguinee.net\/wp-content\/uploads\/2021\/03\/Photo_1615062254058.jpg 2048w\" sizes=\"auto, (max-width: 1024px) 100vw, 1024px\" \/><\/figure>\n\n\n\n<p>Fatoumata Yattara, premi\u00e8re de la fili\u00e8re \u00e9lectricit\u00e9 industrielle, l&rsquo;une des b\u00e9n\u00e9ficiaires de ces dipl\u00f4m\u00e9s, s&rsquo;est f\u00e9licit\u00e9e d&rsquo;avoir relev\u00e9 le d\u00e9fi dont elle s&rsquo;\u00e9tait assign\u00e9e. <\/p>\n\n\n\n<p>&lt;&lt; <strong><em>Je suis tr\u00e8s heureuse ce matin, je remercie le bon Dieu, mes parents. Mes remerciements \u00e0 l&rsquo;endroit de mes formateurs. Ce matin je suis contente d&rsquo;obtenir mon dipl\u00f4me mais aussi d&rsquo;avoir relev\u00e9 le d\u00e9fi de ceux qui disent que l&rsquo;\u00e9lectricit\u00e9 n&rsquo;est pas faite pour les femmes, je profite pour dire \u00e0 mes s\u0153urs que tous les m\u00e9tiers que l&rsquo;homme fait que nous aussi on peut le faire il suffit d&rsquo;avoir la volont\u00e9 et le courage<\/em><\/strong> &gt;&gt; s&rsquo;est r\u00e9jouis la jeune fille.<\/p>\n\n\n\n<figure class=\"wp-block-image\"><img loading=\"lazy\" decoding=\"async\" width=\"720\" height=\"680\" src=\"http:\/\/www.friaguinee.net\/wp-content\/uploads\/2021\/03\/Photo_1615062443998.jpg\" alt=\"\" class=\"wp-image-30560\" srcset=\"https:\/\/www.friaguinee.net\/wp-content\/uploads\/2021\/03\/Photo_1615062443998.jpg 720w, https:\/\/www.friaguinee.net\/wp-content\/uploads\/2021\/03\/Photo_1615062443998-300x283.jpg 300w, https:\/\/www.friaguinee.net\/wp-content\/uploads\/2021\/03\/Photo_1615062443998-696x657.jpg 696w, https:\/\/www.friaguinee.net\/wp-content\/uploads\/2021\/03\/Photo_1615062443998-445x420.jpg 445w\" sizes=\"auto, (max-width: 720px) 100vw, 720px\" \/><figcaption>Fatoumata Yattara <\/figcaption><\/figure>\n\n\n\n<p>Pour rappel, le centre de formation professionnellede fria est construit en 1978 pour la  formation d&rsquo;une main-d&rsquo;oeuvre qualifi\u00e9e pour l&rsquo;usine Friguia. C&rsquo;est l&rsquo;un des tout premier centre de formation professionnelle construit en R\u00e9publique de Guin\u00e9e.<\/p>\n\n\n\n<p><strong>Alimou Gaoual Bah pour friaguinee.net <\/strong><\/p>\n","protected":false},"excerpt":{"rendered":"<p>Ce sont au total 115 \u00e9tudiants sortant du centre de formation professionnelle de Fria dont 8 filles, qui ont re\u00e7u leurs dipl\u00f4mes ce samedi 06 mars 2021 dans les fili\u00e8res de la m\u00e9canique auto, la chaudronnerie, la plomberie, l&rsquo;\u00e9lectricit\u00e9, la ma\u00e7onnerie et la menuiserie. La c\u00e9r\u00e9monie a d\u00e9marr\u00e9 par un carnaval des \u00e9tudiants suivi d&rsquo;une [&hellip;]<\/p>\n","protected":false},"author":2,"featured_media":30561,"comment_status":"open","ping_status":"open","sticky":false,"template":"","format":"standard","meta":{"footnotes":""},"categories":[5],"tags":[6279,312,6280,1014,49,347,307],"class_list":["post-30555","post","type-post","status-publish","format-standard","has-post-thumbnail","hentry","category-education","tag-39eme-promotion","tag-cfp","tag-david-camara","tag-diplomes","tag-fria","tag-remise","tag-rusal"],"_links":{"self":[{"href":"https:\/\/www.friaguinee.net\/index.php\/wp-json\/wp\/v2\/posts\/30555","targetHints":{"allow":["GET"]}}],"collection":[{"href":"https:\/\/www.friaguinee.net\/index.php\/wp-json\/wp\/v2\/posts"}],"about":[{"href":"https:\/\/www.friaguinee.net\/index.php\/wp-json\/wp\/v2\/types\/post"}],"author":[{"embeddable":true,"href":"https:\/\/www.friaguinee.net\/index.php\/wp-json\/wp\/v2\/users\/2"}],"replies":[{"embeddable":true,"href":"https:\/\/www.friaguinee.net\/index.php\/wp-json\/wp\/v2\/comments?post=30555"}],"version-history":[{"count":4,"href":"https:\/\/www.friaguinee.net\/index.php\/wp-json\/wp\/v2\/posts\/30555\/revisions"}],"predecessor-version":[{"id":30564,"href":"https:\/\/www.friaguinee.net\/index.php\/wp-json\/wp\/v2\/posts\/30555\/revisions\/30564"}],"wp:featuredmedia":[{"embeddable":true,"href":"https:\/\/www.friaguinee.net\/index.php\/wp-json\/wp\/v2\/media\/30561"}],"wp:attachment":[{"href":"https:\/\/www.friaguinee.net\/index.php\/wp-json\/wp\/v2\/media?parent=30555"}],"wp:term":[{"taxonomy":"category","embeddable":true,"href":"https:\/\/www.friaguinee.net\/index.php\/wp-json\/wp\/v2\/categories?post=30555"},{"taxonomy":"post_tag","embeddable":true,"href":"https:\/\/www.friaguinee.net\/index.php\/wp-json\/wp\/v2\/tags?post=30555"}],"curies":[{"name":"wp","href":"https:\/\/api.w.org\/{rel}","templated":true}]}}