{"id":30305,"date":"2021-03-01T07:57:18","date_gmt":"2021-03-01T07:57:18","guid":{"rendered":"http:\/\/www.friaguinee.net\/?p=30305"},"modified":"2021-03-01T07:57:20","modified_gmt":"2021-03-01T07:57:20","slug":"senegal-les-enseignants-en-greve-suite-a-une-serie-darrestations","status":"publish","type":"post","link":"https:\/\/www.friaguinee.net\/index.php\/2021\/03\/01\/senegal-les-enseignants-en-greve-suite-a-une-serie-darrestations\/","title":{"rendered":"S\u00e9n\u00e9gal : les enseignants en gr\u00e8ve suite \u00e0 une s\u00e9rie d\u2019arrestations"},"content":{"rendered":"\n<p>Des syndicats d\u2019enseignants ont d\u00e9cid\u00e9 d\u2019aller en gr\u00e8ve pour 24 heures ce 1er mars au S\u00e9n\u00e9gal suite aux arrestations d\u2019enseignants depuis quelques jours \u00e0 Dakar et dans d\u2018autres r\u00e9gions. Des arrestations qui seraient li\u00e9es \u00e0 l\u2019affaire Ousmane Sonko, ce leader de l\u2019opposition cit\u00e9 dans une affaire de viol qui d\u00e9fraie la chronique depuis pr\u00e8s de 3 semaines. Ils sont accus\u00e9s de vouloir fomenter des troubles \u00e0 l\u2019ordre public. Un motif jug\u00e9 insuffisant par ces syndicalistes.<\/p>\n\n\n\n<p>Ce lundi, le G20, qui regroupe une vingtaine de syndicats d\u2019enseignant, va observer une journ\u00e9e noire et une gr\u00e8ve de 24 heures, ce en guise de soutien \u00e0 plusieurs enseignants arr\u00eat\u00e9s ces derniers jours au S\u00e9n\u00e9gal.<\/p>\n\n\n\n<p>Parmi les personnes arr\u00eat\u00e9es, un syndicaliste du cadre unitaire des syndicats de l\u2019enseignement moyen secondaire, interpell\u00e9 samedi dernier lors d\u2019une manifestation\u00a0\u00e0 la place de l\u2019ind\u00e9pendance.<\/p>\n\n\n\n<p>\u00ab<em>Ce que nous voulons, c\u2019est que l\u2019enseignant soit mis \u00e0 sa place,<\/em> explique Gounia Niang ,vice-coordonnateur du G20.<em>M\u00eame s\u2019il doit \u00eatre interpell\u00e9, il y a une mani\u00e8re de le faire. Depuis que nous sommes sur la sc\u00e8ne syndicale, c\u2019est la premi\u00e8re fois que nous voyons un enseignant interpell\u00e9 dans sa classe. C\u2019est une humiliation. C\u2019est pour \u00e7a que nous avons voulu marquer le coup pour dire \u00e0 l\u2019Etat \u201cstop\u201d. Il faut qu\u2019il arr\u00eate. Nous serons garants des int\u00e9r\u00eats des enseignants et de l\u2019\u00e9cole mais aussi des libert\u00e9s consacr\u00e9es par la Constitution.<\/em>\u00bb Pour le moment ni la police qui a proc\u00e9d\u00e9 \u00e0 ces arrestations ; ni les syndicats d\u2019enseignants ne sont en mesure de donner le nombre exact d\u2019enseignants arr\u00eat\u00e9s durant ces derniers jours, ni les raisons. On nous confi\u00e9 que certains de ces enseignants sont membres ou sympathisants du parti <strong><a href=\"https:\/\/www.rfi.fr\/fr\/afrique\/20210227-s%C3%A9n%C3%A9gal-l-immunit%C3%A9-d-ousmane-sonko-lev%C3%A9e-ses-soutiens-pr%C3%A9voient-de-manifester\">Pastef de l\u2019opposant Ousmane Sonko<\/a><\/strong>.<\/p>\n\n\n\n<p><strong>Source : rfi.fr<\/strong><\/p>\n\n\n\n<p><br><\/p>\n","protected":false},"excerpt":{"rendered":"<p>Des syndicats d\u2019enseignants ont d\u00e9cid\u00e9 d\u2019aller en gr\u00e8ve pour 24 heures ce 1er mars au S\u00e9n\u00e9gal suite aux arrestations d\u2019enseignants depuis quelques jours \u00e0 Dakar et dans d\u2018autres r\u00e9gions. Des arrestations qui seraient li\u00e9es \u00e0 l\u2019affaire Ousmane Sonko, ce leader de l\u2019opposition cit\u00e9 dans une affaire de viol qui d\u00e9fraie la chronique depuis pr\u00e8s de [&hellip;]<\/p>\n","protected":false},"author":3,"featured_media":30306,"comment_status":"open","ping_status":"open","sticky":false,"template":"","format":"standard","meta":{"footnotes":""},"categories":[2],"tags":[],"class_list":["post-30305","post","type-post","status-publish","format-standard","has-post-thumbnail","hentry","category-actualites"],"_links":{"self":[{"href":"https:\/\/www.friaguinee.net\/index.php\/wp-json\/wp\/v2\/posts\/30305","targetHints":{"allow":["GET"]}}],"collection":[{"href":"https:\/\/www.friaguinee.net\/index.php\/wp-json\/wp\/v2\/posts"}],"about":[{"href":"https:\/\/www.friaguinee.net\/index.php\/wp-json\/wp\/v2\/types\/post"}],"author":[{"embeddable":true,"href":"https:\/\/www.friaguinee.net\/index.php\/wp-json\/wp\/v2\/users\/3"}],"replies":[{"embeddable":true,"href":"https:\/\/www.friaguinee.net\/index.php\/wp-json\/wp\/v2\/comments?post=30305"}],"version-history":[{"count":1,"href":"https:\/\/www.friaguinee.net\/index.php\/wp-json\/wp\/v2\/posts\/30305\/revisions"}],"predecessor-version":[{"id":30307,"href":"https:\/\/www.friaguinee.net\/index.php\/wp-json\/wp\/v2\/posts\/30305\/revisions\/30307"}],"wp:featuredmedia":[{"embeddable":true,"href":"https:\/\/www.friaguinee.net\/index.php\/wp-json\/wp\/v2\/media\/30306"}],"wp:attachment":[{"href":"https:\/\/www.friaguinee.net\/index.php\/wp-json\/wp\/v2\/media?parent=30305"}],"wp:term":[{"taxonomy":"category","embeddable":true,"href":"https:\/\/www.friaguinee.net\/index.php\/wp-json\/wp\/v2\/categories?post=30305"},{"taxonomy":"post_tag","embeddable":true,"href":"https:\/\/www.friaguinee.net\/index.php\/wp-json\/wp\/v2\/tags?post=30305"}],"curies":[{"name":"wp","href":"https:\/\/api.w.org\/{rel}","templated":true}]}}