{"id":30102,"date":"2021-02-20T20:50:30","date_gmt":"2021-02-20T20:50:30","guid":{"rendered":"http:\/\/www.friaguinee.net\/?p=30102"},"modified":"2021-02-20T20:50:33","modified_gmt":"2021-02-20T20:50:33","slug":"electricite-edg-apporte-des-precisions-sur-la-facturation-du-mois-de-janvier-communique","status":"publish","type":"post","link":"https:\/\/www.friaguinee.net\/index.php\/2021\/02\/20\/electricite-edg-apporte-des-precisions-sur-la-facturation-du-mois-de-janvier-communique\/","title":{"rendered":"\u00c9LECTRICIT\u00c9 : EDG apporte des pr\u00e9cisions sur la facturation du mois de janvier (communiqu\u00e9)"},"content":{"rendered":"\n<p><strong>Conakry, le 20 f\u00e9vrier 2021<\/strong><\/p>\n\n\n\n<p>La Direction G\u00e9n\u00e9rale de l\u2019EDG SA porte \u00e0 la connaissance de la population et de l\u2019ensemble de sa client\u00e8le que suite \u00e0 l\u2019annonce du Gouvernement en date du 10 d\u00e9cembre 2020 et au communiqu\u00e9 conjoint des ministres du Budget et de l\u2019Energie du 16 f\u00e9vrier 2021 mettant fin \u00e0 la prise en charge des factures d\u2019\u00e9lectricit\u00e9 au 31 d\u00e9cembre 2020, elle a proc\u00e9d\u00e9 \u00e0 l\u2019application de cette mesure.<\/p>\n\n\n\n<p>Pour rappel, la prise en charge totale des factures d\u2019\u00e9lectricit\u00e9 pour les m\u00e9nages vuln\u00e9rables concernait les abonn\u00e9s au tarif social qui englobe la tranche 1 et la tranche 2, conform\u00e9ment au plan de riposte COVID-19.<\/p>\n\n\n\n<p>A cet effet, quelques abonn\u00e9s verront leur facture de janvier 2021 \u00e9lev\u00e9e par rapport \u00e0 leur facturation bimestrielle habituelle.<\/p>\n\n\n\n<p>Cela s\u2019explique par les raisons suivantes :<\/p>\n\n\n\n<p>1. L\u2019existence pour certains abonn\u00e9s d\u2019un solde ant\u00e9rieur au 31 mars 2020 (avant la prise en charge de la facture par l\u2019\u00c9tat) ;<\/p>\n\n\n\n<p>2. L\u2019accumulation du non-paiement des consommations de la tranche 3 d\u2019avril \u00e0 d\u00e9cembre 2020 qui, conform\u00e9ment au plan de riposte Covid-19 devrait faire l\u2019objet d\u2019un report de paiement ;<\/p>\n\n\n\n<p>3. L\u2019existence d\u2019un solde de facture de consommation (de septembre \u00e0 d\u00e9cembre 2020) dont la tranche 1 et 2 sont prises en charge par l\u2019\u00c9tat et donc ne sont pas \u00e0 payer par les abonn\u00e9s. Ce solde dispara\u00eetra des prochaines factures d\u00e8s la mise \u00e0 jour du montant pris en charge par l\u2019\u00c9tat ;<\/p>\n\n\n\n<p>4. La facture fra\u00eeche de janvier 2021 qui est \u00e0 la charge de l\u2019abonn\u00e9.<\/p>\n\n\n\n<p>Par ailleurs, EDG signale \u00e9galement qu\u2019elle a enregistr\u00e9 une forte augmentation de la consommation d\u2019\u00e9lectricit\u00e9 pour l\u2019ensemble des m\u00e9nages pendant cette p\u00e9riode de crise sanitaire.<\/p>\n\n\n\n<p>C\u2019est le lieu pour la Direction G\u00e9n\u00e9rale de l\u2019EDG SA, de remercier Son Excellence Monsieur le Pr\u00e9sident de la R\u00e9publique, Professeur Alpha CONDE et son Gouvernement pour tout le soutien et les efforts consentis qui ont permis une fourniture suffisante et r\u00e9guli\u00e8re en \u00e9lectricit\u00e9 pendant neuf mois pour le bien-\u00eatre des populations en cette p\u00e9riode difficile.<\/p>\n\n\n\n<p>En d\u00e9finitive, la Direction G\u00e9n\u00e9rale de l\u2019EDG SA invite tous les abonn\u00e9s \u00e0 s\u2019acquitter de leur facture fra\u00eeche de janvier 2021 ainsi que leurs parts des factures impay\u00e9es ant\u00e9rieures.<\/p>\n\n\n\n<p>Elle exhorte les abonn\u00e9s \u00e0 se rendre dans leur agence la plus proche pour toute information ou \u00e0 appeler aux num\u00e9ros ci-dessous.<\/p>\n\n\n\n<p><strong>Centre d\u2019appel ALL\u00d4 EDG<\/strong><\/p>\n\n\n\n<p><strong>T\u00e9l. : 626 11 11 11<\/strong><\/p>\n","protected":false},"excerpt":{"rendered":"<p>Conakry, le 20 f\u00e9vrier 2021 La Direction G\u00e9n\u00e9rale de l\u2019EDG SA porte \u00e0 la connaissance de la population et de l\u2019ensemble de sa client\u00e8le que suite \u00e0 l\u2019annonce du Gouvernement en date du 10 d\u00e9cembre 2020 et au communiqu\u00e9 conjoint des ministres du Budget et de l\u2019Energie du 16 f\u00e9vrier 2021 mettant fin \u00e0 la [&hellip;]<\/p>\n","protected":false},"author":3,"featured_media":30064,"comment_status":"open","ping_status":"open","sticky":false,"template":"","format":"standard","meta":{"footnotes":""},"categories":[216],"tags":[],"class_list":["post-30102","post","type-post","status-publish","format-standard","has-post-thumbnail","hentry","category-energie"],"_links":{"self":[{"href":"https:\/\/www.friaguinee.net\/index.php\/wp-json\/wp\/v2\/posts\/30102","targetHints":{"allow":["GET"]}}],"collection":[{"href":"https:\/\/www.friaguinee.net\/index.php\/wp-json\/wp\/v2\/posts"}],"about":[{"href":"https:\/\/www.friaguinee.net\/index.php\/wp-json\/wp\/v2\/types\/post"}],"author":[{"embeddable":true,"href":"https:\/\/www.friaguinee.net\/index.php\/wp-json\/wp\/v2\/users\/3"}],"replies":[{"embeddable":true,"href":"https:\/\/www.friaguinee.net\/index.php\/wp-json\/wp\/v2\/comments?post=30102"}],"version-history":[{"count":1,"href":"https:\/\/www.friaguinee.net\/index.php\/wp-json\/wp\/v2\/posts\/30102\/revisions"}],"predecessor-version":[{"id":30103,"href":"https:\/\/www.friaguinee.net\/index.php\/wp-json\/wp\/v2\/posts\/30102\/revisions\/30103"}],"wp:featuredmedia":[{"embeddable":true,"href":"https:\/\/www.friaguinee.net\/index.php\/wp-json\/wp\/v2\/media\/30064"}],"wp:attachment":[{"href":"https:\/\/www.friaguinee.net\/index.php\/wp-json\/wp\/v2\/media?parent=30102"}],"wp:term":[{"taxonomy":"category","embeddable":true,"href":"https:\/\/www.friaguinee.net\/index.php\/wp-json\/wp\/v2\/categories?post=30102"},{"taxonomy":"post_tag","embeddable":true,"href":"https:\/\/www.friaguinee.net\/index.php\/wp-json\/wp\/v2\/tags?post=30102"}],"curies":[{"name":"wp","href":"https:\/\/api.w.org\/{rel}","templated":true}]}}