{"id":29894,"date":"2021-02-13T08:30:33","date_gmt":"2021-02-13T08:30:33","guid":{"rendered":"http:\/\/www.friaguinee.net\/?p=29894"},"modified":"2021-02-13T08:30:35","modified_gmt":"2021-02-13T08:30:35","slug":"priere-en-langue-maninka-nanfo-ismael-dement-son-expulsion-de-bamako","status":"publish","type":"post","link":"https:\/\/www.friaguinee.net\/index.php\/2021\/02\/13\/priere-en-langue-maninka-nanfo-ismael-dement-son-expulsion-de-bamako\/","title":{"rendered":"Pri\u00e8re en langue Maninka : Nanfo Isma\u00ebl d\u00e9ment son   expulsion de Bamako"},"content":{"rendered":"\n<p><em>Allah too la mahinala l\u00e9, hinala l\u00e9<\/em>\u201c<\/p>\n\n\n\n<p>Moi, imam Nanfo Isma\u00ebl Diaby, j\u2019ai entam\u00e9 une tourn\u00e9e ouest africaine qui m\u2019a conduit au Mali du mardi 02 f\u00e9vrier au vendredi 05 f\u00e9vrier 2021.<\/p>\n\n\n\n<p>Lors de mon s\u00e9jour \u00e0 Bamako, j\u2019ai \u00e9t\u00e9 re\u00e7u le mercredi 03 f\u00e9vrier 2021 avec tous les honneurs par le Guide Spirituel Ousmane Madane Ha\u00efdara de l\u2019Association An\u00e7ardines \u00e0 Bamako.<\/p>\n\n\n\n<p>Cette visite priv\u00e9e au domicile du Guide spirituel visait \u00e0 saluer la clairvoyance islamique du guide connue par ses prises de position li\u00e9e seulement au texte coranique et aux hadiths. Notamment, Ousmane Madani Ch\u00e9rif HAIDARA, fut le premier pr\u00e9dicateur \u00e0 dire haut et fort il y a une vingtaine d\u2019ann\u00e9es que dans les textes islamiques, rien n\u2019interdit la pri\u00e8re musulmane dans une autre langue que l\u2019arabe. Position qu\u2019il a assum\u00e9e et r\u00e9it\u00e9r\u00e9e lors de ma r\u00e9cente visite \u00e0 Bamako.<\/p>\n\n\n\n<p>Une semaine apr\u00e8s mon retour \u00e0 Kankan, j\u2019ai appris par voie de presse et \u00e0 travers les r\u00e9seaux sociaux \u00e0 travers une pr\u00e9tendue d\u00e9claration, que je suis menac\u00e9 d\u2019expulsion en terre africaine du Mali par le Haut Conseil Islamique du Mali \u00e0 l\u2019insu de son Pr\u00e9sident Ousmane Madane Ha\u00efdara. Toute d\u00e9claration de ce Haut Conseil sans son Pr\u00e9sident ne me fait ni chaud ni froid.<\/p>\n\n\n\n<p>Je remercie l\u2019\u00e9quipe de communication de An\u00e7ardines d\u2019avoir d\u00e9menti que le guide ait fait volte-face et s\u2019est d\u00e9die comme annonc\u00e9 dans la pr\u00e9tendue d\u00e9claration sous influence de sectes dont la promotion de l\u2019islam n\u2019est pas leur objectif, mais l\u2019arabisation de notre soci\u00e9t\u00e9.<\/p>\n\n\n\n<p>En tant que citoyen de la CEDEAO et imam panafricain, je me sens chez moi \u00e0 Bamako sur la terre africaine du Mand\u00e9n et aucune mesure ill\u00e9gale ne peut \u00eatre prise par les autorit\u00e9s maliennes contre un Mandenka comme moi sous injonction de membres de sectes soumises aux caprices de leurs ma\u00eetres \u00e9trangers sur le dos desquels ils vivent de mendicit\u00e9.<\/p>\n\n\n\n<p>Je rassure mes fr\u00e8res et s\u0153urs musulmans africains que j\u2019ai \u00e9t\u00e9 bien trait\u00e9 au Mali et que je suis chez moi \u00e0 Kankan depuis le Samedi 06 f\u00e9vrier dernier au petit matin, preuve que la d\u00e9claration est bas\u00e9e sur des \u00e9l\u00e9ments factuels faux.&nbsp; Loin s\u2019en faut, je serai toujours chez moi dans n\u2019importe quel pays de l\u2019Afrique de l\u2019ouest \u00e0 plus forte raison sur la terre Farafin du Mali.<\/p>\n\n\n\n<p>Enfin, j\u2019invite les correspondants de m\u00e9dias \u00e0 Kankan, \u00e0 la conf\u00e9rence de presse que j\u2019organise \u00e0 mon domicile priv\u00e9 de Bordo aujourd\u2019hui 12 f\u00e9vrier 2021 \u00e0 15h00 pour faire un compte-rendu de mon s\u00e9jour \u00e0 Bamako et donner ma version des faits \u00e0 la presse.<\/p>\n\n\n\n<p>Kankan, 12 f\u00e9vrier 2021<\/p>\n\n\n\n<p><strong>Le chroniqueur imam Nanfo Isma\u00ebl Diaby<\/strong><\/p>\n","protected":false},"excerpt":{"rendered":"<p>Allah too la mahinala l\u00e9, hinala l\u00e9\u201c Moi, imam Nanfo Isma\u00ebl Diaby, j\u2019ai entam\u00e9 une tourn\u00e9e ouest africaine qui m\u2019a conduit au Mali du mardi 02 f\u00e9vrier au vendredi 05 f\u00e9vrier 2021. Lors de mon s\u00e9jour \u00e0 Bamako, j\u2019ai \u00e9t\u00e9 re\u00e7u le mercredi 03 f\u00e9vrier 2021 avec tous les honneurs par le Guide Spirituel Ousmane [&hellip;]<\/p>\n","protected":false},"author":2,"featured_media":29897,"comment_status":"open","ping_status":"open","sticky":false,"template":"","format":"standard","meta":{"footnotes":""},"categories":[44],"tags":[3915,5174,4404,6164],"class_list":["post-29894","post","type-post","status-publish","format-standard","has-post-thumbnail","hentry","category-religion","tag-bamako","tag-expulsion","tag-ismael-nanfo-diaby","tag-priere-en-langue-maninka"],"_links":{"self":[{"href":"https:\/\/www.friaguinee.net\/index.php\/wp-json\/wp\/v2\/posts\/29894","targetHints":{"allow":["GET"]}}],"collection":[{"href":"https:\/\/www.friaguinee.net\/index.php\/wp-json\/wp\/v2\/posts"}],"about":[{"href":"https:\/\/www.friaguinee.net\/index.php\/wp-json\/wp\/v2\/types\/post"}],"author":[{"embeddable":true,"href":"https:\/\/www.friaguinee.net\/index.php\/wp-json\/wp\/v2\/users\/2"}],"replies":[{"embeddable":true,"href":"https:\/\/www.friaguinee.net\/index.php\/wp-json\/wp\/v2\/comments?post=29894"}],"version-history":[{"count":3,"href":"https:\/\/www.friaguinee.net\/index.php\/wp-json\/wp\/v2\/posts\/29894\/revisions"}],"predecessor-version":[{"id":29898,"href":"https:\/\/www.friaguinee.net\/index.php\/wp-json\/wp\/v2\/posts\/29894\/revisions\/29898"}],"wp:featuredmedia":[{"embeddable":true,"href":"https:\/\/www.friaguinee.net\/index.php\/wp-json\/wp\/v2\/media\/29897"}],"wp:attachment":[{"href":"https:\/\/www.friaguinee.net\/index.php\/wp-json\/wp\/v2\/media?parent=29894"}],"wp:term":[{"taxonomy":"category","embeddable":true,"href":"https:\/\/www.friaguinee.net\/index.php\/wp-json\/wp\/v2\/categories?post=29894"},{"taxonomy":"post_tag","embeddable":true,"href":"https:\/\/www.friaguinee.net\/index.php\/wp-json\/wp\/v2\/tags?post=29894"}],"curies":[{"name":"wp","href":"https:\/\/api.w.org\/{rel}","templated":true}]}}