{"id":29689,"date":"2021-02-08T08:56:42","date_gmt":"2021-02-08T08:56:42","guid":{"rendered":"http:\/\/www.friaguinee.net\/?p=29689"},"modified":"2021-02-08T08:56:43","modified_gmt":"2021-02-08T08:56:43","slug":"haiti-le-president-conteste-dit-avoir-dejoue-une-tentative-de-coup-detat","status":"publish","type":"post","link":"https:\/\/www.friaguinee.net\/index.php\/2021\/02\/08\/haiti-le-president-conteste-dit-avoir-dejoue-une-tentative-de-coup-detat\/","title":{"rendered":"Ha\u00efti : le pr\u00e9sident contest\u00e9 dit avoir d\u00e9jou\u00e9 une tentative de coup d\u2019Etat"},"content":{"rendered":"\n<p>Les autorit\u00e9s ha\u00eftiennes ont annonc\u00e9 avoir d\u00e9jou\u00e9 dimanche un projet de coup d\u2019Etat visant le pr\u00e9sident contest\u00e9 Jovenel Mo\u00efse, qui a assur\u00e9 avoir \u00e9chapp\u00e9 \u00e0 une tentative d\u2019assassinat.<\/p>\n\n\n\n<p>Cette \u201ctentative de coup d\u2019Etat\u201d implique un juge de la Cour de cassation et une inspectrice g\u00e9n\u00e9rale de la police nationale ha\u00eftienne, a d\u00e9taill\u00e9 le ministre de la Justice, Rockefeller Vincent, dans une conf\u00e9rence de presse.<\/p>\n\n\n\n<p>Vingt-trois personnes ont \u00e9t\u00e9 arr\u00eat\u00e9es au total, a pr\u00e9cis\u00e9 de son c\u00f4t\u00e9 le Premier ministre, Joseph Jouthe, \u00e9galement devant la presse.<\/p>\n\n\n\n<p>\u201cIls avaient contact\u00e9 des hauts grad\u00e9s de la police au Palais national qui avaient pour mission d\u2019arr\u00eater le pr\u00e9sident, de l\u2019amener dans cette habitation \u00e0 Petit bois (lieu de leur arrestation dans la capitale, NDLR) et faciliter l\u2019installation d\u2019un nouveau pr\u00e9sident provisoire qui aurait fait la transition\u201d, a d\u00e9taill\u00e9 le chef du gouvernement.<\/p>\n\n\n\n<p>\u2013 Discours d\u00e9j\u00e0 \u00e9crit \u2013<\/p>\n\n\n\n<p>Le Premier ministre du pays en profonde crise a ajout\u00e9 que, parmi des documents saisis, figurait le discours que le juge avait pr\u00e9vu de prononcer pour devenir ce nouveau pr\u00e9sident provisoire, dans un r\u00e9gime de transition.<\/p>\n\n\n\n<p>Plus t\u00f4t dans la matin\u00e9e, Jovenel Mo\u00efse a expliqu\u00e9 que les auteurs du coup de force d\u00e9jou\u00e9 en voulaient \u00e0 sa vie.<\/p>\n\n\n\n<p>\u201cJe remercie le responsable de ma s\u00e9curit\u00e9 au Palais. Le r\u00eave de ces gens \u00e9tait d\u2019attenter \u00e0 ma vie. Gr\u00e2ce au bon dieu, nous n\u2019avons pas vu \u00e7a. Ce plan a \u00e9t\u00e9 avort\u00e9\u201d, a d\u00e9clar\u00e9 M. Mo\u00efse.<\/p>\n\n\n\n<p>Le chef de l\u2019Etat ha\u00eftien s\u2019exprimait sur le tarmac de l\u2019a\u00e9roport de Port-au-Prince, entour\u00e9 de sa femme et de Joseph Jouthe. Il s\u2019est ensuite envol\u00e9 en direction de la ville baln\u00e9aire de Jacmel, pour l\u2019ouverture du carnaval.<\/p>\n\n\n\n<p>Le directeur g\u00e9n\u00e9ral de la police nationale, L\u00e9on Charles, a pr\u00e9cis\u00e9 que de l\u2019argent et des armes avaient \u00e9t\u00e9 saisis, notamment deux fusils d\u2019assaut M14, un mini Uzi, trois pistolets 9 mm et plusieurs machettes.<\/p>\n\n\n\n<p>M. Mo\u00efse soutient que son mandat \u00e0 la t\u00eate du pays carib\u00e9en court jusqu\u2019au 7 f\u00e9vrier 2022.<\/p>\n\n\n\n<p>\u2013 Le 7 f\u00e9vrier oui, mais lequel ? \u2013<\/p>\n\n\n\n<p>Mais cette date est d\u00e9nonc\u00e9e par une bonne partie de la population ha\u00eftienne, selon qui le mandat de cinq ans de M. Mo\u00efse arrive \u00e0 terme un an plus t\u00f4t, ce dimanche 7 f\u00e9vrier 2021.<\/p>\n\n\n\n<p>Ce d\u00e9saccord de date est n\u00e9 du fait que Jovenel Mo\u00efse avait \u00e9t\u00e9 \u00e9lu lors d\u2019un scrutin annul\u00e9 pour fraudes, puis r\u00e9\u00e9lu un an plus tard.<\/p>\n\n\n\n<p>Le pays s\u2019est encore davantage enfonc\u00e9 dans la crise au long de l\u2019ann\u00e9e 2020, priv\u00e9 de parlement et gangren\u00e9 par les violences.<\/p>\n\n\n\n<p>Isol\u00e9, le pr\u00e9sident Mo\u00efse gouverne par d\u00e9crets, alimentant une d\u00e9fiance croissante au sein de la population.<\/p>\n\n\n\n<p>Port-au-Prince a \u00e9t\u00e9 le th\u00e9\u00e2tre dimanche de manifestations clairsem\u00e9es \u00e9maill\u00e9es de quelques \u00e9chauffour\u00e9es avec la police.<\/p>\n\n\n\n<p><strong>AFP<\/strong><\/p>\n","protected":false},"excerpt":{"rendered":"<p>Les autorit\u00e9s ha\u00eftiennes ont annonc\u00e9 avoir d\u00e9jou\u00e9 dimanche un projet de coup d\u2019Etat visant le pr\u00e9sident contest\u00e9 Jovenel Mo\u00efse, qui a assur\u00e9 avoir \u00e9chapp\u00e9 \u00e0 une tentative d\u2019assassinat. Cette \u201ctentative de coup d\u2019Etat\u201d implique un juge de la Cour de cassation et une inspectrice g\u00e9n\u00e9rale de la police nationale ha\u00eftienne, a d\u00e9taill\u00e9 le ministre de [&hellip;]<\/p>\n","protected":false},"author":3,"featured_media":29690,"comment_status":"open","ping_status":"open","sticky":false,"template":"","format":"standard","meta":{"footnotes":""},"categories":[2],"tags":[],"class_list":["post-29689","post","type-post","status-publish","format-standard","has-post-thumbnail","hentry","category-actualites"],"_links":{"self":[{"href":"https:\/\/www.friaguinee.net\/index.php\/wp-json\/wp\/v2\/posts\/29689","targetHints":{"allow":["GET"]}}],"collection":[{"href":"https:\/\/www.friaguinee.net\/index.php\/wp-json\/wp\/v2\/posts"}],"about":[{"href":"https:\/\/www.friaguinee.net\/index.php\/wp-json\/wp\/v2\/types\/post"}],"author":[{"embeddable":true,"href":"https:\/\/www.friaguinee.net\/index.php\/wp-json\/wp\/v2\/users\/3"}],"replies":[{"embeddable":true,"href":"https:\/\/www.friaguinee.net\/index.php\/wp-json\/wp\/v2\/comments?post=29689"}],"version-history":[{"count":1,"href":"https:\/\/www.friaguinee.net\/index.php\/wp-json\/wp\/v2\/posts\/29689\/revisions"}],"predecessor-version":[{"id":29691,"href":"https:\/\/www.friaguinee.net\/index.php\/wp-json\/wp\/v2\/posts\/29689\/revisions\/29691"}],"wp:featuredmedia":[{"embeddable":true,"href":"https:\/\/www.friaguinee.net\/index.php\/wp-json\/wp\/v2\/media\/29690"}],"wp:attachment":[{"href":"https:\/\/www.friaguinee.net\/index.php\/wp-json\/wp\/v2\/media?parent=29689"}],"wp:term":[{"taxonomy":"category","embeddable":true,"href":"https:\/\/www.friaguinee.net\/index.php\/wp-json\/wp\/v2\/categories?post=29689"},{"taxonomy":"post_tag","embeddable":true,"href":"https:\/\/www.friaguinee.net\/index.php\/wp-json\/wp\/v2\/tags?post=29689"}],"curies":[{"name":"wp","href":"https:\/\/api.w.org\/{rel}","templated":true}]}}