{"id":29165,"date":"2021-01-22T12:36:29","date_gmt":"2021-01-22T12:36:29","guid":{"rendered":"http:\/\/www.friaguinee.net\/?p=29165"},"modified":"2021-01-22T12:36:30","modified_gmt":"2021-01-22T12:36:30","slug":"guinee-mort-en-detention-de-lopposant-mamadou-oury-barry-declaration-de-lunion-europeenne","status":"publish","type":"post","link":"https:\/\/www.friaguinee.net\/index.php\/2021\/01\/22\/guinee-mort-en-detention-de-lopposant-mamadou-oury-barry-declaration-de-lunion-europeenne\/","title":{"rendered":"Guin\u00e9e\/Mort en d\u00e9tention de l\u2019opposant Mamadou Oury Barry  : d\u00e9claration de l&rsquo;Union Europ\u00e9enne"},"content":{"rendered":"\n<p>Monsieur Mamadou Oury Barry est d\u00e9c\u00e9d\u00e9 le 16 janvier alors qu\u2019il \u00e9tait incarc\u00e9r\u00e9 \u00e0 la prison centrale de Conakry.<\/p>\n\n\n\n<p>Cet \u00e9v\u00e9nement rallonge la liste des opposants politiques d\u00e9c\u00e9d\u00e9s en d\u00e9tention en Guin\u00e9e ces derniers mois. Ces faits, r\u00e9p\u00e9t\u00e9s, mettent en \u00e9vidence les dysfonctionnements du syst\u00e8me p\u00e9nitentiaire et de l\u2019appareil judiciaire guin\u00e9en.<\/p>\n\n\n\n<p>L\u2019Union europ\u00e9enne appelle les autorit\u00e9s guin\u00e9ennes \u00e0 rem\u00e9dier \u00e0 cette situation et \u00e0 ce que la justice puisse pleinement s\u2019exercer sur la base d\u2019enqu\u00eates men\u00e9es en toute ind\u00e9pendance. <\/p>\n\n\n\n<p>Le droit \u00e0 un proc\u00e8s \u00e9quitable et \u00e0 la dignit\u00e9 pour les d\u00e9tenus fait partie int\u00e9grante des Droits de l\u2019Homme \u00e0 laquelle l\u2019Union europ\u00e9enne est ind\u00e9fectiblement attach\u00e9e ainsi qu\u2019\u00e0 la libert\u00e9 d\u2019association, d\u2019expression et de manifestation.<\/p>\n","protected":false},"excerpt":{"rendered":"<p>Monsieur Mamadou Oury Barry est d\u00e9c\u00e9d\u00e9 le 16 janvier alors qu\u2019il \u00e9tait incarc\u00e9r\u00e9 \u00e0 la prison centrale de Conakry. Cet \u00e9v\u00e9nement rallonge la liste des opposants politiques d\u00e9c\u00e9d\u00e9s en d\u00e9tention en Guin\u00e9e ces derniers mois. Ces faits, r\u00e9p\u00e9t\u00e9s, mettent en \u00e9vidence les dysfonctionnements du syst\u00e8me p\u00e9nitentiaire et de l\u2019appareil judiciaire guin\u00e9en. L\u2019Union europ\u00e9enne appelle les [&hellip;]<\/p>\n","protected":false},"author":2,"featured_media":29166,"comment_status":"open","ping_status":"open","sticky":false,"template":"","format":"standard","meta":{"footnotes":""},"categories":[414],"tags":[148,1843],"class_list":["post-29165","post","type-post","status-publish","format-standard","has-post-thumbnail","hentry","category-communique","tag-guinee","tag-union-europeenne"],"_links":{"self":[{"href":"https:\/\/www.friaguinee.net\/index.php\/wp-json\/wp\/v2\/posts\/29165","targetHints":{"allow":["GET"]}}],"collection":[{"href":"https:\/\/www.friaguinee.net\/index.php\/wp-json\/wp\/v2\/posts"}],"about":[{"href":"https:\/\/www.friaguinee.net\/index.php\/wp-json\/wp\/v2\/types\/post"}],"author":[{"embeddable":true,"href":"https:\/\/www.friaguinee.net\/index.php\/wp-json\/wp\/v2\/users\/2"}],"replies":[{"embeddable":true,"href":"https:\/\/www.friaguinee.net\/index.php\/wp-json\/wp\/v2\/comments?post=29165"}],"version-history":[{"count":1,"href":"https:\/\/www.friaguinee.net\/index.php\/wp-json\/wp\/v2\/posts\/29165\/revisions"}],"predecessor-version":[{"id":29167,"href":"https:\/\/www.friaguinee.net\/index.php\/wp-json\/wp\/v2\/posts\/29165\/revisions\/29167"}],"wp:featuredmedia":[{"embeddable":true,"href":"https:\/\/www.friaguinee.net\/index.php\/wp-json\/wp\/v2\/media\/29166"}],"wp:attachment":[{"href":"https:\/\/www.friaguinee.net\/index.php\/wp-json\/wp\/v2\/media?parent=29165"}],"wp:term":[{"taxonomy":"category","embeddable":true,"href":"https:\/\/www.friaguinee.net\/index.php\/wp-json\/wp\/v2\/categories?post=29165"},{"taxonomy":"post_tag","embeddable":true,"href":"https:\/\/www.friaguinee.net\/index.php\/wp-json\/wp\/v2\/tags?post=29165"}],"curies":[{"name":"wp","href":"https:\/\/api.w.org\/{rel}","templated":true}]}}