{"id":29101,"date":"2021-01-20T13:16:31","date_gmt":"2021-01-20T13:16:31","guid":{"rendered":"http:\/\/www.friaguinee.net\/?p=29101"},"modified":"2021-01-20T13:16:34","modified_gmt":"2021-01-20T13:16:34","slug":"tribune-les-defis-du-gouverner-autrement-par-honorable-zeinab-camara","status":"publish","type":"post","link":"https:\/\/www.friaguinee.net\/index.php\/2021\/01\/20\/tribune-les-defis-du-gouverner-autrement-par-honorable-zeinab-camara\/","title":{"rendered":"Tribune : \u00ab\u00a0Les d\u00e9fis du gouverner autrement\u00a0\u00bb (Par Honorable Zeinab Camara)"},"content":{"rendered":"\n<p><ins><br><\/ins>L\u2019annonce de la nomination du nouveau gouvernement, suite \u00e0 l\u2019\u00e9lection du Pr\u00e9sident de la R\u00e9publique, le Professeur Alpha Cond\u00e9, le 18 octobre 2020, vient mettre fin \u00e0 plusieurs mois d\u2019attente, de sp\u00e9culations et d\u2019accalmie.<\/p>\n\n\n\n<p>Je tiens de prime abord \u00e0 f\u00e9liciter chaleureusement la nouvelle \u00e9quipe gouvernementale avec \u00e0 sa t\u00eate, le Premier Ministre, Chef du Gouvernement, le Docteur Ibrahima Kassory Fofana. Ce premier gouvernement de la 4<sup>\u00e8me<\/sup>&nbsp;R\u00e9publique est compos\u00e9 de femmes et d\u2019hommes comp\u00e9tents et talentueux qui sont, sans aucun doute, guid\u00e9s par le service de l\u2019int\u00e9r\u00eat g\u00e9n\u00e9ral et qui ont pris toute la mesure de la t\u00e2che qui les attend au cours de cette nouvelle mandature, tant les attentes de nos concitoyens sont nombreuses.<\/p>\n\n\n\n<p>Les attentes sont immenses, les d\u00e9fis sont importants d\u2019autant plus que la covid-19 a port\u00e9 un coup dur aux m\u00e9nages et \u00e0 l\u2019activit\u00e9 des entreprises formelles comme informelles. Ce sont 30 \u00e0 50% des m\u00e9nages qui ont vu leur revenu baisser<a href=\"https:\/\/ledjely.com\/2021\/01\/20\/nouveau-mandat-les-defis-du-gouverner-autrement-selon-lhon-zeinab-camara\/#_ftn1\">[1]<\/a>. Cette baisse de revenu a contribu\u00e9 fortement \u00e0 la d\u00e9gradation de leurs conditions de vie. Au niveau des entreprises, 80% des entreprises formelles ont enregistr\u00e9 une baisse de leur chiffre d\u2019affaires<a href=\"https:\/\/ledjely.com\/2021\/01\/20\/nouveau-mandat-les-defis-du-gouverner-autrement-selon-lhon-zeinab-camara\/#_ftn2\">[2]<\/a>. Quant aux entreprises informelles, 91,5% ont vu leur chiffre d\u2019affaires baisser et nombreuses sont celles qui sont confront\u00e9es \u00e0 des difficult\u00e9s de tr\u00e9sorerie<a href=\"https:\/\/ledjely.com\/2021\/01\/20\/nouveau-mandat-les-defis-du-gouverner-autrement-selon-lhon-zeinab-camara\/#_ftn3\">[3]<\/a>.<\/p>\n\n\n\n<p>Et ce malgr\u00e9 la forte impulsion lanc\u00e9e par le Pr\u00e9sident de la R\u00e9publique depuis qu\u2019il dirige notre pays, car Il faut \u00eatre de mauvaise foi pour ne pas reconnaitre le grand bond en avant, en mati\u00e8re de d\u00e9veloppement socio-\u00e9conomique, qu\u2019a fait notre pays entre 2010 et 2020.<\/p>\n\n\n\n<p>Cependant, les d\u00e9fis que seront amen\u00e9s \u00e0 relever les nouveaux membres du gouvernement ne devront pas \u00eatre pris \u00e0 la l\u00e9g\u00e8re, d\u2019autant plus que le changement de cap annonc\u00e9 par le Pr\u00e9sident de la R\u00e9publique, \u00e0 travers le concept de \u00ab&nbsp;<em>Gouverner autrement&nbsp;!<\/em>&nbsp;\u00bb laisse esp\u00e9rer \u00e0 &nbsp;nos concitoyens une nouvelle \u00e8re plus prosp\u00e8re et plus sereine.<\/p>\n\n\n\n<p>Une nouvelle \u00e8re dans laquelle s\u2019enracine la vision du Pr\u00e9sident de la R\u00e9publique de construire une Guin\u00e9e meilleure. &nbsp;L\u2019engagement politique et l\u2019amour que chacun de nous a pour la Guin\u00e9e vont au-del\u00e0 du temps et des circonstances. Nous devons nous retrouver autour de certaines valeurs. Les valeurs tir\u00e9es de la diversit\u00e9 de notre pays doivent \u00eatre le socle de notre nation notamment la paix, la solidarit\u00e9, le partage, l\u2019int\u00e9grit\u00e9, l\u2019humilit\u00e9, l\u2019excellence et l\u2019engagement.<\/p>\n\n\n\n<p>Le premier d\u00e9fi du gouvernement est celui de l\u2019\u00e9ducation et de la promotion de la jeunesse. Notre pays est majoritairement jeune avec 44% de moins de 15 ans<a href=\"https:\/\/ledjely.com\/2021\/01\/20\/nouveau-mandat-les-defis-du-gouverner-autrement-selon-lhon-zeinab-camara\/#_ftn4\">[4]<\/a>. Il s\u2019agira d\u2019\u0153uvrer sans rel\u00e2che \u00e0 b\u00e2tir une soci\u00e9t\u00e9 dans laquelle nos enfants, gar\u00e7ons comme filles, b\u00e9n\u00e9ficieront d\u2019une \u00e9ducation et d\u2019une formation de qualit\u00e9. L\u2019\u00e9ducation est la cl\u00e9 de l\u2019\u00e9panouissement, du d\u00e9veloppement social et de l\u2019affranchissement \u00e9conomique. C\u2019est pourquoi, la transmission interg\u00e9n\u00e9rationnelle et des savoirs fondamentaux doivent \u00eatre une priorit\u00e9. Notre jeunesse doit pouvoir inspirer notre nation par ses talents, ses savoir-faire et innovations. Il faudra \u00e9galement inculquer les valeurs r\u00e9publicaines \u00e0 notre jeunesse en int\u00e9grant l\u2019\u00e9ducation \u00e0 la citoyennet\u00e9 dans les programmes scolaires et le service civique dans le cursus universitaire. Aussi l\u2019\u00e9conomie du sport et le d\u00e9veloppement de l\u2019industrie culturelle ne doivent pas \u00eatre minimis\u00e9s. Ce sont des gages de d\u00e9veloppement \u00e9conomique et social.<\/p>\n\n\n\n<p>Garantir une meilleure sant\u00e9 pour tous est le deuxi\u00e8me d\u00e9fi. En effet, notre syst\u00e8me sanitaire a \u00e9t\u00e9 durement \u00e9prouv\u00e9 par les \u00e9pid\u00e9mies et pand\u00e9mies. Il va \u00eatre question d\u2019accentuer les efforts d\u00e9j\u00e0 engag\u00e9s pour d\u00e9velopper notre syst\u00e8me de sant\u00e9 afin qu\u2019il soit en mesure de faire face \u00e0 tout type de probl\u00e9matique sanitaire et ainsi permettre \u00e0 chaque guin\u00e9en de pouvoir b\u00e9n\u00e9ficier d\u2019un acc\u00e8s universel \u00e0 des services et soins de sant\u00e9 de qualit\u00e9. Il s\u2019agira \u00e9galement de renforcer le d\u00e9ploiement de structures de sant\u00e9 afin de rapprocher les offres de soins des populations. Aussi, renforcer le d\u00e9ploiement du personnel sanitaire dans les zones rurales.<\/p>\n\n\n\n<p>Le troisi\u00e8me d\u00e9fi est le renforcement de notre d\u00e9mocratie. Cela passe n\u00e9cessairement par le r\u00e9tablissement de l\u2019autorit\u00e9 de l\u2019Etat et la d\u00e9politisation de l\u2019administration publique. Le nouveau gouvernement aura \u00e0 promouvoir une d\u00e9mocratie participative avec davantage d\u2019autonomie des collectivit\u00e9s locales. La participation des citoyens \u00e0 la gestion des services publics locaux constitue l\u2019une des nouvelles exigences de toute soci\u00e9t\u00e9 moderne. Les citoyens doivent \u00eatre davantage impliqu\u00e9s dans la gestion des affaires publiques.<\/p>\n\n\n\n<p>Egalement, une importante r\u00e9forme de notre administration publique s\u2019impose. Il faudra am\u00e9liorer la qualit\u00e9 du service public par sa transformation digitale progressive. Notre administration ne doit pas rester en marge de la r\u00e9volution num\u00e9rique. Cela permettra la simplification des d\u00e9marches administratives, notamment, par la facilit\u00e9 d\u2019acc\u00e8s pour nos concitoyens au service public, la qualit\u00e9 de leur accueil et le traitement dans un d\u00e9lai raisonnable de leurs demandes. Il doit parall\u00e8lement s\u2019op\u00e9rer une am\u00e9lioration des conditions de travail des fonctionnaires ainsi qu\u2019une strat\u00e9gie d\u2019attraction et de r\u00e9tention des cadres. Seules la m\u00e9ritocratie et la comp\u00e9tence doivent primer dans les crit\u00e8res de s\u00e9lection. Aussi, la lutte contre l\u2019impunit\u00e9 et la promotion de la bonne gouvernance doivent demeurer une priorit\u00e9.<\/p>\n\n\n\n<p>Enfin, notre syst\u00e8me judiciaire doit jouer son r\u00f4le d\u2019arbitre et de r\u00e9gulateur social en \u00e9tant plus libre et plus ind\u00e9pendant. La justice est le garant des droits et libert\u00e9s individuelles et collectives. Elle est un maillon indispensable pour le respect de l\u2019Etat de droit et la protection des droits de l\u2019homme. Un pouvoir judiciaire ind\u00e9pendant signifie que toutes les victimes peuvent demander une r\u00e9paration, que tous les auteurs de d\u00e9lits et de crimes sont traduits en justice, et que toute personne suspect\u00e9e de crime a le droit \u00e0 un proc\u00e8s \u00e9quitable. Notre justice doit \u00eatre en mesure de faire appliquer le principe selon lequel tous les citoyens guin\u00e9ens sont \u00e9gaux en droits et en devoirs et que nul n\u2019est au-dessus de la loi. C\u2019est seulement \u00e0 ce prix que nous pourrons ramener la confiance de nos concitoyens dans les institutions r\u00e9publicaines.<\/p>\n\n\n\n<p>Le quatri\u00e8me d\u00e9fi est la r\u00e9duction de la pauvret\u00e9 et des in\u00e9galit\u00e9s sociales. Le taux de pauvret\u00e9 est \u00e9valu\u00e9 \u00e0 41,82%<a href=\"https:\/\/ledjely.com\/2021\/01\/20\/nouveau-mandat-les-defis-du-gouverner-autrement-selon-lhon-zeinab-camara\/#_ftn5\">[5]<\/a>&nbsp;avec des disparit\u00e9s plus ou moins importantes selon les r\u00e9gions. A titre d\u2019exemple, l\u2019incidence de la pauvret\u00e9 est beaucoup plus accentu\u00e9e \u00e0 Kindia avec 59,66% par rapport \u00e0 Conakry o\u00f9 18,07% de la population vit en dessous du seuil de pauvret\u00e9. En plus des disparit\u00e9s r\u00e9gionales, la pauvret\u00e9 est beaucoup plus marqu\u00e9e en milieu rural car, son incidence est de 53,12% contre 21,29% en milieu urbain<a href=\"https:\/\/ledjely.com\/2021\/01\/20\/nouveau-mandat-les-defis-du-gouverner-autrement-selon-lhon-zeinab-camara\/#_ftn6\">[6]<\/a>. Le constat est criard, la plupart de nos populations qui vivent sous le seuil de pauvret\u00e9 sont en milieu rural. Leur survie et leur s\u00e9curit\u00e9 alimentaire d\u00e9pendent de l\u2019agriculture, de l\u2019\u00e9levage et de la p\u00eache. Toutefois, comme ils n\u2019ont ni les ressources ni les savoirs n\u00e9cessaires pour investir dans la mise en valeur de leurs activit\u00e9s et de leurs moyens d\u2019existence, ils n\u2019ont souvent acc\u00e8s ni aux avanc\u00e9es technologiques ni aux march\u00e9s et aux financements qui leur permettraient d\u2019am\u00e9liorer significativement leur productivit\u00e9 et leurs revenus. A cet effet, il est primordial d\u2019agir sur les domaines pertinents avec comme pr\u00e9occupation perp\u00e9tuelle l\u2019am\u00e9lioration des conditions de vie des populations. L\u2019objectif \u00e9tant de cr\u00e9er davantage de richesses mais surtout de les redistribuer \u00e9quitablement.<\/p>\n\n\n\n<p>Le cinqui\u00e8me d\u00e9fi est l\u2019autonomisation de la femme guin\u00e9enne. Les femmes comptent pour 52% de la population guin\u00e9enne<a href=\"https:\/\/ledjely.com\/2021\/01\/20\/nouveau-mandat-les-defis-du-gouverner-autrement-selon-lhon-zeinab-camara\/#_ftn7\">[7]<\/a>&nbsp;donc plus de la moiti\u00e9. Dans notre soci\u00e9t\u00e9 encore tr\u00e8s conservatrice, le gouvernement devra promouvoir davantage la promotion et l\u2019\u00e9mancipation de la jeune fille et de la femme guin\u00e9ennes. Cela passe n\u00e9cessaire par l\u2019application effective des lois relatives \u00e0 la protection et \u00e0 la promotion de la femme notamment la loi instituant la parit\u00e9 entre les hommes et les femmes pour l\u2019acc\u00e8s aux mandats \u00e9lectoraux et aux fonctions \u00e9lectives dans les institutions publiques ainsi que les lois r\u00e9primant toutes formes de violences faites aux femmes qu\u2019elles soient morales ou physiques. Par ailleurs, les femmes participant fortement aux activit\u00e9s \u00e9conomiques doivent \u00eatre soutenues et accompagn\u00e9es.<\/p>\n\n\n\n<p>Cependant, il faudrait tout de m\u00eame noter que plusieurs initiatives pr\u00e9sidentielles ces derni\u00e8res ann\u00e9es vont dans ce sens. Il s\u2019agira de les renforcer et de les consolider afin qu\u2019un plus grand nombre de femmes puisse en b\u00e9n\u00e9ficier.<\/p>\n\n\n\n<p>Le sixi\u00e8me d\u00e9fi est le perfectionnement de l\u2019outil diplomatique de la Guin\u00e9e. Notre diplomatie doit prendre part activement \u00e0 toute initiative visant au renforcement et \u00e0 la consolidation de l\u2019int\u00e9gration africaine. Il conviendra aussi d\u2019accroitre nos \u00e9changes commerciaux, ainsi que nos relations de coop\u00e9ration avec les pays de la sous-r\u00e9gion. \u00c9galement, l\u2019outil diplomatique guin\u00e9en devra servir au mieux nos concitoyens \u00e0 l\u2019\u00e9tranger car la diaspora est un outil de d\u00e9veloppement \u00e9conomique et social important dont on ne pourrait faire l\u2019\u00e9conomie. Le gouvernement doit absolument faire rayonner notre pays dans le monde \u00e0 travers sa diplomatie.<\/p>\n\n\n\n<p>Enfin le septi\u00e8me d\u00e9fi est le renforcement de notre coh\u00e9sion sociale. Apr\u00e8s tous ces nombreux mois de tensions et de crispations, le nouveau gouvernement aura la responsabilit\u00e9 de jouer la carte de l\u2019apaisement et du dialogue afin de garantir la stabilit\u00e9 \u00e0 notre pays. Le Pr\u00e9sident de la R\u00e9publique a fait preuve d\u2019une grande humilit\u00e9 en tendant la main \u00e0 ses adversaires politiques. Le Gouvernement devra \u00e0 son tour s\u2019inscrire dans cette dynamique qui lui permettra d\u2019\u00e9voluer dans un environnement moins hostile et plus serein.<\/p>\n\n\n\n<p>Tous ces d\u00e9fis sont prioritaires et doivent \u00eatre relev\u00e9s avec acharnement et d\u00e9termination. Je souhaite tous les v\u0153ux de r\u00e9ussite et de succ\u00e8s \u00e0 notre Gouvernement dans leur t\u00e2che et nous, en tant qu\u2019\u00e9lus du Peuple, nous demeurons engag\u00e9s aux c\u00f4t\u00e9s de nos institutions constitutionnelles afin que ces nombreux d\u00e9fis soient relev\u00e9s car la r\u00e9ussite du pouvoir ex\u00e9cutif sera la r\u00e9ussite de toute la Guin\u00e9e.<\/p>\n\n\n\n<p><strong>Hon. Zeinab CAMARA<\/strong><\/p>\n\n\n\n<p><a href=\"https:\/\/ledjely.com\/2021\/01\/20\/nouveau-mandat-les-defis-du-gouverner-autrement-selon-lhon-zeinab-camara\/#_ftnref1\">[1]<\/a>&nbsp;Rapport_COVID-19_vf.pdf<\/p>\n\n\n\n<p><a href=\"https:\/\/ledjely.com\/2021\/01\/20\/nouveau-mandat-les-defis-du-gouverner-autrement-selon-lhon-zeinab-camara\/#_ftnref2\">[2]<\/a>&nbsp;Rapport_COVID-19_vf.pdf<\/p>\n\n\n\n<p><a href=\"https:\/\/ledjely.com\/2021\/01\/20\/nouveau-mandat-les-defis-du-gouverner-autrement-selon-lhon-zeinab-camara\/#_ftnref3\">[3]<\/a>&nbsp;Rapport_COVID-19_vf.pdf<\/p>\n\n\n\n<p><a href=\"https:\/\/ledjely.com\/2021\/01\/20\/nouveau-mandat-les-defis-du-gouverner-autrement-selon-lhon-zeinab-camara\/#_ftnref4\">[4]<\/a>&nbsp;Annuaire_INS_2019_opt.pdf<\/p>\n\n\n\n<p><a href=\"https:\/\/ledjely.com\/2021\/01\/20\/nouveau-mandat-les-defis-du-gouverner-autrement-selon-lhon-zeinab-camara\/#_ftnref5\">[5]<\/a>&nbsp;Conjoncture \u00e9conomique GN trismestre 2020.pdf<\/p>\n\n\n\n<p><a href=\"https:\/\/ledjely.com\/2021\/01\/20\/nouveau-mandat-les-defis-du-gouverner-autrement-selon-lhon-zeinab-camara\/#_ftnref6\">[6]<\/a>&nbsp;Conjoncture \u00e9conomique GN trismestre 2020.pdf<\/p>\n\n\n\n<p><a href=\"https:\/\/ledjely.com\/2021\/01\/20\/nouveau-mandat-les-defis-du-gouverner-autrement-selon-lhon-zeinab-camara\/#_ftnref7\">[7]<\/a>&nbsp;Annuaire_INS_2019_opt.pdf<\/p>\n","protected":false},"excerpt":{"rendered":"<p>L\u2019annonce de la nomination du nouveau gouvernement, suite \u00e0 l\u2019\u00e9lection du Pr\u00e9sident de la R\u00e9publique, le Professeur Alpha Cond\u00e9, le 18 octobre 2020, vient mettre fin \u00e0 plusieurs mois d\u2019attente, de sp\u00e9culations et d\u2019accalmie. Je tiens de prime abord \u00e0 f\u00e9liciter chaleureusement la nouvelle \u00e9quipe gouvernementale avec \u00e0 sa t\u00eate, le Premier Ministre, Chef du [&hellip;]<\/p>\n","protected":false},"author":2,"featured_media":29104,"comment_status":"open","ping_status":"open","sticky":false,"template":"","format":"standard","meta":{"footnotes":""},"categories":[1270],"tags":[148,5145,6001,4319],"class_list":["post-29101","post","type-post","status-publish","format-standard","has-post-thumbnail","hentry","category-tribune","tag-guinee","tag-honorable-zeinab-camara","tag-les-defis-du-gouverner-autrement","tag-nouveau-gouvernement"],"_links":{"self":[{"href":"https:\/\/www.friaguinee.net\/index.php\/wp-json\/wp\/v2\/posts\/29101","targetHints":{"allow":["GET"]}}],"collection":[{"href":"https:\/\/www.friaguinee.net\/index.php\/wp-json\/wp\/v2\/posts"}],"about":[{"href":"https:\/\/www.friaguinee.net\/index.php\/wp-json\/wp\/v2\/types\/post"}],"author":[{"embeddable":true,"href":"https:\/\/www.friaguinee.net\/index.php\/wp-json\/wp\/v2\/users\/2"}],"replies":[{"embeddable":true,"href":"https:\/\/www.friaguinee.net\/index.php\/wp-json\/wp\/v2\/comments?post=29101"}],"version-history":[{"count":2,"href":"https:\/\/www.friaguinee.net\/index.php\/wp-json\/wp\/v2\/posts\/29101\/revisions"}],"predecessor-version":[{"id":29103,"href":"https:\/\/www.friaguinee.net\/index.php\/wp-json\/wp\/v2\/posts\/29101\/revisions\/29103"}],"wp:featuredmedia":[{"embeddable":true,"href":"https:\/\/www.friaguinee.net\/index.php\/wp-json\/wp\/v2\/media\/29104"}],"wp:attachment":[{"href":"https:\/\/www.friaguinee.net\/index.php\/wp-json\/wp\/v2\/media?parent=29101"}],"wp:term":[{"taxonomy":"category","embeddable":true,"href":"https:\/\/www.friaguinee.net\/index.php\/wp-json\/wp\/v2\/categories?post=29101"},{"taxonomy":"post_tag","embeddable":true,"href":"https:\/\/www.friaguinee.net\/index.php\/wp-json\/wp\/v2\/tags?post=29101"}],"curies":[{"name":"wp","href":"https:\/\/api.w.org\/{rel}","templated":true}]}}