{"id":28953,"date":"2021-01-15T18:17:53","date_gmt":"2021-01-15T18:17:53","guid":{"rendered":"http:\/\/www.friaguinee.net\/?p=28953"},"modified":"2021-01-15T18:17:54","modified_gmt":"2021-01-15T18:17:54","slug":"pays-bas-le-gouvernement-liberal-de-mark-rutte-demissionne-sur-fond-de-scandale-administratif","status":"publish","type":"post","link":"https:\/\/www.friaguinee.net\/index.php\/2021\/01\/15\/pays-bas-le-gouvernement-liberal-de-mark-rutte-demissionne-sur-fond-de-scandale-administratif\/","title":{"rendered":"Pays-Bas : le gouvernement lib\u00e9ral de Mark Rutte d\u00e9missionne sur fond de scandale administratif"},"content":{"rendered":"\n<p>Des milliers de familles ont \u00e9t\u00e9 accus\u00e9es \u00e0 tort de fraude aux allocations et ont du rembourser parfois plusieurs milliers d\u2019euros<\/p>\n\n\n\n<p>Les m\u00e9dias&nbsp;<a href=\"https:\/\/www.20minutes.fr\/monde\/pays-bas\/\">n\u00e9erlandais<\/a>&nbsp;ont rapport\u00e9 ce vendredi la d\u00e9mission du gouvernement du Premier ministre&nbsp;<a href=\"https:\/\/www.20minutes.fr\/economie\/922551-20120424-pays-bas-mark-rutte-explique-chute-gouvernement\">Mark Rutte<\/a>&nbsp;en raison d\u2019un vaste scandale dans lequel des milliers de familles ont \u00e9t\u00e9 accus\u00e9es \u00e0 tort de fraude.&nbsp;<a href=\"https:\/\/www.20minutes.fr\/monde\/2031707-20170316-video-pays-bas-premier-ministre-sortant-mark-rutte-salue-victoire-contre-populisme\">Le dirigeant lib\u00e9ral<\/a>&nbsp;doit annoncer la nouvelle lors d\u2019une conf\u00e9rence de presse \u00e0 14h15, qui intervient \u00e0 seulement deux mois des \u00e9lections l\u00e9gislatives et en pleine crise sanitaire.<\/p>\n\n\n\n<p>Des milliers de familles ont \u00e9t\u00e9 accus\u00e9es \u00e0 tort de fraude aux allocations familiales, avant d\u2019\u00eatre contraintes \u00e0 les rembourser, ce qui a plong\u00e9 une partie d\u2019entre elles dans de graves probl\u00e8mes financiers. Nombre d\u2019entre elles ont en outre fait l\u2019objet d\u2019un profilage ethnique sur la base de leur double nationalit\u00e9. Les quatre partis du centre et de la droite au pouvoir s\u2019\u00e9taient r\u00e9unis plus t\u00f4t pour discuter d\u2019une \u00e9ventuelle d\u00e9mission, alors que Mark Rutte, Premier ministre depuis 2010 et l\u2019un des dirigeants europ\u00e9ens depuis le plus longtemps en poste, avait pr\u00e9c\u00e9demment annonc\u00e9 qu\u2019il briguerait un quatri\u00e8me mandat.<\/p>\n\n\n\n<h2 class=\"wp-block-heading\">Un rapport accablant<\/h2>\n\n\n\n<p>Un rapport d\u2019enqu\u00eate parlementaire publi\u00e9 en d\u00e9cembre a \u00e9tabli que des fonctionnaires ont mis fin aux allocations de milliers de familles accus\u00e9es \u00e0 tort de fraude entre&nbsp;2013 et&nbsp;2019, avant de les contraindre \u00e0 restituer de fa\u00e7on r\u00e9troactive celles per\u00e7ues sur plusieurs ann\u00e9es, soit dans certains cas des dizaines de milliers d\u2019euros. De hauts responsables politiques, dont plusieurs ministres en fonction, sont accus\u00e9s d\u2019avoir pr\u00e9f\u00e9r\u00e9 fermer les yeux sur des dysfonctionnements dont ils avaient connaissance.<\/p>\n\n\n\n<figure><iframe loading=\"lazy\" src=\"https:\/\/bc359892c4d30bc9eb318f773558a094.safeframe.googlesyndication.com\/safeframe\/1-0-37\/html\/container.html?n=0\" height=\"1\" width=\"300\" allowfullscreen=\"\"><\/iframe><\/figure>\n\n\n\n<p>L\u2019affaire survient deux mois avant des \u00e9lections l\u00e9gislatives, pr\u00e9vues le 17&nbsp;mars, et en pleine crise sanitaire, les Pays-Bas connaissant les restrictions les plus s\u00e9v\u00e8res impos\u00e9es depuis le d\u00e9but de la pand\u00e9mie de Covid-19.&nbsp;Le syst\u00e8me politique n\u00e9erlandais permet l\u2019existence d\u2019un \u00ab&nbsp;gouvernement d\u00e9missionnaire&nbsp;\u00bb, qui peut s\u2019occuper des affaires en cours dans l\u2019attente de la formation d\u2019un nouveau gouvernement ou de la tenue d\u2019\u00e9lections.<\/p>\n\n\n\n<h2 class=\"wp-block-heading\">L\u2019opposition travailliste aussi touch\u00e9e<\/h2>\n\n\n\n<p>La pression sur le gouvernement s\u2019est amplifi\u00e9e jeudi avec la d\u00e9mission du chef du Parti travailliste n\u00e9erlandais (PvdA) d\u2019opposition, Lodewijk Asscher, ministre des Affaires sociales de 2012 \u00e0 2017, sous la pr\u00e9c\u00e9dente coalition gouvernementale de Mark Rutte. L\u2019avocat de victimes Vasco Groeneveld a d\u00e9pos\u00e9 mardi une plainte \u00e0 l\u2019encontre de trois ministres en poste et deux anciens ministres, dont Lodewijk&nbsp;Asscher. Plusieurs parents concern\u00e9s sur les 26.000 ont mis en ligne lundi une vid\u00e9o dans laquelle ils appelaient le gouvernement \u00e0 d\u00e9missionner.<\/p>\n\n\n\n<p>Mark\u00a0Rutte a dirig\u00e9 trois gouvernements de coalition depuis 2010. En 2017, son parti \u00e9tait arriv\u00e9 premier devant celui du d\u00e9put\u00e9 d\u2019extr\u00eame droite Geert Wilders. Selon de r\u00e9cents sondages, le parti lib\u00e9ral-conservateur (VVD) de Mark Rutte pourrait \u00eatre de nouveau le premier parti \u00e0 l\u2019issue des l\u00e9gislatives, l\u2019opinion publique soutenant toujours largement sa gestion de la pand\u00e9mie.<\/p>\n\n\n\n<p><strong>Source : le20minutes.fr<\/strong><\/p>\n","protected":false},"excerpt":{"rendered":"<p>Des milliers de familles ont \u00e9t\u00e9 accus\u00e9es \u00e0 tort de fraude aux allocations et ont du rembourser parfois plusieurs milliers d\u2019euros Les m\u00e9dias&nbsp;n\u00e9erlandais&nbsp;ont rapport\u00e9 ce vendredi la d\u00e9mission du gouvernement du Premier ministre&nbsp;Mark Rutte&nbsp;en raison d\u2019un vaste scandale dans lequel des milliers de familles ont \u00e9t\u00e9 accus\u00e9es \u00e0 tort de fraude.&nbsp;Le dirigeant lib\u00e9ral&nbsp;doit annoncer la [&hellip;]<\/p>\n","protected":false},"author":2,"featured_media":0,"comment_status":"open","ping_status":"open","sticky":false,"template":"","format":"standard","meta":{"footnotes":""},"categories":[43],"tags":[5971,5970],"class_list":["post-28953","post","type-post","status-publish","format-standard","hentry","category-monde","tag-demission-du-gouvernement","tag-pays-bas"],"_links":{"self":[{"href":"https:\/\/www.friaguinee.net\/index.php\/wp-json\/wp\/v2\/posts\/28953","targetHints":{"allow":["GET"]}}],"collection":[{"href":"https:\/\/www.friaguinee.net\/index.php\/wp-json\/wp\/v2\/posts"}],"about":[{"href":"https:\/\/www.friaguinee.net\/index.php\/wp-json\/wp\/v2\/types\/post"}],"author":[{"embeddable":true,"href":"https:\/\/www.friaguinee.net\/index.php\/wp-json\/wp\/v2\/users\/2"}],"replies":[{"embeddable":true,"href":"https:\/\/www.friaguinee.net\/index.php\/wp-json\/wp\/v2\/comments?post=28953"}],"version-history":[{"count":2,"href":"https:\/\/www.friaguinee.net\/index.php\/wp-json\/wp\/v2\/posts\/28953\/revisions"}],"predecessor-version":[{"id":28956,"href":"https:\/\/www.friaguinee.net\/index.php\/wp-json\/wp\/v2\/posts\/28953\/revisions\/28956"}],"wp:attachment":[{"href":"https:\/\/www.friaguinee.net\/index.php\/wp-json\/wp\/v2\/media?parent=28953"}],"wp:term":[{"taxonomy":"category","embeddable":true,"href":"https:\/\/www.friaguinee.net\/index.php\/wp-json\/wp\/v2\/categories?post=28953"},{"taxonomy":"post_tag","embeddable":true,"href":"https:\/\/www.friaguinee.net\/index.php\/wp-json\/wp\/v2\/tags?post=28953"}],"curies":[{"name":"wp","href":"https:\/\/api.w.org\/{rel}","templated":true}]}}