{"id":28904,"date":"2021-01-14T15:43:53","date_gmt":"2021-01-14T15:43:53","guid":{"rendered":"http:\/\/www.friaguinee.net\/?p=28904"},"modified":"2021-01-14T15:43:55","modified_gmt":"2021-01-14T15:43:55","slug":"france-regularisation-de-lapprenti-boulanger-guineen-menace-dexpulsion","status":"publish","type":"post","link":"https:\/\/www.friaguinee.net\/index.php\/2021\/01\/14\/france-regularisation-de-lapprenti-boulanger-guineen-menace-dexpulsion\/","title":{"rendered":"France : r\u00e9gularisation de l&rsquo;apprenti boulanger guin\u00e9en menac\u00e9 d&rsquo;expulsion"},"content":{"rendered":"\n<p> Laye Fod\u00e9 Traor\u00e9, l&rsquo;apprenti-boulanger guin\u00e9en sans papiers menac\u00e9 d&rsquo;expulsion \u00e0 Besan\u00e7on, a \u00e9t\u00e9 r\u00e9gularis\u00e9 ce jeudi 14 janvier. Le combat de son patron, le boulanger bisontin St\u00e9phane Ravacley, a pay\u00e9, apr\u00e8s 12 jours de gr\u00e8ve de la faim pour soutenir son employ\u00e9. <\/p>\n\n\n\n<p>Laye Fod\u00e9 Traor\u00e9, le jeune apprenti-boulanger guin\u00e9en menac\u00e9 d&rsquo;expulsion \u00e0 Besan\u00e7on,&nbsp;<strong>va pouvoir rester en France.<\/strong>&nbsp;La pr\u00e9fecture de Haute-Sa\u00f4ne a annul\u00e9 ce jeudi 14 janvier l&rsquo;OQTF (Obligation de Quitter le Territoire Fran\u00e7ais) \u00e9mise \u00e0 son encontre en novembre dernier. &nbsp;Une victoire pour le jeune homme et son patron, St\u00e9phane Ravacley, boulanger dans le quartier de Rivotte \u00e0 Besan\u00e7on, qui&nbsp;<a href=\"https:\/\/www.francebleu.fr\/infos\/societe\/un-boulanger-de-besancon-en-greve-de-la-faim-pour-eviter-l-expulsion-a-son-apprenti-guineen-1609770070\">a men\u00e9 une gr\u00e8ve de la faim de 12 jours pour d\u00e9fendre son employ\u00e9.<\/a><\/p>\n\n\n\n<p>Le jeune apprenti &nbsp;est arriv\u00e9 en France il y a deux ans et demi en traversant une partie de l&rsquo;Afrique, puis la M\u00e9diterran\u00e9e sur une embarcation de fortune. Depuis septembre 2019, il est apprenti dans la boulangerie \u00ab\u00a0La Huche \u00e0 Pain\u00a0\u00bb, chez St\u00e9phane Ravacley. Mais depuis sa majorit\u00e9 en avril 2020,&nbsp;<strong>le jeune homme ne b\u00e9n\u00e9ficie plus de la loi qui interdit d&rsquo;expulser un mineur isol\u00e9 sans papiers.<\/strong><\/p>\n\n\n\n<h2 class=\"wp-block-heading\">Le combat victorieux du boulanger de Rivotte<\/h2>\n\n\n\n<p>Sous le coup d&rsquo;une OQTF depuis le mois de novembre 2020, Laye Fod\u00e9 Traor\u00e9 n&rsquo;avait plus le droit de travailler. R\u00e9volt\u00e9 par cette situation, son patron avait entam\u00e9 le 3 janvier une gr\u00e8ve de la faim qui a tr\u00e8s vite connu un retentissement national,&nbsp;<a target=\"_blank\" href=\"https:\/\/t.co\/HRzrQX7QKL?amp=1\" rel=\"noreferrer noopener\">une p\u00e9tition pour d\u00e9fendre le jeune homme a recueilli plus de 240.000 signatures.<\/a>&nbsp;St\u00e9phane Ravacley voulait faire parler de cette situation le plus possible, objectif atteint: la pr\u00e9fecture de Haute-Sa\u00f4ne a signifi\u00e9 ce jeudi 14 janvier \u00e0 l&rsquo;apprenti qu&rsquo;il pouvait rester en France.<\/p>\n\n\n\n<p>La pr\u00e9fecture consid\u00e9rait jusqu&rsquo;\u00e0 pr\u00e9sent que les documents d&rsquo;identit\u00e9 du jeune homme n&rsquo;\u00e9taient pas authentiques. &nbsp;Mais&nbsp;<strong>leur validation r\u00e9cente par l&rsquo;ambassade de Guin\u00e9e, qui lui a d\u00e9livr\u00e9 un acte de naissance, et la mobilisation en faveur de Laye Fod\u00e9 Traor\u00e9<\/strong>&nbsp;ont men\u00e9 les autorit\u00e9s \u00e0 revoir leur position. \u00ab\u00a0<em>Compte tenu \u00e0 la fois de son parcours d\u2019int\u00e9gration jusqu\u2019alors exemplaire et de ses perspectives d\u2019insertion professionnelle, la pr\u00e9f\u00e8te de la Haute-Sa\u00f4ne a d\u00e9cid\u00e9 d&rsquo;abroger la mesure prise \u00e0 son endroit et de lui d\u00e9livrer un titre de s\u00e9jour<\/em>\u00a0\u00bb indique un communiqu\u00e9 de la pr\u00e9fecture de Haute-Sa\u00f4ne.<\/p>\n\n\n\n<h2 class=\"wp-block-heading\">Le jeune homme va pouvoir passer son CAP<\/h2>\n\n\n\n<p>A l&rsquo;annonce de sa r\u00e9gularisation, le jeune homme a\u00a0<em>\u00ab\u00a0pratiquement pleur\u00e9, il a remerci\u00e9 son patron, ses \u00e9ducatrices et l&rsquo;Etat fran\u00e7ais<\/em>\u00ab\u00a0, a confi\u00e9 son ma\u00eetre d&rsquo;apprentissage, \u00ab\u00a0<em>C&rsquo;est une grande joie, une victoire. Maintenant, on va aussi se battre pour les autres<\/em>\u00ab\u00a0. \u00a0\u00a0Le jeune apprenti va pouvoir passer son CAP de boulanger en juin prochain, il pourrait \u00eatre embauch\u00e9 d\u00e9finitivement par son patron \u00e0 l&rsquo;issue de son apprentissage.\u00a0<\/p>\n\n\n\n<p><strong>Source : francebleu<\/strong><\/p>\n","protected":false},"excerpt":{"rendered":"<p>Laye Fod\u00e9 Traor\u00e9, l&rsquo;apprenti-boulanger guin\u00e9en sans papiers menac\u00e9 d&rsquo;expulsion \u00e0 Besan\u00e7on, a \u00e9t\u00e9 r\u00e9gularis\u00e9 ce jeudi 14 janvier. Le combat de son patron, le boulanger bisontin St\u00e9phane Ravacley, a pay\u00e9, apr\u00e8s 12 jours de gr\u00e8ve de la faim pour soutenir son employ\u00e9. Laye Fod\u00e9 Traor\u00e9, le jeune apprenti-boulanger guin\u00e9en menac\u00e9 d&rsquo;expulsion \u00e0 Besan\u00e7on,&nbsp;va pouvoir rester [&hellip;]<\/p>\n","protected":false},"author":2,"featured_media":28907,"comment_status":"open","ping_status":"open","sticky":false,"template":"","format":"standard","meta":{"footnotes":""},"categories":[2],"tags":[5877,95,5960,5963],"class_list":["post-28904","post","type-post","status-publish","format-standard","has-post-thumbnail","hentry","category-actualites","tag-boulanger-guineen","tag-france","tag-laye-fode","tag-regularisation"],"_links":{"self":[{"href":"https:\/\/www.friaguinee.net\/index.php\/wp-json\/wp\/v2\/posts\/28904","targetHints":{"allow":["GET"]}}],"collection":[{"href":"https:\/\/www.friaguinee.net\/index.php\/wp-json\/wp\/v2\/posts"}],"about":[{"href":"https:\/\/www.friaguinee.net\/index.php\/wp-json\/wp\/v2\/types\/post"}],"author":[{"embeddable":true,"href":"https:\/\/www.friaguinee.net\/index.php\/wp-json\/wp\/v2\/users\/2"}],"replies":[{"embeddable":true,"href":"https:\/\/www.friaguinee.net\/index.php\/wp-json\/wp\/v2\/comments?post=28904"}],"version-history":[{"count":1,"href":"https:\/\/www.friaguinee.net\/index.php\/wp-json\/wp\/v2\/posts\/28904\/revisions"}],"predecessor-version":[{"id":28908,"href":"https:\/\/www.friaguinee.net\/index.php\/wp-json\/wp\/v2\/posts\/28904\/revisions\/28908"}],"wp:featuredmedia":[{"embeddable":true,"href":"https:\/\/www.friaguinee.net\/index.php\/wp-json\/wp\/v2\/media\/28907"}],"wp:attachment":[{"href":"https:\/\/www.friaguinee.net\/index.php\/wp-json\/wp\/v2\/media?parent=28904"}],"wp:term":[{"taxonomy":"category","embeddable":true,"href":"https:\/\/www.friaguinee.net\/index.php\/wp-json\/wp\/v2\/categories?post=28904"},{"taxonomy":"post_tag","embeddable":true,"href":"https:\/\/www.friaguinee.net\/index.php\/wp-json\/wp\/v2\/tags?post=28904"}],"curies":[{"name":"wp","href":"https:\/\/api.w.org\/{rel}","templated":true}]}}