{"id":28826,"date":"2021-01-13T12:28:28","date_gmt":"2021-01-13T12:28:28","guid":{"rendered":"http:\/\/www.friaguinee.net\/?p=28826"},"modified":"2021-01-13T12:28:30","modified_gmt":"2021-01-13T12:28:30","slug":"transition-au-mali-la-mission-de-la-cedeao-invite-les-uns-et-les-autres-a-plus-de-dialogue","status":"publish","type":"post","link":"https:\/\/www.friaguinee.net\/index.php\/2021\/01\/13\/transition-au-mali-la-mission-de-la-cedeao-invite-les-uns-et-les-autres-a-plus-de-dialogue\/","title":{"rendered":"Transition au Mali : la mission de la CEDEAO invite les uns et les autres \u00e0 plus de dialogue"},"content":{"rendered":"\n<p>La mission de l\u2019institution\nsous-r\u00e9gionale &nbsp;invite les uns et les\nautres \u00e0 plus de dialogue<strong><\/strong><\/p>\n\n\n\n<p>La mission d\u2019\u00e9valuation de la Communaut\u00e9\n\u00e9conomique des Etats de l\u2019Afrique de l\u2019Ouest sur la transition au Mali s\u2019est achev\u00e9e\nmardi 12 janvier. L\u2019\u00e9quipe de la CEDEAO a rencontr\u00e9 les principaux acteurs de\nla transition, la classe politique et d\u2019autres acteurs du processus \u00e9lectoral.\nAu cours d\u2019une conf\u00e9rence de presse, la d\u00e9l\u00e9gation de l\u2019institution a salu\u00e9\nl\u2019installation de tous les organes de la transition, mais a notamment demand\u00e9\nplus d\u2019inclusivit\u00e9 pour que la transition de 18 mois aboutisse \u00e0 des \u00e9lections\ng\u00e9n\u00e9rales transparentes.<\/p>\n\n\n\n<p>Il ne reste plus que\n14 mois pour l\u2019organisation des \u00e9lections g\u00e9n\u00e9rales, il faut donc un\nchronogramme d\u2019activit\u00e9s. \u00ab<em>Nous avons insist\u00e9 sur la\nn\u00e9cessit\u00e9 d\u2019avoir rapidement la feuille de route, le plan d\u2019action qui\nd\u00e9termine toutes les activit\u00e9s qui doivent \u00eatre men\u00e9es et qui vont aboutir \u00e0\ndes \u00e9lections \u00e0 la fin de cette p\u00e9riode<\/em>\u00bb, a expliqu\u00e9 Jean-Claude\nKassi Brou, pr\u00e9sident de la Commission de la C\u00e9d\u00e9ao et membre de la d\u00e9l\u00e9gation.<\/p>\n\n\n\n<p>Pour y parvenir, la\nmission de l\u2019institution sous-r\u00e9gionale a invit\u00e9 les uns et les autres \u00e0 plus\nde dialogue. \u00ab<em>Cela va permettre d\u2019avoir un processus qui renforce le caract\u00e8re\ninclusif de la mise en \u0153uvre de la transition. C\u2019est cela qui va garantir la\npaix et la stabilit\u00e9 dans le pays<\/em>\u00bb, a poursuivi Jean-Claude Kassi\nBrou de la C\u00e9d\u00e9ao.<\/p>\n\n\n\n<p>Un autre sujet tenait\n\u00e0 c\u0153ur \u00e0 la d\u00e9l\u00e9gation de la C\u00e9d\u00e9ao, la derni\u00e8re pr\u00e9sum\u00e9e tentative de\nd\u00e9stabilisation&nbsp;de la transition. \u00ab<em>Tout processus doit \u00e9videmment\nsuivre les dispositions l\u00e9gales en vigueur au Mali et les conventions\ninternationales. Que les personnes qui ne sont pas reconnues coupables puissent\n\u00eatre lib\u00e9r\u00e9es rapidement. L\u00e0 \u00e9galement nous avons re\u00e7u des assurances.<\/em>\u00bb<\/p>\n\n\n\n<p>La mission fera un\ncompte rendu de son s\u00e9jour et des recommandations aux chefs d\u2019Etats de la\nC\u00e9d\u00e9ao lors d\u2019un sommet pr\u00e9vu avant la fin du mois.<\/p>\n\n\n\n<p><strong>Avec RFI<\/strong><\/p>\n","protected":false},"excerpt":{"rendered":"<p>La mission de l\u2019institution sous-r\u00e9gionale &nbsp;invite les uns et les autres \u00e0 plus de dialogue La mission d\u2019\u00e9valuation de la Communaut\u00e9 \u00e9conomique des Etats de l\u2019Afrique de l\u2019Ouest sur la transition au Mali s\u2019est achev\u00e9e mardi 12 janvier. L\u2019\u00e9quipe de la CEDEAO a rencontr\u00e9 les principaux acteurs de la transition, la classe politique et d\u2019autres [&hellip;]<\/p>\n","protected":false},"author":3,"featured_media":28827,"comment_status":"open","ping_status":"open","sticky":false,"template":"","format":"standard","meta":{"footnotes":""},"categories":[2],"tags":[],"class_list":["post-28826","post","type-post","status-publish","format-standard","has-post-thumbnail","hentry","category-actualites"],"_links":{"self":[{"href":"https:\/\/www.friaguinee.net\/index.php\/wp-json\/wp\/v2\/posts\/28826","targetHints":{"allow":["GET"]}}],"collection":[{"href":"https:\/\/www.friaguinee.net\/index.php\/wp-json\/wp\/v2\/posts"}],"about":[{"href":"https:\/\/www.friaguinee.net\/index.php\/wp-json\/wp\/v2\/types\/post"}],"author":[{"embeddable":true,"href":"https:\/\/www.friaguinee.net\/index.php\/wp-json\/wp\/v2\/users\/3"}],"replies":[{"embeddable":true,"href":"https:\/\/www.friaguinee.net\/index.php\/wp-json\/wp\/v2\/comments?post=28826"}],"version-history":[{"count":1,"href":"https:\/\/www.friaguinee.net\/index.php\/wp-json\/wp\/v2\/posts\/28826\/revisions"}],"predecessor-version":[{"id":28828,"href":"https:\/\/www.friaguinee.net\/index.php\/wp-json\/wp\/v2\/posts\/28826\/revisions\/28828"}],"wp:featuredmedia":[{"embeddable":true,"href":"https:\/\/www.friaguinee.net\/index.php\/wp-json\/wp\/v2\/media\/28827"}],"wp:attachment":[{"href":"https:\/\/www.friaguinee.net\/index.php\/wp-json\/wp\/v2\/media?parent=28826"}],"wp:term":[{"taxonomy":"category","embeddable":true,"href":"https:\/\/www.friaguinee.net\/index.php\/wp-json\/wp\/v2\/categories?post=28826"},{"taxonomy":"post_tag","embeddable":true,"href":"https:\/\/www.friaguinee.net\/index.php\/wp-json\/wp\/v2\/tags?post=28826"}],"curies":[{"name":"wp","href":"https:\/\/api.w.org\/{rel}","templated":true}]}}