{"id":28629,"date":"2021-01-08T08:54:07","date_gmt":"2021-01-08T08:54:07","guid":{"rendered":"http:\/\/www.friaguinee.net\/?p=28629"},"modified":"2021-01-08T08:54:09","modified_gmt":"2021-01-08T08:54:09","slug":"pour-ecarter-trump-du-pouvoir-loption-du-25e-amendement-de-la-constitution","status":"publish","type":"post","link":"https:\/\/www.friaguinee.net\/index.php\/2021\/01\/08\/pour-ecarter-trump-du-pouvoir-loption-du-25e-amendement-de-la-constitution\/","title":{"rendered":"Pour \u00e9carter Trump du pouvoir, l\u2019option du 25e amendement de la Constitution"},"content":{"rendered":"\n<p>Chez les d\u00e9mocrates, mais pas seulement, de nombreuses voix r\u00e9clament d\u2019utiliser le 25e amendement de la Constitution am\u00e9ricaine pour \u00e9carter du pouvoir le pr\u00e9sident Donald Trump, accus\u00e9 d\u2019avoir incit\u00e9 ses partisans \u00e0 envahir le Capitole.<\/p>\n\n\n\n<p>Adopt\u00e9 en 1967 apr\u00e8s l\u2019assassinat du pr\u00e9sident John F. Kennedy, il pr\u00e9cise les modalit\u00e9s de transfert des pouvoirs ex\u00e9cutifs en cas de d\u00e9mission, de d\u00e9c\u00e8s, de destitution ou d\u2019incapacit\u00e9 temporaire du locataire de la Maison Blanche.<ins><\/ins><\/p>\n\n\n\n<p>Il a depuis servi apr\u00e8s la d\u00e9mission de Richard Nixon en 1974 et, de mani\u00e8re temporaire, lors d\u2019hospitalisations des pr\u00e9sidents Ronald Reagan et George W. Bush.<\/p>\n\n\n\n<p>En octobre, quand Donald Trump a \u00e9t\u00e9 transf\u00e9r\u00e9 \u00e0 l\u2019h\u00f4pital apr\u00e8s avoir \u00e9t\u00e9 contamin\u00e9 par le Covid-19, l\u2019utilisation du 25e amendement avait d\u00e9j\u00e0 \u00e9t\u00e9 \u00e9voqu\u00e9e.<\/p>\n\n\n\n<p>Mais le pr\u00e9sident r\u00e9publicain n\u2019avait pas souhait\u00e9 confier les r\u00eanes du pouvoir \u00e0 son num\u00e9ro deux, Mike Pence, et \u00e9tait rapidement revenu aux affaires.<\/p>\n\n\n\n<p>Cette fois, les leaders d\u00e9mocrates du Congr\u00e8s voudraient que Mike Pence outrepasse le pr\u00e9sident, pour l\u2019emp\u00eacher d\u2019agir dans les deux derni\u00e8res semaines de son mandat.<\/p>\n\n\n\n<p>Pour eux, le milliardaire r\u00e9publicain est responsable du chaos sem\u00e9 au sein m\u00eame du temple de la d\u00e9mocratie, mercredi, par des centaines de ses supporteurs.<\/p>\n\n\n\n<p>\u201cCe qui s\u2019est produit au Capitole \u00e9tait une insurrection contre les Etats-Unis, incit\u00e9e par le pr\u00e9sident\u201d, a tanc\u00e9 le chef des s\u00e9nateurs d\u00e9mocrates Chuck Schumer. Il \u201cne peut pas rester au pouvoir un jour de plus\u201d.<\/p>\n\n\n\n<p>\u2013 Article 4 \u2013<\/p>\n\n\n\n<p>Pour l\u2019\u00e9carter, les d\u00e9mocrates sugg\u00e8rent d\u2019utiliser l\u2019article 4 du 25e amendement.<\/p>\n\n\n\n<p>Contrairement \u00e0 l\u2019article 3, qui permet au pr\u00e9sident de confier lui-m\u00eame le pouvoir \u00e0 son vice-pr\u00e9sident quand il est physiquement incapable de l\u2019exercer, l\u2019article 4 donne la main au reste de l\u2019ex\u00e9cutif.<ins><\/ins><\/p>\n\n\n\n<p>Le vice-pr\u00e9sident, soutenu par une majorit\u00e9 des membres du cabinet, peut d\u00e9clarer le pr\u00e9sident \u201cinapte\u201d \u00e0 remplir ses fonctions. Il doit alors adresser une d\u00e9claration \u00e9crite aux pr\u00e9sidents de la Chambre des repr\u00e9sentants et du S\u00e9nat.<\/p>\n\n\n\n<p>Il revient au Congr\u00e8s de lui confier l\u2019int\u00e9rim de la pr\u00e9sidence, par un vote aux deux tiers des deux chambres.<\/p>\n\n\n\n<p>Si l\u2019article 3 a \u00e9t\u00e9 utilis\u00e9 par Ronald Reagan en 1985 et par George W. Bush en 2002 et 2007, avant des interventions sous anesth\u00e9sie g\u00e9n\u00e9rale, l\u2019article 4 n\u2019a jamais servi.<\/p>\n\n\n\n<p>En f\u00e9vrier 2019, l\u2019ancien directeur adjoint du FBI Andrew McCabe avait affirm\u00e9 en avoir discut\u00e9 avec le num\u00e9ro deux du minist\u00e8re de la Justice, Rod Rosenstein, en mai 2017. M. Rosenstein avait d\u00e9menti.<\/p>\n\n\n\n<p>\u2013 \u201cUrgence\u201d \u2013<\/p>\n\n\n\n<p>L\u2019hypoth\u00e8se est cette fois exprim\u00e9e ouvertement, et pas seulement par des d\u00e9mocrates. \u201cIl est temps d\u2019invoquer le 25e amendement et de mettre un terme \u00e0 ce cauchemar\u201d, a notamment d\u00e9clar\u00e9 l\u2019\u00e9lu r\u00e9publicain de la chambre Adam Kinzinger. \u201cLe pr\u00e9sident est inapte, le pr\u00e9sident n\u2019est pas bien\u201d, a-t-il estim\u00e9.<\/p>\n\n\n\n<p>Si le vice-pr\u00e9sident refusait de s\u2019engager dans cette voie, le Congr\u00e8s \u201cpourrait \u00eatre pr\u00eat \u00e0 avancer vers une proc\u00e9dure de destitution\u201d, a menac\u00e9 la pr\u00e9sidente d\u00e9mocrate de la Chambre Nancy Pelosi qui a, en cette qualit\u00e9, le pouvoir d\u2019ouvrir une telle proc\u00e9dure.<\/p>\n\n\n\n<p>D\u00e9mettre Donald Trump est pour elle \u201cune urgence de la plus haute importance\u201d apr\u00e8s sa \u201ctentative de coup d\u2019Etat\u201d.<\/p>\n\n\n\n<p>Au pouvoir depuis 2017, Donald Trump a d\u00e9j\u00e0 \u00e9t\u00e9 vis\u00e9 au Congr\u00e8s par une infamante proc\u00e9dure de destitution fin 2019. Il avait \u00e9t\u00e9 acquitt\u00e9 au S\u00e9nat, \u00e0 majorit\u00e9 r\u00e9publicaine, d\u00e9but 2020.<\/p>\n\n\n\n<p>De nouveaux articles d&rsquo;\u201dimpeachment\u201d ont \u00e9t\u00e9 pr\u00e9par\u00e9s par l\u2019\u00e9lue d\u00e9mocrate Ilhan Omar. Mais cette proc\u00e9dure est longue et peu susceptible d\u2019aboutir avant la prestation de serment de Joe Biden le 20 janvier.<\/p>\n\n\n\n<p><strong>AFP<\/strong><br><\/p>\n","protected":false},"excerpt":{"rendered":"<p>Chez les d\u00e9mocrates, mais pas seulement, de nombreuses voix r\u00e9clament d\u2019utiliser le 25e amendement de la Constitution am\u00e9ricaine pour \u00e9carter du pouvoir le pr\u00e9sident Donald Trump, accus\u00e9 d\u2019avoir incit\u00e9 ses partisans \u00e0 envahir le Capitole. Adopt\u00e9 en 1967 apr\u00e8s l\u2019assassinat du pr\u00e9sident John F. Kennedy, il pr\u00e9cise les modalit\u00e9s de transfert des pouvoirs ex\u00e9cutifs en [&hellip;]<\/p>\n","protected":false},"author":3,"featured_media":28632,"comment_status":"open","ping_status":"open","sticky":false,"template":"","format":"standard","meta":{"footnotes":""},"categories":[163],"tags":[],"class_list":["post-28629","post","type-post","status-publish","format-standard","has-post-thumbnail","hentry","category-politique"],"_links":{"self":[{"href":"https:\/\/www.friaguinee.net\/index.php\/wp-json\/wp\/v2\/posts\/28629","targetHints":{"allow":["GET"]}}],"collection":[{"href":"https:\/\/www.friaguinee.net\/index.php\/wp-json\/wp\/v2\/posts"}],"about":[{"href":"https:\/\/www.friaguinee.net\/index.php\/wp-json\/wp\/v2\/types\/post"}],"author":[{"embeddable":true,"href":"https:\/\/www.friaguinee.net\/index.php\/wp-json\/wp\/v2\/users\/3"}],"replies":[{"embeddable":true,"href":"https:\/\/www.friaguinee.net\/index.php\/wp-json\/wp\/v2\/comments?post=28629"}],"version-history":[{"count":1,"href":"https:\/\/www.friaguinee.net\/index.php\/wp-json\/wp\/v2\/posts\/28629\/revisions"}],"predecessor-version":[{"id":28631,"href":"https:\/\/www.friaguinee.net\/index.php\/wp-json\/wp\/v2\/posts\/28629\/revisions\/28631"}],"wp:featuredmedia":[{"embeddable":true,"href":"https:\/\/www.friaguinee.net\/index.php\/wp-json\/wp\/v2\/media\/28632"}],"wp:attachment":[{"href":"https:\/\/www.friaguinee.net\/index.php\/wp-json\/wp\/v2\/media?parent=28629"}],"wp:term":[{"taxonomy":"category","embeddable":true,"href":"https:\/\/www.friaguinee.net\/index.php\/wp-json\/wp\/v2\/categories?post=28629"},{"taxonomy":"post_tag","embeddable":true,"href":"https:\/\/www.friaguinee.net\/index.php\/wp-json\/wp\/v2\/tags?post=28629"}],"curies":[{"name":"wp","href":"https:\/\/api.w.org\/{rel}","templated":true}]}}