{"id":28080,"date":"2020-12-19T15:48:40","date_gmt":"2020-12-19T15:48:40","guid":{"rendered":"http:\/\/www.friaguinee.net\/?p=28080"},"modified":"2020-12-19T15:48:41","modified_gmt":"2020-12-19T15:48:41","slug":"guinee-avec-4-deputes-mamadou-sylla-reconnu-chef-de-file-de-lopposition","status":"publish","type":"post","link":"https:\/\/www.friaguinee.net\/index.php\/2020\/12\/19\/guinee-avec-4-deputes-mamadou-sylla-reconnu-chef-de-file-de-lopposition\/","title":{"rendered":"Guin\u00e9e : avec 4 d\u00e9put\u00e9s, Mamadou Sylla reconnu Chef de file de l&rsquo;opposition"},"content":{"rendered":"\n<p>Longtemps r\u00e9clam\u00e9 par Mamadou Sylla, President de l&rsquo;Union D\u00e9mocratique de Guin\u00e9e (UDG), il a enfin obtenu gain de cause ce samedi 19 d\u00e9cembre 2020.<\/p>\n\n\n\n<p>Le Pr\u00e9sident de l&rsquo;Assembl\u00e9e Nationale a, lors de la pl\u00e9ni\u00e8re tenue ce jour, d\u00e9clar\u00e9 que l&rsquo;honorable Mamadou Sylla est d\u00e9sormais le chef de file de l&rsquo;opposition guin\u00e9enne.<\/p>\n\n\n\n<p><em>\u00a0\u00bb\u00a0<strong>La pl\u00e9ni\u00e8re prend acte que l\u2019honorable Mamadou Sylla est d\u00e9sormais le chef de file de l\u2019opposition guin\u00e9enne. Par cons\u00e9quent, le bureau de l\u2019Assembl\u00e9e nationale prendra toutes les dispositions pour qu\u2019il jouisse et soit soumis aux obligations d\u2019un chef de file de l\u2019opposition<\/strong><\/em>\u00a0\u00bb a d\u00e9clar\u00e9 Amadou Damaro Camara.<\/p>\n\n\n\n<p>Lors des l\u00e9gislatives du mois de mars dernier, le parti de Mamadou Sylla a obtenu quatre d\u00e9put\u00e9s, derri\u00e8re le parti au pouvoir qui a rafl\u00e9 la majorit\u00e9 absolue des si\u00e8ges. <\/p>\n\n\n\n<p><strong>N\u00e8n\u00e8 Aissatou Bald\u00e9 pour friaguinee.net <\/strong><\/p>\n","protected":false},"excerpt":{"rendered":"<p>Longtemps r\u00e9clam\u00e9 par Mamadou Sylla, President de l&rsquo;Union D\u00e9mocratique de Guin\u00e9e (UDG), il a enfin obtenu gain de cause ce samedi 19 d\u00e9cembre 2020. Le Pr\u00e9sident de l&rsquo;Assembl\u00e9e Nationale a, lors de la pl\u00e9ni\u00e8re tenue ce jour, d\u00e9clar\u00e9 que l&rsquo;honorable Mamadou Sylla est d\u00e9sormais le chef de file de l&rsquo;opposition guin\u00e9enne. \u00a0\u00bb\u00a0La pl\u00e9ni\u00e8re prend acte [&hellip;]<\/p>\n","protected":false},"author":2,"featured_media":27928,"comment_status":"open","ping_status":"open","sticky":false,"template":"","format":"standard","meta":{"footnotes":""},"categories":[163],"tags":[2112,148,3114,3115],"class_list":["post-28080","post","type-post","status-publish","format-standard","has-post-thumbnail","hentry","category-politique","tag-assemblee-nationale","tag-guinee","tag-mamadou-sylla","tag-udg"],"_links":{"self":[{"href":"https:\/\/www.friaguinee.net\/index.php\/wp-json\/wp\/v2\/posts\/28080","targetHints":{"allow":["GET"]}}],"collection":[{"href":"https:\/\/www.friaguinee.net\/index.php\/wp-json\/wp\/v2\/posts"}],"about":[{"href":"https:\/\/www.friaguinee.net\/index.php\/wp-json\/wp\/v2\/types\/post"}],"author":[{"embeddable":true,"href":"https:\/\/www.friaguinee.net\/index.php\/wp-json\/wp\/v2\/users\/2"}],"replies":[{"embeddable":true,"href":"https:\/\/www.friaguinee.net\/index.php\/wp-json\/wp\/v2\/comments?post=28080"}],"version-history":[{"count":1,"href":"https:\/\/www.friaguinee.net\/index.php\/wp-json\/wp\/v2\/posts\/28080\/revisions"}],"predecessor-version":[{"id":28081,"href":"https:\/\/www.friaguinee.net\/index.php\/wp-json\/wp\/v2\/posts\/28080\/revisions\/28081"}],"wp:featuredmedia":[{"embeddable":true,"href":"https:\/\/www.friaguinee.net\/index.php\/wp-json\/wp\/v2\/media\/27928"}],"wp:attachment":[{"href":"https:\/\/www.friaguinee.net\/index.php\/wp-json\/wp\/v2\/media?parent=28080"}],"wp:term":[{"taxonomy":"category","embeddable":true,"href":"https:\/\/www.friaguinee.net\/index.php\/wp-json\/wp\/v2\/categories?post=28080"},{"taxonomy":"post_tag","embeddable":true,"href":"https:\/\/www.friaguinee.net\/index.php\/wp-json\/wp\/v2\/tags?post=28080"}],"curies":[{"name":"wp","href":"https:\/\/api.w.org\/{rel}","templated":true}]}}