{"id":28075,"date":"2020-12-19T15:31:24","date_gmt":"2020-12-19T15:31:24","guid":{"rendered":"http:\/\/www.friaguinee.net\/?p=28075"},"modified":"2020-12-19T15:31:25","modified_gmt":"2020-12-19T15:31:25","slug":"guinee-adoption-de-la-loi-de-programmation-militaire-discours-du-ministre-de-la-defense-nationale","status":"publish","type":"post","link":"https:\/\/www.friaguinee.net\/index.php\/2020\/12\/19\/guinee-adoption-de-la-loi-de-programmation-militaire-discours-du-ministre-de-la-defense-nationale\/","title":{"rendered":"Guin\u00e9e\/Adoption de la loi de programmation militaire : discours du Ministre de la D\u00e9fense Nationale"},"content":{"rendered":"\n<p>&#8211;<strong>Monsieur le Pr\u00e9sident de l\u2019Assembl\u00e9e Nationale\u00a0;<\/strong><\/p>\n\n\n\n<p>\u2013<strong>Madame et Messieurs les Vice-Pr\u00e9sidents&nbsp;;<\/strong><\/p>\n\n\n\n<p>\u2013<strong>Messieurs les Pr\u00e9sidents des groupes parlementaires&nbsp;;<\/strong><\/p>\n\n\n\n<p>\u2013<strong>Mesdames et Messieurs les Pr\u00e9sidents de commissions&nbsp;;<\/strong><\/p>\n\n\n\n<p>\u2013<strong>Honorables d\u00e9put\u00e9s&nbsp;;<\/strong><\/p>\n\n\n\n<p>\u2013<strong>Mesdames et Messieurs les Travailleurs parlementaires&nbsp;;<\/strong><\/p>\n\n\n\n<p>\u2013<strong>Mesdames et Messieurs les repr\u00e9sentants des m\u00e9dias&nbsp;;<\/strong><\/p>\n\n\n\n<p>\u2013<strong>Mesdames et Messieurs, en vos qualit\u00e9s, titres et grades,&nbsp;tout protocole observ\u00e9&nbsp;;<\/strong><\/p>\n\n\n\n<p><strong>Mesdames et Messieurs&nbsp;;<\/strong><\/p>\n\n\n\n<p>C\u2019est un honneur et un r\u00e9el plaisir pour moi de me retrouver encore devant votre auguste Assembl\u00e9e.<\/p>\n\n\n\n<p>En effet, j\u2019\u00e9tais devant l\u2019inter commission avant-hier pour \u00e9changer avec vous sur le projet de Loi de Programmation Militaire qui vous a \u00e9t\u00e9 soumis par le Gouvernement.<\/p>\n\n\n\n<p>Je n\u2019ai pas \u00e9t\u00e9 surpris par l\u2019int\u00e9r\u00eat que ce projet de Loi a suscit\u00e9 aupr\u00e8s de l\u2019ensemble des D\u00e9put\u00e9s.<\/p>\n\n\n\n<p>Je me suis \u00e9norm\u00e9ment r\u00e9joui des nombreuses questions qui ont \u00e9t\u00e9 pos\u00e9es par les honorables D\u00e9put\u00e9s. Cet engouement exprime \u00e0 nos yeux l\u2019importance que les repr\u00e9sentants du Peuple attachent \u00e0 ce projet de Loi, traduisant on ne peut mieux, la reconnaissance du Peuple de Guin\u00e9e \u00e0 son Arm\u00e9e Nationale qui a toujours jou\u00e9 d\u2019\u00e9minents r\u00f4les ayant contribu\u00e9 \u00e0 l\u2019\u00e9mancipation socio-\u00e9conomique de notre pays.<\/p>\n\n\n\n<p>Comme il faut le rappeler \u00e0 chaque occasion, ce projet de Loi de Programmation Militaire doit permettre de couronner les \u00e9normes sacrifices que le Pr\u00e9sident de La R\u00e9publique, Chef de l\u2019Etat et Chef Supr\u00eame des Arm\u00e9es, Professeur Alpha CONDE, consent dans le cadre de la R\u00e9forme du Secteur de S\u00e9curit\u00e9 depuis son av\u00e8nement \u00e0 la magistrature supr\u00eame.<\/p>\n\n\n\n<p>\u2013<strong>Monsieur le Pr\u00e9sident,<\/strong><\/p>\n\n\n\n<p>\u2013<strong>Honorables d\u00e9put\u00e9s&nbsp;;<\/strong><\/p>\n\n\n\n<p>La Guin\u00e9e n\u2019est pas \u00e0 l\u2019abri des menaces s\u00e9curitaires qui secouent la sous-r\u00e9gion, l\u2019Afrique et le reste du Monde. L\u2019adoption et la mise en \u0153uvre de cette Loi permettront&nbsp;\u00e0 notre Arm\u00e9e de renforcer ses capacit\u00e9s op\u00e9rationnelles en vue de maintenir la s\u00e9curit\u00e9 et l\u2019int\u00e9grit\u00e9 du territoire de notre Nation qui a toujours su pr\u00e9server sa stabilit\u00e9. Ce,&nbsp;en d\u00e9pit de toutes les turbulences qui se produisent autour de nous.<\/p>\n\n\n\n<p>Au moment o\u00f9 la Guin\u00e9e amorce un nouveau tournant historique, il est encore plus important que notre outil de d\u00e9fense r\u00e9ponde aux aspirations d\u00e9finies par la R\u00e9forme du Secteur de S\u00e9curit\u00e9 qui sont celles de devenir une Arm\u00e9e bien form\u00e9e, bien \u00e9quip\u00e9e, bien entrain\u00e9e et capable de faire face \u00e0 ses missions.<\/p>\n\n\n\n<p>Je suis certain que les r\u00e9ponses que j\u2019ai donn\u00e9es lors de mon dernier passage et celles qui ont \u00e9t\u00e9 fournies par les services techniques de mon d\u00e9partement, vous ont suffisamment \u00e9difi\u00e9s et vous permettront d\u2019appr\u00e9cier en toute souverainet\u00e9.<\/p>\n\n\n\n<p>Au nom du Chef supr\u00eame des arm\u00e9es, au nom des organismes de commandement de l\u2019Arm\u00e9e et \u00e0 mon nom personnel, je voudrais vous remercier, vous personnellement Monsieur le Pr\u00e9sident et \u00e0 travers votre haute personnalit\u00e9, l\u2019ensemble des D\u00e9put\u00e9s, pour toute l\u2019attention que vous avez bien voulu accorder \u00e0 moi-m\u00eame et \u00e0 ma d\u00e9l\u00e9gation.<\/p>\n\n\n\n<p>Merci pour votre aimable attention\u2026<\/p>\n\n\n\n<p><strong>Avec la DIRPA<\/strong><\/p>\n","protected":false},"excerpt":{"rendered":"<p>&#8211;Monsieur le Pr\u00e9sident de l\u2019Assembl\u00e9e Nationale\u00a0; \u2013Madame et Messieurs les Vice-Pr\u00e9sidents&nbsp;; \u2013Messieurs les Pr\u00e9sidents des groupes parlementaires&nbsp;; \u2013Mesdames et Messieurs les Pr\u00e9sidents de commissions&nbsp;; \u2013Honorables d\u00e9put\u00e9s&nbsp;; \u2013Mesdames et Messieurs les Travailleurs parlementaires&nbsp;; \u2013Mesdames et Messieurs les repr\u00e9sentants des m\u00e9dias&nbsp;; \u2013Mesdames et Messieurs, en vos qualit\u00e9s, titres et grades,&nbsp;tout protocole observ\u00e9&nbsp;; Mesdames et Messieurs&nbsp;; C\u2019est un [&hellip;]<\/p>\n","protected":false},"author":2,"featured_media":28078,"comment_status":"open","ping_status":"open","sticky":false,"template":"","format":"standard","meta":{"footnotes":""},"categories":[2],"tags":[5737,2112,4369,148,5738],"class_list":["post-28075","post","type-post","status-publish","format-standard","has-post-thumbnail","hentry","category-actualites","tag-adoption-de-la-loi-de-programmation-militaire","tag-assemblee-nationale","tag-dr-mohamed-diane","tag-guinee","tag-ministre-de-la-defense-nationale"],"_links":{"self":[{"href":"https:\/\/www.friaguinee.net\/index.php\/wp-json\/wp\/v2\/posts\/28075","targetHints":{"allow":["GET"]}}],"collection":[{"href":"https:\/\/www.friaguinee.net\/index.php\/wp-json\/wp\/v2\/posts"}],"about":[{"href":"https:\/\/www.friaguinee.net\/index.php\/wp-json\/wp\/v2\/types\/post"}],"author":[{"embeddable":true,"href":"https:\/\/www.friaguinee.net\/index.php\/wp-json\/wp\/v2\/users\/2"}],"replies":[{"embeddable":true,"href":"https:\/\/www.friaguinee.net\/index.php\/wp-json\/wp\/v2\/comments?post=28075"}],"version-history":[{"count":3,"href":"https:\/\/www.friaguinee.net\/index.php\/wp-json\/wp\/v2\/posts\/28075\/revisions"}],"predecessor-version":[{"id":28079,"href":"https:\/\/www.friaguinee.net\/index.php\/wp-json\/wp\/v2\/posts\/28075\/revisions\/28079"}],"wp:featuredmedia":[{"embeddable":true,"href":"https:\/\/www.friaguinee.net\/index.php\/wp-json\/wp\/v2\/media\/28078"}],"wp:attachment":[{"href":"https:\/\/www.friaguinee.net\/index.php\/wp-json\/wp\/v2\/media?parent=28075"}],"wp:term":[{"taxonomy":"category","embeddable":true,"href":"https:\/\/www.friaguinee.net\/index.php\/wp-json\/wp\/v2\/categories?post=28075"},{"taxonomy":"post_tag","embeddable":true,"href":"https:\/\/www.friaguinee.net\/index.php\/wp-json\/wp\/v2\/tags?post=28075"}],"curies":[{"name":"wp","href":"https:\/\/api.w.org\/{rel}","templated":true}]}}