{"id":28069,"date":"2020-12-19T14:09:25","date_gmt":"2020-12-19T14:09:25","guid":{"rendered":"http:\/\/www.friaguinee.net\/?p=28069"},"modified":"2020-12-19T14:09:27","modified_gmt":"2020-12-19T14:09:27","slug":"deces-du-detenu-roger-bamba-lue-exhorte-les-autorites-guineennes-a-diligenter-une-enquete-independante","status":"publish","type":"post","link":"https:\/\/www.friaguinee.net\/index.php\/2020\/12\/19\/deces-du-detenu-roger-bamba-lue-exhorte-les-autorites-guineennes-a-diligenter-une-enquete-independante\/","title":{"rendered":"D\u00e9c\u00e8s du d\u00e9tenu Roger Bamba : l&rsquo;UE exhorte les autorit\u00e9s guin\u00e9ennes \u00e0 diligenter une enqu\u00eate ind\u00e9pendante"},"content":{"rendered":"\n<p>Le militant politique guin\u00e9en du parti d\u2019opposition UFDG, M. Roger Bamba, qui se trouvait en d\u00e9tention pr\u00e9ventive depuis le 10 septembre dans la maison d\u2019arr\u00eat centrale de Conakry, est d\u00e9c\u00e9d\u00e9 le 17 d\u00e9cembre apr\u00e8s son transfert \u00e0 l\u2019h\u00f4pital.<\/p>\n\n\n\n<p>Il s\u2019agit du troisi\u00e8me d\u00e9c\u00e8s d\u2019opposants politiques d\u00e9tenus en Guin\u00e9e, apr\u00e8s ceux d\u2019Ibrahima Sow et de Mamadou Lamarana Diallo, intervenus ces deux derniers mois. L\u2019Union europ\u00e9enne exprime ses sinc\u00e8res condol\u00e9ances \u00e0 la famille de M. Bamba. <\/p>\n\n\n\n<p>Elle exhorte les autorit\u00e9s guin\u00e9ennes \u00e0 diligenter une enqu\u00eate ind\u00e9pendante pour \u00e9lucider les causes de son d\u00e9c\u00e8s.<\/p>\n\n\n\n<p> L\u2019Union europ\u00e9enne consid\u00e8re le respect de l\u2019\u00c9tat de droit comme un axe prioritaire du nouveau mandat pr\u00e9sidentiel, et plaide pour la lib\u00e9ration des d\u00e9tenus politiqles.<\/p>\n\n\n\n<p><strong>L&rsquo;Union Europ\u00e9enne <\/strong><\/p>\n","protected":false},"excerpt":{"rendered":"<p>Le militant politique guin\u00e9en du parti d\u2019opposition UFDG, M. Roger Bamba, qui se trouvait en d\u00e9tention pr\u00e9ventive depuis le 10 septembre dans la maison d\u2019arr\u00eat centrale de Conakry, est d\u00e9c\u00e9d\u00e9 le 17 d\u00e9cembre apr\u00e8s son transfert \u00e0 l\u2019h\u00f4pital. Il s\u2019agit du troisi\u00e8me d\u00e9c\u00e8s d\u2019opposants politiques d\u00e9tenus en Guin\u00e9e, apr\u00e8s ceux d\u2019Ibrahima Sow et de Mamadou [&hellip;]<\/p>\n","protected":false},"author":2,"featured_media":28073,"comment_status":"open","ping_status":"open","sticky":false,"template":"","format":"standard","meta":{"footnotes":""},"categories":[2],"tags":[5718,1374,148,1843],"class_list":["post-28069","post","type-post","status-publish","format-standard","has-post-thumbnail","hentry","category-actualites","tag-deces-roger-bamba","tag-declaration","tag-guinee","tag-union-europeenne"],"_links":{"self":[{"href":"https:\/\/www.friaguinee.net\/index.php\/wp-json\/wp\/v2\/posts\/28069","targetHints":{"allow":["GET"]}}],"collection":[{"href":"https:\/\/www.friaguinee.net\/index.php\/wp-json\/wp\/v2\/posts"}],"about":[{"href":"https:\/\/www.friaguinee.net\/index.php\/wp-json\/wp\/v2\/types\/post"}],"author":[{"embeddable":true,"href":"https:\/\/www.friaguinee.net\/index.php\/wp-json\/wp\/v2\/users\/2"}],"replies":[{"embeddable":true,"href":"https:\/\/www.friaguinee.net\/index.php\/wp-json\/wp\/v2\/comments?post=28069"}],"version-history":[{"count":3,"href":"https:\/\/www.friaguinee.net\/index.php\/wp-json\/wp\/v2\/posts\/28069\/revisions"}],"predecessor-version":[{"id":28074,"href":"https:\/\/www.friaguinee.net\/index.php\/wp-json\/wp\/v2\/posts\/28069\/revisions\/28074"}],"wp:featuredmedia":[{"embeddable":true,"href":"https:\/\/www.friaguinee.net\/index.php\/wp-json\/wp\/v2\/media\/28073"}],"wp:attachment":[{"href":"https:\/\/www.friaguinee.net\/index.php\/wp-json\/wp\/v2\/media?parent=28069"}],"wp:term":[{"taxonomy":"category","embeddable":true,"href":"https:\/\/www.friaguinee.net\/index.php\/wp-json\/wp\/v2\/categories?post=28069"},{"taxonomy":"post_tag","embeddable":true,"href":"https:\/\/www.friaguinee.net\/index.php\/wp-json\/wp\/v2\/tags?post=28069"}],"curies":[{"name":"wp","href":"https:\/\/api.w.org\/{rel}","templated":true}]}}