{"id":27589,"date":"2020-12-03T09:31:32","date_gmt":"2020-12-03T09:31:32","guid":{"rendered":"http:\/\/www.friaguinee.net\/?p=27589"},"modified":"2020-12-03T10:31:19","modified_gmt":"2020-12-03T10:31:19","slug":"fria-kaba-sylla-president-des-animateurs-des-quartiers-est-decede","status":"publish","type":"post","link":"https:\/\/www.friaguinee.net\/index.php\/2020\/12\/03\/fria-kaba-sylla-president-des-animateurs-des-quartiers-est-decede\/","title":{"rendered":"Fria : Kaba Sylla, pr\u00e9sident des jeunes animateurs des quartiers est d\u00e9c\u00e9d\u00e9"},"content":{"rendered":"\n<p>Kaba Sylla, pr\u00e9sident des jeunes animateurs  des quartiers de Fria est d\u00e9c\u00e9d\u00e9  ce jeudi 03 d\u00e9cembre 2020 dans une clinique de la capitale.<\/p>\n\n\n\n<p>Victime d&rsquo;un accident de circulation \u00e0 Fria le jeudi 26 novembre aux environs de 22  heures, il a \u00e9t\u00e9  admis en soins intensifs. <\/p>\n\n\n\n<p>\u00c9vacu\u00e9 dans une clinique de la capitale par le Directeur National des Imp\u00f4ts, le tr\u00e8s engag\u00e9 Kaba Sylla, a rendu l&rsquo;\u00e2me ce jeudi.<\/p>\n\n\n\n<p>La disparition de cet homme toujours pr\u00e9sent dans les activit\u00e9s de d\u00e9veloppent de la pr\u00e9fecture, est une grosse perte pour  Fria en g\u00e9n\u00e9ral et  la jeunesse en particulier.<\/p>\n\n\n\n<p>Kaba Sylla \u00e9tait \u00e9galement Professeur de fran\u00e7ais, mari\u00e9 et p\u00e8re.<\/p>\n\n\n\n<p>Il rejoindra sa derni\u00e8re demeure demain vendredi \u00e0 Fria, apr\u00e8s la pri\u00e8re de 14 heures. Mais avant, un symposium sera organis\u00e9 en sa m\u00e9moire \u00e0 la maison des jeunes \u00e0 partir de 10 heures.<\/p>\n\n\n\n<p>Que l&rsquo;\u00e2me du d\u00e9funt repose en paix.<\/p>\n","protected":false},"excerpt":{"rendered":"<p>Kaba Sylla, pr\u00e9sident des jeunes animateurs des quartiers de Fria est d\u00e9c\u00e9d\u00e9 ce jeudi 03 d\u00e9cembre 2020 dans une clinique de la capitale. Victime d&rsquo;un accident de circulation \u00e0 Fria le jeudi 26 novembre aux environs de 22 heures, il a \u00e9t\u00e9 admis en soins intensifs. \u00c9vacu\u00e9 dans une clinique de la capitale par le [&hellip;]<\/p>\n","protected":false},"author":3,"featured_media":27590,"comment_status":"open","ping_status":"open","sticky":false,"template":"","format":"standard","meta":{"footnotes":""},"categories":[2,151],"tags":[5626],"class_list":["post-27589","post","type-post","status-publish","format-standard","has-post-thumbnail","hentry","category-actualites","category-necrologie","tag-fria-en-deuil"],"_links":{"self":[{"href":"https:\/\/www.friaguinee.net\/index.php\/wp-json\/wp\/v2\/posts\/27589","targetHints":{"allow":["GET"]}}],"collection":[{"href":"https:\/\/www.friaguinee.net\/index.php\/wp-json\/wp\/v2\/posts"}],"about":[{"href":"https:\/\/www.friaguinee.net\/index.php\/wp-json\/wp\/v2\/types\/post"}],"author":[{"embeddable":true,"href":"https:\/\/www.friaguinee.net\/index.php\/wp-json\/wp\/v2\/users\/3"}],"replies":[{"embeddable":true,"href":"https:\/\/www.friaguinee.net\/index.php\/wp-json\/wp\/v2\/comments?post=27589"}],"version-history":[{"count":4,"href":"https:\/\/www.friaguinee.net\/index.php\/wp-json\/wp\/v2\/posts\/27589\/revisions"}],"predecessor-version":[{"id":27599,"href":"https:\/\/www.friaguinee.net\/index.php\/wp-json\/wp\/v2\/posts\/27589\/revisions\/27599"}],"wp:featuredmedia":[{"embeddable":true,"href":"https:\/\/www.friaguinee.net\/index.php\/wp-json\/wp\/v2\/media\/27590"}],"wp:attachment":[{"href":"https:\/\/www.friaguinee.net\/index.php\/wp-json\/wp\/v2\/media?parent=27589"}],"wp:term":[{"taxonomy":"category","embeddable":true,"href":"https:\/\/www.friaguinee.net\/index.php\/wp-json\/wp\/v2\/categories?post=27589"},{"taxonomy":"post_tag","embeddable":true,"href":"https:\/\/www.friaguinee.net\/index.php\/wp-json\/wp\/v2\/tags?post=27589"}],"curies":[{"name":"wp","href":"https:\/\/api.w.org\/{rel}","templated":true}]}}