{"id":26899,"date":"2020-11-13T19:15:22","date_gmt":"2020-11-13T19:15:22","guid":{"rendered":"http:\/\/www.friaguinee.net\/?p=26899"},"modified":"2020-11-13T19:29:38","modified_gmt":"2020-11-13T19:29:38","slug":"nations-unies-la-guinee-porte-a-la-tete-du-groupe-des-77-et-la-chine","status":"publish","type":"post","link":"https:\/\/www.friaguinee.net\/index.php\/2020\/11\/13\/nations-unies-la-guinee-porte-a-la-tete-du-groupe-des-77-et-la-chine\/","title":{"rendered":"Nations-Unies : la Guin\u00e9e port\u00e9e \u00e0 la t\u00eate du Groupe des 77 et la Chine"},"content":{"rendered":"\n<p>Pour l&rsquo;ann\u00e9e 2021, c&rsquo;est la R\u00e9publique de Guin\u00e9e qui est choisie pour pr\u00e9sider le Groupe des 77 et la Chine aux Nations Unies. <\/p>\n\n\n\n<p>La nouvelle est tomb\u00e9e \u00e0 la suite d&rsquo;une visioconf\u00e9rence tenue ce jeudi 13 novembre 2020, \u00e0 laquelle les 135 pays de l&rsquo;organisation ont particip\u00e9. <\/p>\n\n\n\n<p>Tr\u00e8s satisfait de cette d\u00e9signation, le Ministre des Affaires \u00c9trang\u00e8res et des Guin\u00e9ens de l\u2019\u00c9tranger a remerci\u00e9 le Groupe Africain pour le choix port\u00e9 sur la Guin\u00e9e qui va assurer la pr\u00e9sidence de l\u2019un des groupes les plus importants aux Nations Unies durant l\u2019ann\u00e9e 2021, tout en assurant les diplomates onusiens de l\u2019engagement de la Guin\u00e9e \u00e0 porter la voix du continent et de tous les pays membres.<\/p>\n\n\n\n<p>\u00a0\u00ab\u00a0<em><strong>Apr\u00e8s la pr\u00e9sidence de l\u2019Union Africaine, l\u2019Afrique vient de renouveler son attachement et sa confiance au leadership et \u00e0 l\u2019engagement du Professeur Alpha Cond\u00e9, en attribuant encore \u00e0 la Guin\u00e9e, la pr\u00e9sidence du Groupe des 77. Donc, la Guin\u00e9e repr\u00e9sente ainsi l\u2019Afrique, au sein de grand groupe, qui est une organisation intergouvernementale, la plus importante du syst\u00e8me des Nations Unies. Cela d\u00e9montre encore une fois la vibrance de la diplomatie guin\u00e9enne, qui est entrain de r\u00e9aliser des grands progr\u00e8s<\/strong><\/em><strong>. <\/strong><em><strong>Les priorit\u00e9s de la Guin\u00e9e, c\u2019est d\u2019abord la d\u00e9fense des positions africaines, les positions que l\u2019Afrique aura adopt\u00e9es au sein de l\u2019Union Africaine, faire valoir ces positions au sein du Groupe des 77 et en m\u00eame temps, d\u00e9fendre tous les pays en voie de d\u00e9veloppement.\u00a0 Ensuite, renforcer la coop\u00e9ration sud-sud dans les domaines politiques, \u00e9conomiques, dans les domaines de l\u2019environnement. Donc, le message du Pr\u00e9sident, c\u2019est que l\u2019Afrique doit parler d\u2019une m\u00eame voix au sein de ce groupe et que la position africaine soit bien comprise et bien d\u00e9fendue par les autres pays du Groupe des 77. Donc le grand message du Pr\u00e9sident, c\u2019est de faire valoir les positions africaines. Par exemple, la r\u00e9forme du conseil de s\u00e9curit\u00e9<\/strong><\/em> >> a d\u00e9clar\u00e9 Mamadi Tour\u00e9.<\/p>\n\n\n\n<p>Le\u00a0<strong>Groupe des 77<\/strong>\u00a0aux\u00a0<a href=\"https:\/\/fr.m.wikipedia.org\/wiki\/Organisation_des_Nations_unies\">Nations unies<\/a>\u00a0est une coalition de\u00a0<a href=\"https:\/\/fr.m.wikipedia.org\/wiki\/Pays_en_d%C3%A9veloppement\">pays en d\u00e9veloppement<\/a>, con\u00e7ue pour promouvoir les int\u00e9r\u00eats \u00e9conomiques et politiques collectifs de ses membres et cr\u00e9er une capacit\u00e9 de n\u00e9gociation accrue aux Nations unies. Il symbolise l&rsquo;engagement des Nations unies \u00e0 promouvoir la d\u00e9mocratisation des relations internationales et en constitue un facteur essentiel. Il s&rsquo;agit d&rsquo;unir tous les pays en d\u00e9veloppement afin que, en d\u00e9pit de leur diversit\u00e9, ils puissent peser sur les d\u00e9cisions internationales.<\/p>\n\n\n\n<p> Cr\u00e9\u00e9e par 77 pays, l&rsquo;organisation a grandi et compte actuellement\u00a0<a href=\"http:\/\/www.g77.org\/doc\/members.html\">135 pays membres<\/a>. N\u00e9anmoins, il continue \u00e0 \u00eatre d\u00e9sign\u00e9 comme le G77 dans les n\u00e9gociations et sessions de l&rsquo;ONU.<\/p>\n\n\n\n<p><strong>Ibrahima Sory Camara pour friaguinee.net <\/strong><\/p>\n","protected":false},"excerpt":{"rendered":"<p>Pour l&rsquo;ann\u00e9e 2021, c&rsquo;est la R\u00e9publique de Guin\u00e9e qui est choisie pour pr\u00e9sider le Groupe des 77 et la Chine aux Nations Unies. La nouvelle est tomb\u00e9e \u00e0 la suite d&rsquo;une visioconf\u00e9rence tenue ce jeudi 13 novembre 2020, \u00e0 laquelle les 135 pays de l&rsquo;organisation ont particip\u00e9. Tr\u00e8s satisfait de cette d\u00e9signation, le Ministre des [&hellip;]<\/p>\n","protected":false},"author":2,"featured_media":26901,"comment_status":"open","ping_status":"open","sticky":false,"template":"","format":"standard","meta":{"footnotes":""},"categories":[1464],"tags":[148,4122,1465,5438],"class_list":["post-26899","post","type-post","status-publish","format-standard","has-post-thumbnail","hentry","category-cooperation","tag-guinee","tag-ministere-des-affaires-etrangeres","tag-nations-unies","tag-presidence-g-77-et-chine"],"_links":{"self":[{"href":"https:\/\/www.friaguinee.net\/index.php\/wp-json\/wp\/v2\/posts\/26899","targetHints":{"allow":["GET"]}}],"collection":[{"href":"https:\/\/www.friaguinee.net\/index.php\/wp-json\/wp\/v2\/posts"}],"about":[{"href":"https:\/\/www.friaguinee.net\/index.php\/wp-json\/wp\/v2\/types\/post"}],"author":[{"embeddable":true,"href":"https:\/\/www.friaguinee.net\/index.php\/wp-json\/wp\/v2\/users\/2"}],"replies":[{"embeddable":true,"href":"https:\/\/www.friaguinee.net\/index.php\/wp-json\/wp\/v2\/comments?post=26899"}],"version-history":[{"count":5,"href":"https:\/\/www.friaguinee.net\/index.php\/wp-json\/wp\/v2\/posts\/26899\/revisions"}],"predecessor-version":[{"id":26905,"href":"https:\/\/www.friaguinee.net\/index.php\/wp-json\/wp\/v2\/posts\/26899\/revisions\/26905"}],"wp:featuredmedia":[{"embeddable":true,"href":"https:\/\/www.friaguinee.net\/index.php\/wp-json\/wp\/v2\/media\/26901"}],"wp:attachment":[{"href":"https:\/\/www.friaguinee.net\/index.php\/wp-json\/wp\/v2\/media?parent=26899"}],"wp:term":[{"taxonomy":"category","embeddable":true,"href":"https:\/\/www.friaguinee.net\/index.php\/wp-json\/wp\/v2\/categories?post=26899"},{"taxonomy":"post_tag","embeddable":true,"href":"https:\/\/www.friaguinee.net\/index.php\/wp-json\/wp\/v2\/tags?post=26899"}],"curies":[{"name":"wp","href":"https:\/\/api.w.org\/{rel}","templated":true}]}}