{"id":25669,"date":"2020-10-01T19:09:19","date_gmt":"2020-10-01T19:09:19","guid":{"rendered":"http:\/\/www.friaguinee.net\/?p=25669"},"modified":"2020-10-01T19:09:21","modified_gmt":"2020-10-01T19:09:21","slug":"guinee-fete-de-lindependance-alpha-conde-va-deposer-une-gerbe-de-fleurs-a-la-place-des-martyrs","status":"publish","type":"post","link":"https:\/\/www.friaguinee.net\/index.php\/2020\/10\/01\/guinee-fete-de-lindependance-alpha-conde-va-deposer-une-gerbe-de-fleurs-a-la-place-des-martyrs\/","title":{"rendered":"Guin\u00e9e\/F\u00eate de l&rsquo;ind\u00e9pendance: Alpha Cond\u00e9 va deposer une gerbe de fleurs \u00e0 la place des martyrs"},"content":{"rendered":"\n<p>A l\u2019occasion du 62\u00e8me anniversaire de l\u2019accession de la Guin\u00e9e \u00e0 l\u2019ind\u00e9pendance, Son Excellence le Professeur Alpha Cond\u00e9, Pr\u00e9sident de la R\u00e9publique, Chef de l\u2019Etat, proc\u00e9dera au d\u00e9p\u00f4t d\u2019une gerbe de fleurs le vendredi 2 octobre \u00e0 la place des martyrs dans la commune de Kaloum.<\/p>\n\n\n\n<p>Sont convi\u00e9es \u00e0 prendre part au c\u00e9r\u00e9monial pr\u00e9vu \u00e0 partir de 08 heures les personnalit\u00e9s ci-apr\u00e8s :<\/p>\n\n\n\n<p>\u2022 Monsieur le Pr\u00e9sident de l\u2019Assembl\u00e9e Nationale ;<br>\u2022 Monsieur le Premier Ministre, Chef du Gouvernement ;<br>\u2022 Monsieur le Pr\u00e9sident de la Cour Constitutionnelle ;<br>\u2022 Monsieur le Pr\u00e9sident de la Cour Supr\u00eame ;<br>\u2022 Monsieur le Pr\u00e9sident de la Cour des Comptes ;<br>\u2022 Monsieur le Pr\u00e9sident de la Haute Autorit\u00e9 de la Communication;<br>\u2022 Madame la Pr\u00e9sidente du Conseil Economique et Social ;<br>\u2022 Monsieur le M\u00e9diateur de la R\u00e9publique ;<br>\u2022 Monsieur le Grand Chancelier des Ordres Nationaux de Guin\u00e9e ;<br>\u2022 Monsieur le Pr\u00e9sident de la Commission Electorale Nationale Ind\u00e9pendante ;<br>\u2022 Monsieur le Pr\u00e9sident de l\u2019Institution Nationale Ind\u00e9pendante des Droits Humains ;<br>\u2022 Monsieur le Haut Repr\u00e9sentant du Chef de l\u2019Etat<br>\u2022 Mesdames et Messieurs les Membres du Gouvernement ;<br>\u2022 Mesdames et Messieurs les ministres conseillers membres du cabinet pr\u00e9sidentiel ;<br>\u2022 Monsieur le Chef d\u2019Etat-major G\u00e9n\u00e9ral des Arm\u00e9es ;<br>\u2022 Monsieur le Haut Commandant de la Gendarmerie Nationale;<br>\u2022 Messieurs les Chefs des Etats-majors des Arm\u00e9es de Terre, de l\u2019Air et de la Marine ;<br>\u2022 Monsieur le Chef d\u2019Etat-major Particulier de la Pr\u00e9sidence ;<br>\u2022 Messieurs les Directeurs G\u00e9n\u00e9raux de la Police, de la Douane et des Conservateurs de la Nature ;<br>\u2022 Mesdames et Messieurs les Chefs des Missions Diplomatiques et les Repr\u00e9sentants des Organisations Internationales ;<br>\u2022 Messieurs les co-pr\u00e9sidents de la Commission Provisoire de R\u00e9flexion sur la R\u00e9conciliation Nationale ;<br>\u2022 Les compagnons de l\u2019ind\u00e9pendance ;<br>\u2022 Messieurs les leaders des partis politiques ;<br>\u2022 Messieurs les repr\u00e9sentants des centrales syndicales et de la soci\u00e9t\u00e9 civile ;<br>\u2022 Monsieur le Gouverneur de la ville de Conakry.<\/p>\n\n\n\n<p><strong>Conakry, le 1er octobre 2020<\/strong><\/p>\n\n\n\n<p><strong>Mamady Sinkoun Kaba<br>Ambassadeur, Directeur du Protocole d\u2019Etat<\/strong><\/p>\n","protected":false},"excerpt":{"rendered":"<p>A l\u2019occasion du 62\u00e8me anniversaire de l\u2019accession de la Guin\u00e9e \u00e0 l\u2019ind\u00e9pendance, Son Excellence le Professeur Alpha Cond\u00e9, Pr\u00e9sident de la R\u00e9publique, Chef de l\u2019Etat, proc\u00e9dera au d\u00e9p\u00f4t d\u2019une gerbe de fleurs le vendredi 2 octobre \u00e0 la place des martyrs dans la commune de Kaloum. Sont convi\u00e9es \u00e0 prendre part au c\u00e9r\u00e9monial pr\u00e9vu \u00e0 [&hellip;]<\/p>\n","protected":false},"author":2,"featured_media":25671,"comment_status":"open","ping_status":"open","sticky":false,"template":"","format":"standard","meta":{"footnotes":""},"categories":[2],"tags":[5130,293,4794,50,5131,148,5132],"class_list":["post-25669","post","type-post","status-publish","format-standard","has-post-thumbnail","hentry","category-actualites","tag-2-octobre","tag-alpha-conde","tag-communique-du-gouvernement","tag-conakry","tag-gerbe-de-fleurs","tag-guinee","tag-plage-des-martyrs"],"_links":{"self":[{"href":"https:\/\/www.friaguinee.net\/index.php\/wp-json\/wp\/v2\/posts\/25669","targetHints":{"allow":["GET"]}}],"collection":[{"href":"https:\/\/www.friaguinee.net\/index.php\/wp-json\/wp\/v2\/posts"}],"about":[{"href":"https:\/\/www.friaguinee.net\/index.php\/wp-json\/wp\/v2\/types\/post"}],"author":[{"embeddable":true,"href":"https:\/\/www.friaguinee.net\/index.php\/wp-json\/wp\/v2\/users\/2"}],"replies":[{"embeddable":true,"href":"https:\/\/www.friaguinee.net\/index.php\/wp-json\/wp\/v2\/comments?post=25669"}],"version-history":[{"count":2,"href":"https:\/\/www.friaguinee.net\/index.php\/wp-json\/wp\/v2\/posts\/25669\/revisions"}],"predecessor-version":[{"id":25672,"href":"https:\/\/www.friaguinee.net\/index.php\/wp-json\/wp\/v2\/posts\/25669\/revisions\/25672"}],"wp:featuredmedia":[{"embeddable":true,"href":"https:\/\/www.friaguinee.net\/index.php\/wp-json\/wp\/v2\/media\/25671"}],"wp:attachment":[{"href":"https:\/\/www.friaguinee.net\/index.php\/wp-json\/wp\/v2\/media?parent=25669"}],"wp:term":[{"taxonomy":"category","embeddable":true,"href":"https:\/\/www.friaguinee.net\/index.php\/wp-json\/wp\/v2\/categories?post=25669"},{"taxonomy":"post_tag","embeddable":true,"href":"https:\/\/www.friaguinee.net\/index.php\/wp-json\/wp\/v2\/tags?post=25669"}],"curies":[{"name":"wp","href":"https:\/\/api.w.org\/{rel}","templated":true}]}}