{"id":25663,"date":"2020-10-01T17:34:34","date_gmt":"2020-10-01T17:34:34","guid":{"rendered":"http:\/\/www.friaguinee.net\/?p=25663"},"modified":"2020-10-01T17:40:11","modified_gmt":"2020-10-01T17:40:11","slug":"guinee-marcher-et-mourir-un-rapport-damnesty-international-denonce-la-repression-des-manifestations","status":"publish","type":"post","link":"https:\/\/www.friaguinee.net\/index.php\/2020\/10\/01\/guinee-marcher-et-mourir-un-rapport-damnesty-international-denonce-la-repression-des-manifestations\/","title":{"rendered":"Guin\u00e9e: \u00ab\u00a0Marcher et mourir\u00a0\u00bb : un rapport d\u2019Amnesty international d\u00e9nonce la r\u00e9pression des manifestations"},"content":{"rendered":"\n<p>A l&rsquo;approche de la pr\u00e9sidentielle pr\u00e9vue le 18 octobre 2020,&nbsp;<a href=\"https:\/\/www.amnesty.fr\/\" target=\"_blank\" rel=\"noreferrer noopener\">Amnesty International<\/a>&nbsp;dresse un tableau sombre de la situation des droits de l\u2019Homme en&nbsp;<a href=\"https:\/\/www.diplomatie.gouv.fr\/fr\/dossiers-pays\/guinee\/presentation-de-la-guinee\/\" target=\"_blank\" rel=\"noreferrer noopener\">Guin\u00e9e<\/a>. Dans un rapport publi\u00e9 jeudi 1er octobre, l&rsquo;organisation de droits de l&rsquo;Homme fait \u00e9tat de dizaines de morts et de bless\u00e9s civils lors des manifestations de contestation qui se sont succ\u00e9d\u00e9 depuis octobre 2019.<\/p>\n\n\n\n<h2 class=\"wp-block-heading\">Des tirs \u00e0 balles r\u00e9elles<\/h2>\n\n\n\n<p>Le dernier rapport d\u2019Amnesty International&nbsp;<em>Marcher et mourir<\/em>, bas\u00e9 sur une centaine de t\u00e9moignages, des documents officiels et des vid\u00e9os, pointe du doigt la responsabilit\u00e9 des forces de l\u2019ordre dans la r\u00e9pression des manifestations. En un an, au moins 50 personnes ont \u00e9t\u00e9 tu\u00e9es lors de rassemblements qui ont eu lieu dans plusieurs villes de Guin\u00e9e. Pour arr\u00eater la contestation li\u00e9e \u00e0 la r\u00e9forme de la Constitution, la police a eu plusieurs fois recours \u00e0 des armes \u00e0 feu.<\/p>\n\n\n\n<p><em>Nous avons parl\u00e9 \u00e0 des familles meurtries qui nous ont d\u00e9crit comment leurs enfants ont perdu la vie, victimes d\u2019une balle re\u00e7ue dans le dos, \u00e0 la poitrine, \u00e0 la t\u00eate ou au cou<\/em>Samira Daoud, directrice r\u00e9gionale d\u2019Amnesty International pour l\u2019Afrique de l\u2019Ouest et l\u2019Afrique centrale<em><\/em><\/p>\n\n\n\n<h2 class=\"wp-block-heading\">Des manifestations contre un 3e mandat<\/h2>\n\n\n\n<p>C&rsquo;est la r\u00e9forme de la Constitution qui a mis le feu aux poudres. Malgr\u00e9&nbsp;<a href=\"https:\/\/www.francetvinfo.fr\/monde\/afrique\/guinee\/guinee-quatre-choses-a-savoir-sur-le-referendum-constitutionnel-qui-a-plonge-le-pays-dans-une-nouvelle-impasse-politique_3846597.html\" target=\"_blank\" rel=\"noreferrer noopener\">la contestation<\/a>, la loi a \u00e9t\u00e9 modifi\u00e9e suite \u00e0&nbsp;<a href=\"https:\/\/www.francetvinfo.fr\/monde\/afrique\/guinee\/la-guinee-tient-son-referendum-constitutionnel-malgre-la-peur-du-coronavirus_3876535.html\" target=\"_blank\" rel=\"noreferrer noopener\">un r\u00e9f\u00e9rendum<\/a>&nbsp;permettant ainsi au pr\u00e9sident Alpha Cond\u00e9, au pouvoir depuis 2010, de briguer un troisi\u00e8me mandat. Cette&nbsp;<a href=\"https:\/\/www.francetvinfo.fr\/monde\/afrique\/societe-africaine\/le-syndrome-du-troisieme-mandat-en-afrique-les-nouvelles-formes-de-coups-d-etat_4078153.html\" target=\"_blank\" rel=\"noreferrer noopener\">pratique tr\u00e8s r\u00e9pandue en Afrique<\/a>&nbsp;\u00e9tait rejet\u00e9e en force et de nombreux Guin\u00e9ens ont continu\u00e9 \u00e0 manifester malgr\u00e9 la r\u00e9pression.<\/p>\n\n\n\n<p>Outre les dizaines de morts, Amnesty International a recens\u00e9 200 bless\u00e9s et de nombreuses arrestations et d\u00e9tention arbitraires. Les autorit\u00e9s avaient promis d\u2019enqu\u00eater mais la quasi-totalit\u00e9 des actions violentes sont rest\u00e9es impunies.<\/p>\n\n\n\n<p><em>Les menaces, la peur des repr\u00e9sailles et l&rsquo;absence de confiance dans la justice ont conduit des victimes et leurs proches \u00e0 se cacher et \u00e0 ne pas porter plainte<\/em>Rapport d&rsquo;Amnesty International sur la Guin\u00e9e<em><\/em><\/p>\n\n\n\n<p>L\u2019ONG souligne que l&rsquo;impunit\u00e9 favorise la r\u00e9p\u00e9tition des violations et la d\u00e9fiance envers les institutions. Un rappel \u00e0 l&rsquo;ordre dans ce pays qui a connu des d\u00e9cennies de r\u00e9gime autoritaire, avant 2010, date de la premi\u00e8re \u00e9lection d\u00e9mocratique qui a port\u00e9 au pouvoir l\u2019ancien opposant historique Alpha Cond\u00e9&#8230;<\/p>\n\n\n\n<p><strong>Avec Franceinfo<\/strong><\/p>\n","protected":false},"excerpt":{"rendered":"<p>A l&rsquo;approche de la pr\u00e9sidentielle pr\u00e9vue le 18 octobre 2020,&nbsp;Amnesty International&nbsp;dresse un tableau sombre de la situation des droits de l\u2019Homme en&nbsp;Guin\u00e9e. Dans un rapport publi\u00e9 jeudi 1er octobre, l&rsquo;organisation de droits de l&rsquo;Homme fait \u00e9tat de dizaines de morts et de bless\u00e9s civils lors des manifestations de contestation qui se sont succ\u00e9d\u00e9 depuis octobre [&hellip;]<\/p>\n","protected":false},"author":2,"featured_media":25664,"comment_status":"open","ping_status":"open","sticky":false,"template":"","format":"standard","meta":{"footnotes":""},"categories":[1],"tags":[2448,148,104,5128],"class_list":["post-25663","post","type-post","status-publish","format-standard","has-post-thumbnail","hentry","category-non-classe","tag-amnesty-international","tag-guinee","tag-manifestations","tag-repression"],"_links":{"self":[{"href":"https:\/\/www.friaguinee.net\/index.php\/wp-json\/wp\/v2\/posts\/25663","targetHints":{"allow":["GET"]}}],"collection":[{"href":"https:\/\/www.friaguinee.net\/index.php\/wp-json\/wp\/v2\/posts"}],"about":[{"href":"https:\/\/www.friaguinee.net\/index.php\/wp-json\/wp\/v2\/types\/post"}],"author":[{"embeddable":true,"href":"https:\/\/www.friaguinee.net\/index.php\/wp-json\/wp\/v2\/users\/2"}],"replies":[{"embeddable":true,"href":"https:\/\/www.friaguinee.net\/index.php\/wp-json\/wp\/v2\/comments?post=25663"}],"version-history":[{"count":2,"href":"https:\/\/www.friaguinee.net\/index.php\/wp-json\/wp\/v2\/posts\/25663\/revisions"}],"predecessor-version":[{"id":25667,"href":"https:\/\/www.friaguinee.net\/index.php\/wp-json\/wp\/v2\/posts\/25663\/revisions\/25667"}],"wp:featuredmedia":[{"embeddable":true,"href":"https:\/\/www.friaguinee.net\/index.php\/wp-json\/wp\/v2\/media\/25664"}],"wp:attachment":[{"href":"https:\/\/www.friaguinee.net\/index.php\/wp-json\/wp\/v2\/media?parent=25663"}],"wp:term":[{"taxonomy":"category","embeddable":true,"href":"https:\/\/www.friaguinee.net\/index.php\/wp-json\/wp\/v2\/categories?post=25663"},{"taxonomy":"post_tag","embeddable":true,"href":"https:\/\/www.friaguinee.net\/index.php\/wp-json\/wp\/v2\/tags?post=25663"}],"curies":[{"name":"wp","href":"https:\/\/api.w.org\/{rel}","templated":true}]}}