{"id":25563,"date":"2020-09-28T12:36:07","date_gmt":"2020-09-28T12:36:07","guid":{"rendered":"http:\/\/www.friaguinee.net\/?p=25563"},"modified":"2020-09-28T12:36:09","modified_gmt":"2020-09-28T12:36:09","slug":"labe-fndc-la-manifestation-naura-pas-lieu-le-29-septembre","status":"publish","type":"post","link":"https:\/\/www.friaguinee.net\/index.php\/2020\/09\/28\/labe-fndc-la-manifestation-naura-pas-lieu-le-29-septembre\/","title":{"rendered":"Lab\u00e9\/FNDC: la manifestation n&rsquo;aura pas lieu le 29 septembre !"},"content":{"rendered":"\n<p>D\u00e9cidant de r\u00e9pondre \u00e0 l&rsquo;appel patriotique lanc\u00e9 le 16 septembre 2020 par la Coordination Nationale du FNDC d\u2019une \u00e9ventuelle confiscation du progr\u00e8s d\u00e9mocratique douloureusement acquis ces derni\u00e8res ann\u00e9es, l&rsquo;antenne r\u00e9gionale du Front National pour la D\u00e9fense de la Constitution de Lab\u00e9 (FNDC\/Lab\u00e9) comme \u00e0 l\u2019accoutum\u00e9e, avait invit\u00e9 tous les citoyens patriotes de Lab\u00e9 \u00e0 prendre part \u00e0 une manifestation pacifique pr\u00e9vue le mardi 29 septembre 2020 pour exprimer leur opposition \u00e0 une pr\u00e9sidence \u00e0 vie et \u00e0 la politique divisionniste de M. Alpha Cond\u00e9. <\/p>\n\n\n\n<p>Soucieux de la pr\u00e9servation de la paix et de la qui\u00e9tude sociale \u00e0 Lab\u00e9 ;<\/p>\n\n\n\n<p>Prenant acte de la militarisation de la ville et la pr\u00e9disposition des autorit\u00e9s \u00e0 susciter un conflit ethnique pour des fins politiques ;<\/p>\n\n\n\n<p>Consid\u00e9rant les risques \u00e9lev\u00e9s et les diff\u00e9rents \u00e9l\u00e9ments rapport\u00e9s par nos d\u00e9membrements dans les quartiers et secteurs ;<\/p>\n\n\n\n<p>Ayant toujours mis en avant la lutte pacifique ;<\/p>\n\n\n\n<p>Le FNDC\/Lab\u00e9 a d\u00e9cid\u00e9, apr\u00e8s consultation de sa base, de ramener la manifestation \u00e0 une date ult\u00e9rieure qui fera l\u2019objet d\u2019une nouvelle communication.<\/p>\n\n\n\n<p>Le FNDC\/Lab\u00e9 remercie les citoyens pour leur inlassable engagement et leur demande de rester mobilis\u00e9s pour s\u2019opposer par tous les moyens l\u00e9gaux \u00e0 la pr\u00e9sidence \u00e0 vie voulue par M. Alpha Cond\u00e9. <\/p>\n\n\n\n<p>Enfin, le FNDC\/Lab\u00e9 demande aux citoyens de rester vigilants face aux man\u0153uvres divisionnistes pr\u00f4n\u00e9es par un r\u00e9gime aux abois.<\/p>\n\n\n\n<p>Ensemble, unis et solidaires nous vaincrons <\/p>\n\n\n\n<p>Lab\u00e9, le 28 septembre 2020 <\/p>\n\n\n\n<p>La Coordination R\u00e9gionale<\/p>\n","protected":false},"excerpt":{"rendered":"<p>D\u00e9cidant de r\u00e9pondre \u00e0 l&rsquo;appel patriotique lanc\u00e9 le 16 septembre 2020 par la Coordination Nationale du FNDC d\u2019une \u00e9ventuelle confiscation du progr\u00e8s d\u00e9mocratique douloureusement acquis ces derni\u00e8res ann\u00e9es, l&rsquo;antenne r\u00e9gionale du Front National pour la D\u00e9fense de la Constitution de Lab\u00e9 (FNDC\/Lab\u00e9) comme \u00e0 l\u2019accoutum\u00e9e, avait invit\u00e9 tous les citoyens patriotes de Lab\u00e9 \u00e0 prendre [&hellip;]<\/p>\n","protected":false},"author":2,"featured_media":25565,"comment_status":"open","ping_status":"open","sticky":false,"template":"","format":"standard","meta":{"footnotes":""},"categories":[163],"tags":[5098,1242,53,180],"class_list":["post-25563","post","type-post","status-publish","format-standard","has-post-thumbnail","hentry","category-politique","tag-date-ulterieure","tag-fndc","tag-labe","tag-manifestation"],"_links":{"self":[{"href":"https:\/\/www.friaguinee.net\/index.php\/wp-json\/wp\/v2\/posts\/25563","targetHints":{"allow":["GET"]}}],"collection":[{"href":"https:\/\/www.friaguinee.net\/index.php\/wp-json\/wp\/v2\/posts"}],"about":[{"href":"https:\/\/www.friaguinee.net\/index.php\/wp-json\/wp\/v2\/types\/post"}],"author":[{"embeddable":true,"href":"https:\/\/www.friaguinee.net\/index.php\/wp-json\/wp\/v2\/users\/2"}],"replies":[{"embeddable":true,"href":"https:\/\/www.friaguinee.net\/index.php\/wp-json\/wp\/v2\/comments?post=25563"}],"version-history":[{"count":2,"href":"https:\/\/www.friaguinee.net\/index.php\/wp-json\/wp\/v2\/posts\/25563\/revisions"}],"predecessor-version":[{"id":25566,"href":"https:\/\/www.friaguinee.net\/index.php\/wp-json\/wp\/v2\/posts\/25563\/revisions\/25566"}],"wp:featuredmedia":[{"embeddable":true,"href":"https:\/\/www.friaguinee.net\/index.php\/wp-json\/wp\/v2\/media\/25565"}],"wp:attachment":[{"href":"https:\/\/www.friaguinee.net\/index.php\/wp-json\/wp\/v2\/media?parent=25563"}],"wp:term":[{"taxonomy":"category","embeddable":true,"href":"https:\/\/www.friaguinee.net\/index.php\/wp-json\/wp\/v2\/categories?post=25563"},{"taxonomy":"post_tag","embeddable":true,"href":"https:\/\/www.friaguinee.net\/index.php\/wp-json\/wp\/v2\/tags?post=25563"}],"curies":[{"name":"wp","href":"https:\/\/api.w.org\/{rel}","templated":true}]}}