{"id":25461,"date":"2020-09-24T20:20:20","date_gmt":"2020-09-24T20:20:20","guid":{"rendered":"http:\/\/www.friaguinee.net\/?p=25461"},"modified":"2020-09-24T20:22:55","modified_gmt":"2020-09-24T20:22:55","slug":"fria-allegement-des-mesures-sanitaires-les-usagers-des-vehicules-de-transport-en-commun-aux-anges","status":"publish","type":"post","link":"https:\/\/www.friaguinee.net\/index.php\/2020\/09\/24\/fria-allegement-des-mesures-sanitaires-les-usagers-des-vehicules-de-transport-en-commun-aux-anges\/","title":{"rendered":"Fria\/All\u00e8gement des mesures sanitaires: les usagers des v\u00e9hicules de transport en commun aux anges !"},"content":{"rendered":"\n<p>L&rsquo;instauration de l&rsquo;\u00e9tat d&rsquo;urgence sanitaire par le chef de l&rsquo;Etat le mois de mars dernier, pour contenir la maladie \u00e0 coronavirus, avait entra\u00een\u00e9 une hausse vertigineuse des tarifs du transport routier sur toute l&rsquo;\u00e9tendue du t\u00e9rritoire national . <\/p>\n\n\n\n<p>C&rsquo;est apr\u00e8s la manifestation des \u00e9tudiants le lundi dernier que le Pr\u00e9sident de la R\u00e9publique a d\u00e9cid\u00e9 d&rsquo;all\u00e9ger les mesures sanitaires. Ce communiqu\u00e9 lu sur les ondes de la radio t\u00e9l\u00e9vision guin\u00e9enne a suscit\u00e9 de  nombreuses r\u00e9actions car parmi les mesures revues, le rabais du transport figurait en premi\u00e8re ligne.<\/p>\n\n\n\n<p>A Fria, le respect de cette d\u00e9cision du Pr\u00e9sident de la R\u00e9publique est la priorit\u00e9 du secr\u00e9taire g\u00e9n\u00e9ral du syndicat des transporteurs.<\/p>\n\n\n\n<p>&lt;&lt; <strong><em>Depuis la flamb\u00e9e du prix de transport , on avait des oreilles tr\u00e8s attentives sur le rabais du transport et c&rsquo;est ce qui fut fait dans la nuit du lundi . Alors quand nous avons entendu \u00e7a, c&rsquo;etait un ouf de soulagement c&rsquo;est pourquoi d\u00e8s le mardi matin nous avons ramen\u00e9 le prix comme avant parce que le m\u00eame d\u00e9cret pr\u00e9cise que maintenant les voitures de 9 places peuvent prendre les 9 personnes , les voiture de 6 places peuvent prendre les 6 personnes etc \u2026 L\u00e0 o\u00f9 nous sommes aujourd&rsquo;hui, Fria-Conakry c&rsquo;est 35.000fg , Fria-Kagbelen c&rsquo;est 30.000 fg , Fria-Bok\u00e9 c&rsquo;est 60.000 fg . Les bavettes sont obligatoirement port\u00e9es par les  chauffeurs et les passagers assag\u00e9s, les kits de lavage des mains sont en place,  on suit r\u00e9guli\u00e8rement et, pour le moment, il n&rsquo;y a aucun probl\u00e8me<\/em><\/strong> >>, a expliqu\u00e9 Moustapha Balbaky.<\/p>\n\n\n\n<p>Quant aux passagers, la joie se lit sur les visages.  C&rsquo;est est le cas de Oumou Bah qui \u00e9tait \u00e0 bord d&rsquo;un taxi, en partance pour Conakry, qui se dit tr\u00e8s contente de cette nouvelle qui facilite les deplacements pour touts les citoyens .<\/p>\n\n\n\n<p>&lt;&lt; <strong><em>Vraiment moi je n&rsquo;ai qu&rsquo;un sentiment de satisfaction et un plaisir indescriptible de voir le transport Fria-Conakry revenir \u00e0 35.000fg. \u00c7a me rejouit \u00e0 plus d&rsquo;un titre<\/em><\/strong> >>, a-t-elle manifest\u00e9. <\/p>\n\n\n\n<p>Pour rappel, pendant ces six derniers mois, les passagers du trajet Fria-Conakry deboursait 80 000 FG pour s&#8217;embarquer \u00e0 bord d&rsquo;un taxi.<\/p>\n\n\n\n<p> <strong>Mohamed Kolya Bangoura pour friaguinee.net <\/strong><\/p>\n\n\n\n<p><strong>Tel: 620 05 05 47<\/strong><\/p>\n","protected":false},"excerpt":{"rendered":"<p>L&rsquo;instauration de l&rsquo;\u00e9tat d&rsquo;urgence sanitaire par le chef de l&rsquo;Etat le mois de mars dernier, pour contenir la maladie \u00e0 coronavirus, avait entra\u00een\u00e9 une hausse vertigineuse des tarifs du transport routier sur toute l&rsquo;\u00e9tendue du t\u00e9rritoire national . C&rsquo;est apr\u00e8s la manifestation des \u00e9tudiants le lundi dernier que le Pr\u00e9sident de la R\u00e9publique a d\u00e9cid\u00e9 [&hellip;]<\/p>\n","protected":false},"author":2,"featured_media":25463,"comment_status":"open","ping_status":"open","sticky":false,"template":"","format":"standard","meta":{"footnotes":""},"categories":[2],"tags":[5077,49,2589,4520],"class_list":["post-25461","post","type-post","status-publish","format-standard","has-post-thumbnail","hentry","category-actualites","tag-allegement-mesures-sanitaires","tag-fria","tag-passagers","tag-syndicats"],"_links":{"self":[{"href":"https:\/\/www.friaguinee.net\/index.php\/wp-json\/wp\/v2\/posts\/25461","targetHints":{"allow":["GET"]}}],"collection":[{"href":"https:\/\/www.friaguinee.net\/index.php\/wp-json\/wp\/v2\/posts"}],"about":[{"href":"https:\/\/www.friaguinee.net\/index.php\/wp-json\/wp\/v2\/types\/post"}],"author":[{"embeddable":true,"href":"https:\/\/www.friaguinee.net\/index.php\/wp-json\/wp\/v2\/users\/2"}],"replies":[{"embeddable":true,"href":"https:\/\/www.friaguinee.net\/index.php\/wp-json\/wp\/v2\/comments?post=25461"}],"version-history":[{"count":3,"href":"https:\/\/www.friaguinee.net\/index.php\/wp-json\/wp\/v2\/posts\/25461\/revisions"}],"predecessor-version":[{"id":25465,"href":"https:\/\/www.friaguinee.net\/index.php\/wp-json\/wp\/v2\/posts\/25461\/revisions\/25465"}],"wp:featuredmedia":[{"embeddable":true,"href":"https:\/\/www.friaguinee.net\/index.php\/wp-json\/wp\/v2\/media\/25463"}],"wp:attachment":[{"href":"https:\/\/www.friaguinee.net\/index.php\/wp-json\/wp\/v2\/media?parent=25461"}],"wp:term":[{"taxonomy":"category","embeddable":true,"href":"https:\/\/www.friaguinee.net\/index.php\/wp-json\/wp\/v2\/categories?post=25461"},{"taxonomy":"post_tag","embeddable":true,"href":"https:\/\/www.friaguinee.net\/index.php\/wp-json\/wp\/v2\/tags?post=25461"}],"curies":[{"name":"wp","href":"https:\/\/api.w.org\/{rel}","templated":true}]}}