{"id":25185,"date":"2020-09-15T10:31:16","date_gmt":"2020-09-15T10:31:16","guid":{"rendered":"http:\/\/www.friaguinee.net\/?p=25185"},"modified":"2020-09-15T10:31:17","modified_gmt":"2020-09-15T10:31:17","slug":"cote-divoire-les-candidatures-de-ouattara-et-bedie-retenues-celles-de-gbagbo-et-soro-rejetees","status":"publish","type":"post","link":"https:\/\/www.friaguinee.net\/index.php\/2020\/09\/15\/cote-divoire-les-candidatures-de-ouattara-et-bedie-retenues-celles-de-gbagbo-et-soro-rejetees\/","title":{"rendered":"C\u00f4te d\u2019Ivoire : les candidatures de Ouattara et B\u00e9di\u00e9 retenues, celles de Gbagbo et Soro rejet\u00e9es"},"content":{"rendered":"\n<p>La liste des candidats retenus pour participer \u00e0 la pr\u00e9sidentielle d\u2019octobre est d\u00e9sormais connue. Alassane Ouattara, Henri Konan B\u00e9di\u00e9, Kouadio Konan Bertan et Pascal Affi N\u2019Guessan sont en lice. Les dossiers de Laurent Gbagbo, Guillaume Soro, Marcel Amon Tanoh et Albert Mabri Toikeusse ont en revanche \u00e9t\u00e9 rejet\u00e9s par le Conseil constitutionnel.<\/p>\n\n\n\n<p>Les Sages ont rendu leur verdict. Lundi 14 septembre, Mamadou Kon\u00e9, le pr\u00e9sident du Conseil constitutionnel, a d\u00e9voil\u00e9 la liste des candidats retenus pour l\u2019\u00e9lection pr\u00e9sidentielle, dont le premier tour se tiendra le 31 octobre.<\/p>\n\n\n\n<p>Ont \u00e9t\u00e9 d\u00e9clar\u00e9s \u00e9ligibles&nbsp;<a href=\"https:\/\/www.jeuneafrique.com\/1032680\/politique\/lors-de-son-investiture-alassane-ouattara-met-en-garde-lopposition-et-promet-un-coup-ko\/\">Alassane Ouattara, qui briguera un troisi\u00e8me mandat lors de ce scrutin<\/a>,&nbsp;<a href=\"https:\/\/www.jeuneafrique.com\/1023452\/politique\/presidentielle-en-cote-divoire-pascal-affi-nguessan-candidat-des-renovateurs-du-fpi\/\">Pascal Affi Nguessan<\/a>,&nbsp;<a href=\"https:\/\/www.jeuneafrique.com\/1043936\/politique\/presidentielle-en-cote-divoire-investi-candidat-bedie-devoile-son-programme-et-attaque-ouattara\/\">Henri Konan B\u00e9di\u00e9<\/a>, et Kouadio Konan Bertin.\u00c0 LIRE&nbsp;<a href=\"https:\/\/www.jeuneafrique.com\/1027200\/politique\/cote-divoire-comment-alassane-ouattara-a-accelere-sa-candidature\/\">C\u00f4te d\u2019Ivoire : comment Alassane Ouattara a acc\u00e9l\u00e9r\u00e9 sa candidature<\/a><\/p>\n\n\n\n<p>Outre Alassane Ouattara, Henri Konan B\u00e9di\u00e9, le candidat du Parti d\u00e9mocratique de C\u00f4te d\u2019Ivoire \u2013 Rassemblement d\u00e9mocratique africain (PDCI-RDA), a, selon les Sages, lui aussi rempli les conditions concernant le nombre de parrainages et sa candidature r\u00e9pond \u00e0 l\u2019ensemble des crit\u00e8res.<\/p>\n\n\n\n<p>Pascal Affi Nguessan, le candidat du Front populaire ivoirien (FPI) officiellement reconnu (la frange qui n\u2019est pas rest\u00e9e fid\u00e8le \u00e0 Laurent Gbagbo), \u00ab&nbsp;remplit toutes les conditions l\u00e9gales&nbsp;\u00bb, a d\u00e9clar\u00e9 Mamadou Kon\u00e9.<\/p>\n\n\n\n<p>Kouadio Konan Bertin a, lui aussi, vu sa candidature valid\u00e9e par le Conseil constitutionnel.<\/p>\n\n\n\n<p>JA<\/p>\n","protected":false},"excerpt":{"rendered":"<p>La liste des candidats retenus pour participer \u00e0 la pr\u00e9sidentielle d\u2019octobre est d\u00e9sormais connue. Alassane Ouattara, Henri Konan B\u00e9di\u00e9, Kouadio Konan Bertan et Pascal Affi N\u2019Guessan sont en lice. Les dossiers de Laurent Gbagbo, Guillaume Soro, Marcel Amon Tanoh et Albert Mabri Toikeusse ont en revanche \u00e9t\u00e9 rejet\u00e9s par le Conseil constitutionnel. Les Sages ont [&hellip;]<\/p>\n","protected":false},"author":2,"featured_media":25187,"comment_status":"open","ping_status":"open","sticky":false,"template":"","format":"standard","meta":{"footnotes":""},"categories":[42],"tags":[1594,302,1552,4174,5019,1048],"class_list":["post-25185","post","type-post","status-publish","format-standard","has-post-thumbnail","hentry","category-afrique","tag-alassane-ouattara","tag-candidats","tag-guillaume-soro","tag-henri-konan-bedie","tag-laurent-gbagbo","tag-presidentielle"],"_links":{"self":[{"href":"https:\/\/www.friaguinee.net\/index.php\/wp-json\/wp\/v2\/posts\/25185","targetHints":{"allow":["GET"]}}],"collection":[{"href":"https:\/\/www.friaguinee.net\/index.php\/wp-json\/wp\/v2\/posts"}],"about":[{"href":"https:\/\/www.friaguinee.net\/index.php\/wp-json\/wp\/v2\/types\/post"}],"author":[{"embeddable":true,"href":"https:\/\/www.friaguinee.net\/index.php\/wp-json\/wp\/v2\/users\/2"}],"replies":[{"embeddable":true,"href":"https:\/\/www.friaguinee.net\/index.php\/wp-json\/wp\/v2\/comments?post=25185"}],"version-history":[{"count":1,"href":"https:\/\/www.friaguinee.net\/index.php\/wp-json\/wp\/v2\/posts\/25185\/revisions"}],"predecessor-version":[{"id":25186,"href":"https:\/\/www.friaguinee.net\/index.php\/wp-json\/wp\/v2\/posts\/25185\/revisions\/25186"}],"wp:featuredmedia":[{"embeddable":true,"href":"https:\/\/www.friaguinee.net\/index.php\/wp-json\/wp\/v2\/media\/25187"}],"wp:attachment":[{"href":"https:\/\/www.friaguinee.net\/index.php\/wp-json\/wp\/v2\/media?parent=25185"}],"wp:term":[{"taxonomy":"category","embeddable":true,"href":"https:\/\/www.friaguinee.net\/index.php\/wp-json\/wp\/v2\/categories?post=25185"},{"taxonomy":"post_tag","embeddable":true,"href":"https:\/\/www.friaguinee.net\/index.php\/wp-json\/wp\/v2\/tags?post=25185"}],"curies":[{"name":"wp","href":"https:\/\/api.w.org\/{rel}","templated":true}]}}