{"id":24701,"date":"2020-08-31T18:18:51","date_gmt":"2020-08-31T18:18:51","guid":{"rendered":"http:\/\/www.friaguinee.net\/?p=24701"},"modified":"2020-08-31T18:18:53","modified_gmt":"2020-08-31T18:18:53","slug":"guinee-installation-des-conseils-de-quartiers-et-districts-voici-procedure-dinstallation","status":"publish","type":"post","link":"https:\/\/www.friaguinee.net\/index.php\/2020\/08\/31\/guinee-installation-des-conseils-de-quartiers-et-districts-voici-procedure-dinstallation\/","title":{"rendered":"Guin\u00e9e\/Installation des conseils de quartiers et districts: voici   proc\u00e9dure d&rsquo;installation"},"content":{"rendered":"\n<p>En ex\u00e9cution du d\u00e9cret D\/2020\/115\/PRG\/SGGG du 18 juin 202p, portant installation des conseils de quartiers et de districts, le ministre de l&rsquo;administration du territoire et de la d\u00e9centralisation a adress\u00e9 aux administrateurs territoriaux, une circulaire relative \u00e0 la proc\u00e9dure d&rsquo;installation desdits conseils locaux. <\/p>\n\n\n\n<p>Ci-dessous la circulaire en question<\/p>\n\n\n\n<figure class=\"wp-block-image\"><img loading=\"lazy\" decoding=\"async\" width=\"664\" height=\"981\" src=\"http:\/\/www.friaguinee.net\/wp-content\/uploads\/2020\/08\/20200831_175910.jpg\" alt=\"\" class=\"wp-image-24702\" srcset=\"https:\/\/www.friaguinee.net\/wp-content\/uploads\/2020\/08\/20200831_175910.jpg 664w, https:\/\/www.friaguinee.net\/wp-content\/uploads\/2020\/08\/20200831_175910-203x300.jpg 203w, https:\/\/www.friaguinee.net\/wp-content\/uploads\/2020\/08\/20200831_175910-284x420.jpg 284w\" sizes=\"auto, (max-width: 664px) 100vw, 664px\" \/><\/figure>\n\n\n\n<figure class=\"wp-block-image\"><img loading=\"lazy\" decoding=\"async\" width=\"679\" height=\"1024\" src=\"http:\/\/www.friaguinee.net\/wp-content\/uploads\/2020\/08\/20200831_175943-679x1024.jpg\" alt=\"\" class=\"wp-image-24703\" srcset=\"https:\/\/www.friaguinee.net\/wp-content\/uploads\/2020\/08\/20200831_175943-679x1024.jpg 679w, https:\/\/www.friaguinee.net\/wp-content\/uploads\/2020\/08\/20200831_175943-199x300.jpg 199w, https:\/\/www.friaguinee.net\/wp-content\/uploads\/2020\/08\/20200831_175943-696x1050.jpg 696w, https:\/\/www.friaguinee.net\/wp-content\/uploads\/2020\/08\/20200831_175943-278x420.jpg 278w, https:\/\/www.friaguinee.net\/wp-content\/uploads\/2020\/08\/20200831_175943.jpg 713w\" sizes=\"auto, (max-width: 679px) 100vw, 679px\" \/><\/figure>\n\n\n\n<figure class=\"wp-block-image\"><img loading=\"lazy\" decoding=\"async\" width=\"720\" height=\"934\" src=\"http:\/\/www.friaguinee.net\/wp-content\/uploads\/2020\/08\/20200831_180001.jpg\" alt=\"\" class=\"wp-image-24704\" srcset=\"https:\/\/www.friaguinee.net\/wp-content\/uploads\/2020\/08\/20200831_180001.jpg 720w, https:\/\/www.friaguinee.net\/wp-content\/uploads\/2020\/08\/20200831_180001-231x300.jpg 231w, https:\/\/www.friaguinee.net\/wp-content\/uploads\/2020\/08\/20200831_180001-696x903.jpg 696w, https:\/\/www.friaguinee.net\/wp-content\/uploads\/2020\/08\/20200831_180001-324x420.jpg 324w\" sizes=\"auto, (max-width: 720px) 100vw, 720px\" \/><\/figure>\n\n\n\n<figure class=\"wp-block-image\"><img loading=\"lazy\" decoding=\"async\" width=\"720\" height=\"912\" src=\"http:\/\/www.friaguinee.net\/wp-content\/uploads\/2020\/08\/20200831_180018.jpg\" alt=\"\" class=\"wp-image-24705\" srcset=\"https:\/\/www.friaguinee.net\/wp-content\/uploads\/2020\/08\/20200831_180018.jpg 720w, https:\/\/www.friaguinee.net\/wp-content\/uploads\/2020\/08\/20200831_180018-237x300.jpg 237w, https:\/\/www.friaguinee.net\/wp-content\/uploads\/2020\/08\/20200831_180018-696x882.jpg 696w, https:\/\/www.friaguinee.net\/wp-content\/uploads\/2020\/08\/20200831_180018-332x420.jpg 332w\" sizes=\"auto, (max-width: 720px) 100vw, 720px\" \/><\/figure>\n","protected":false},"excerpt":{"rendered":"<p>En ex\u00e9cution du d\u00e9cret D\/2020\/115\/PRG\/SGGG du 18 juin 202p, portant installation des conseils de quartiers et de districts, le ministre de l&rsquo;administration du territoire et de la d\u00e9centralisation a adress\u00e9 aux administrateurs territoriaux, une circulaire relative \u00e0 la proc\u00e9dure d&rsquo;installation desdits conseils locaux. Ci-dessous la circulaire en question<\/p>\n","protected":false},"author":2,"featured_media":24707,"comment_status":"open","ping_status":"open","sticky":false,"template":"","format":"standard","meta":{"footnotes":""},"categories":[2],"tags":[1520,4904,148,685,4905],"class_list":["post-24701","post","type-post","status-publish","format-standard","has-post-thumbnail","hentry","category-actualites","tag-bourema-conde","tag-conseils-de-quartiers","tag-guinee","tag-installation","tag-procedure"],"_links":{"self":[{"href":"https:\/\/www.friaguinee.net\/index.php\/wp-json\/wp\/v2\/posts\/24701","targetHints":{"allow":["GET"]}}],"collection":[{"href":"https:\/\/www.friaguinee.net\/index.php\/wp-json\/wp\/v2\/posts"}],"about":[{"href":"https:\/\/www.friaguinee.net\/index.php\/wp-json\/wp\/v2\/types\/post"}],"author":[{"embeddable":true,"href":"https:\/\/www.friaguinee.net\/index.php\/wp-json\/wp\/v2\/users\/2"}],"replies":[{"embeddable":true,"href":"https:\/\/www.friaguinee.net\/index.php\/wp-json\/wp\/v2\/comments?post=24701"}],"version-history":[{"count":1,"href":"https:\/\/www.friaguinee.net\/index.php\/wp-json\/wp\/v2\/posts\/24701\/revisions"}],"predecessor-version":[{"id":24706,"href":"https:\/\/www.friaguinee.net\/index.php\/wp-json\/wp\/v2\/posts\/24701\/revisions\/24706"}],"wp:featuredmedia":[{"embeddable":true,"href":"https:\/\/www.friaguinee.net\/index.php\/wp-json\/wp\/v2\/media\/24707"}],"wp:attachment":[{"href":"https:\/\/www.friaguinee.net\/index.php\/wp-json\/wp\/v2\/media?parent=24701"}],"wp:term":[{"taxonomy":"category","embeddable":true,"href":"https:\/\/www.friaguinee.net\/index.php\/wp-json\/wp\/v2\/categories?post=24701"},{"taxonomy":"post_tag","embeddable":true,"href":"https:\/\/www.friaguinee.net\/index.php\/wp-json\/wp\/v2\/tags?post=24701"}],"curies":[{"name":"wp","href":"https:\/\/api.w.org\/{rel}","templated":true}]}}