{"id":24680,"date":"2020-08-30T16:59:41","date_gmt":"2020-08-30T16:59:41","guid":{"rendered":"http:\/\/www.friaguinee.net\/?p=24680"},"modified":"2020-08-30T19:13:07","modified_gmt":"2020-08-30T19:13:07","slug":"fria-reprise-des-cours-les-inquietudes-des-parents-deleves","status":"publish","type":"post","link":"https:\/\/www.friaguinee.net\/index.php\/2020\/08\/30\/fria-reprise-des-cours-les-inquietudes-des-parents-deleves\/","title":{"rendered":"Fria\/Reprise des cours le 1er septembre: les inqui\u00e9tudes des parents d&rsquo;\u00e9l\u00e8ves"},"content":{"rendered":"\n<p>Apr\u00e8s plus de cinq mois pass\u00e9s \u00e0 la maison \u00e0 cause de l&rsquo;interruption forc\u00e9e des cours en vue de maitriser la propagation de la maladie \u00e0 coronavirus dans le pays,  les autorit\u00e9s en charge de l&rsquo;\u00e9ducation nationale, ont officiellement annonc\u00e9 la reprise des cours ce mardi 1er septembre 2020 pour les classes interm\u00e9diaires. <\/p>\n\n\n\n<p>Cette annonce qui intervient apr\u00e8s les examens nationaux qui se sont d\u00e9roul\u00e9s entre le 5 et le 28 ao\u00fbt 2020, plonge des parents d&rsquo;\u00e9l\u00e8ves de la ville de Fria dans des inqui\u00e9tudes. <\/p>\n\n\n\n<p>Pour certains, les conditions climatiques ne sont pas favorables.<\/p>\n\n\n\n<p>\u300a<strong><em>J&rsquo;ai appris que le gouvernement a annonc\u00e9 la reprise des cours pour les classes interm\u00e9diaires ce mardi mais moi je trouve cela inopportun  en raison des conditions climatiques. Il y a  des enfants qui ont le rhumatisme ou l&rsquo;asthme, ils ne supportent pas le froid, chez d&rsquo;autres il suffit que l&rsquo;eau de pluie les touche pour \u00e9veiller le paludisme sans tenir compte des eaux pluviales dans lesquelles les tous petits peuvent jouer en allant ou en revenant de l&rsquo;\u00e9cole. En plus, quand il pleut fort, les classes s&rsquo;obscurcissent, les classes ne sont pas plafonn\u00e9es, les \u00e9l\u00e8ves ne vont pas entendre ce que disent les enseignants. C&rsquo;est vraiment une pr\u00e9occupation pour moi<\/em><\/strong> \u300b, d\u00e9clare Thierno Souleymane Diallo, parent d&rsquo;\u00e9l\u00e8ves r\u00e9sident au quartier Aviation.<\/p>\n\n\n\n<p>Pour Mariama Bangoura, une commer\u00e7ante trouv\u00e9e devant sa boutique, la grande inqui\u00e9tude se situe au niveau du paiement des frais de scolarit\u00e9 dans les \u00e9coles priv\u00e9es. <\/p>\n\n\n\n<p>\u300a<strong><em>Reprendre les cours est bon mais le moment est mal choisi. Nous qui avons tous nos enfants dans les \u00e9coles priv\u00e9es, comment on va s&rsquo;en sortir avec les fondateurs quand on sait que ces derniers nous demanderont de payer tous les mois pass\u00e9s alors que ce n&rsquo;est qu&rsquo;un mois et demi de cours qui sont pr\u00e9vus. C&rsquo;est vraiment inqui\u00e9tant pour nous. Et tout juste un mois apr\u00e8s, c&rsquo;est la grande ouverture, il nous faudra encore payer les fournitures et les nouveaux frais de scolarit\u00e9. Je ne sais pas s&rsquo;ils ont pens\u00e9 \u00e0 nous le bas peuple avant de fixer cette date<\/em><\/strong> \u300b, s&rsquo;interroge-t-elle.<\/p>\n\n\n\n<p>Un enseignant qui a requis l&rsquo;anonymat, nous informe cependant que la reprise normale des cours dans les \u00e9coles priv\u00e9es est conditionn\u00e9e par l&rsquo;engagement des fondateurs \u00e0 payer l&rsquo;int\u00e9gralit\u00e9 des arri\u00e9r\u00e9s de salaire. Ce qui fait planer une autre inqui\u00e9tude chez d&rsquo;autres parents.<\/p>\n\n\n\n<p>\u300a<strong><em>On a appris aussi que dans les \u00e9coles priv\u00e9es, les  enseignants ont dit que s&rsquo;ils ne sont pas pay\u00e9s ils ne vont pas bien enseigner nos enfants. Qui sait si les fondateurs pourront les satisfaire, mais ce qui est s\u00fbr ce que beaucoup de parents ont d\u00e9j\u00e0 fini de payer et nous ce que nous voulons, c&rsquo;est que nos enfants \u00e9tudient tr\u00e8s bien<\/em><\/strong>\u300b, mart\u00e8le Mamadou Diawara.<\/p>\n\n\n\n<p>Dans le communiqu\u00e9 du minist\u00e8re de l&rsquo;\u00e9ducation nationale et de l&rsquo;alphab\u00e9tisation, il est clairement indiqu\u00e9 que les cours se d\u00e9rouleront du Mardi 1er Septembre au Jeudi 15 Octobre 2020 inclusivement. Un cong\u00e9 sera accord\u00e9 \u00e0 tous les \u00e9l\u00e8ves du pr\u00e9scolaire, du primaire et du secondaire du Vendredi 16 Octobre au Dimanche 15 Novembre 2020 inclusivement.<\/p>\n\n\n\n<p><strong><em>Laouratou Soumah pour friaguinee.net <\/em><\/strong><\/p>\n","protected":false},"excerpt":{"rendered":"<p>Apr\u00e8s plus de cinq mois pass\u00e9s \u00e0 la maison \u00e0 cause de l&rsquo;interruption forc\u00e9e des cours en vue de maitriser la propagation de la maladie \u00e0 coronavirus dans le pays, les autorit\u00e9s en charge de l&rsquo;\u00e9ducation nationale, ont officiellement annonc\u00e9 la reprise des cours ce mardi 1er septembre 2020 pour les classes interm\u00e9diaires. Cette annonce [&hellip;]<\/p>\n","protected":false},"author":2,"featured_media":24686,"comment_status":"open","ping_status":"open","sticky":false,"template":"","format":"standard","meta":{"footnotes":""},"categories":[5],"tags":[48,49,148,4902,4900],"class_list":["post-24680","post","type-post","status-publish","format-standard","has-post-thumbnail","hentry","category-education","tag-dpe","tag-fria","tag-guinee","tag-inquietudes","tag-reprise-des-cours-le-1er-septembre"],"_links":{"self":[{"href":"https:\/\/www.friaguinee.net\/index.php\/wp-json\/wp\/v2\/posts\/24680","targetHints":{"allow":["GET"]}}],"collection":[{"href":"https:\/\/www.friaguinee.net\/index.php\/wp-json\/wp\/v2\/posts"}],"about":[{"href":"https:\/\/www.friaguinee.net\/index.php\/wp-json\/wp\/v2\/types\/post"}],"author":[{"embeddable":true,"href":"https:\/\/www.friaguinee.net\/index.php\/wp-json\/wp\/v2\/users\/2"}],"replies":[{"embeddable":true,"href":"https:\/\/www.friaguinee.net\/index.php\/wp-json\/wp\/v2\/comments?post=24680"}],"version-history":[{"count":9,"href":"https:\/\/www.friaguinee.net\/index.php\/wp-json\/wp\/v2\/posts\/24680\/revisions"}],"predecessor-version":[{"id":24695,"href":"https:\/\/www.friaguinee.net\/index.php\/wp-json\/wp\/v2\/posts\/24680\/revisions\/24695"}],"wp:featuredmedia":[{"embeddable":true,"href":"https:\/\/www.friaguinee.net\/index.php\/wp-json\/wp\/v2\/media\/24686"}],"wp:attachment":[{"href":"https:\/\/www.friaguinee.net\/index.php\/wp-json\/wp\/v2\/media?parent=24680"}],"wp:term":[{"taxonomy":"category","embeddable":true,"href":"https:\/\/www.friaguinee.net\/index.php\/wp-json\/wp\/v2\/categories?post=24680"},{"taxonomy":"post_tag","embeddable":true,"href":"https:\/\/www.friaguinee.net\/index.php\/wp-json\/wp\/v2\/tags?post=24680"}],"curies":[{"name":"wp","href":"https:\/\/api.w.org\/{rel}","templated":true}]}}