{"id":24621,"date":"2020-08-26T19:18:41","date_gmt":"2020-08-26T19:18:41","guid":{"rendered":"http:\/\/www.friaguinee.net\/?p=24621"},"modified":"2020-08-26T19:18:43","modified_gmt":"2020-08-26T19:18:43","slug":"fria-une-rencontre-entre-le-conseil-communal-et-le-syndicat-des-motos-taxis-se-termine-en-queue-de-poissons","status":"publish","type":"post","link":"https:\/\/www.friaguinee.net\/index.php\/2020\/08\/26\/fria-une-rencontre-entre-le-conseil-communal-et-le-syndicat-des-motos-taxis-se-termine-en-queue-de-poissons\/","title":{"rendered":"Fria: une rencontre entre le conseil communal et le syndicat des motos-taxis se termine en queue de poissons"},"content":{"rendered":"\n<p>Apr\u00e8s plusieurs mois de tractations entre conseillers municipaux et syndicat des taxis-motos de la commune urbaine de Fria, autour de la gestion du secteur, une rencontre s&rsquo;est tenue ce mercredi 26 ao\u00fbt \u00e0 la Mairie.<\/p>\n\n\n\n<figure class=\"wp-block-image\"><img loading=\"lazy\" decoding=\"async\" width=\"1024\" height=\"768\" src=\"http:\/\/www.friaguinee.net\/wp-content\/uploads\/2020\/08\/Photo_1598462021207-1024x768.jpg\" alt=\"\" class=\"wp-image-24626\" srcset=\"https:\/\/www.friaguinee.net\/wp-content\/uploads\/2020\/08\/Photo_1598462021207-1024x768.jpg 1024w, https:\/\/www.friaguinee.net\/wp-content\/uploads\/2020\/08\/Photo_1598462021207-300x225.jpg 300w, https:\/\/www.friaguinee.net\/wp-content\/uploads\/2020\/08\/Photo_1598462021207-768x576.jpg 768w, https:\/\/www.friaguinee.net\/wp-content\/uploads\/2020\/08\/Photo_1598462021207-80x60.jpg 80w, https:\/\/www.friaguinee.net\/wp-content\/uploads\/2020\/08\/Photo_1598462021207-265x198.jpg 265w, https:\/\/www.friaguinee.net\/wp-content\/uploads\/2020\/08\/Photo_1598462021207-696x522.jpg 696w, https:\/\/www.friaguinee.net\/wp-content\/uploads\/2020\/08\/Photo_1598462021207-560x420.jpg 560w, https:\/\/www.friaguinee.net\/wp-content\/uploads\/2020\/08\/Photo_1598462021207.jpg 1032w\" sizes=\"auto, (max-width: 1024px) 100vw, 1024px\" \/><\/figure>\n\n\n\n<p>Objectif, rendre compte des d\u00e9marches d\u00e9j\u00e0 men\u00e9es par la commission transport et s\u00e9curit\u00e9 dans le cadre du recensement des taxis-motos, visant \u00e0  les identifier en vue de mettre de l&rsquo;ordre dans le secteur.<\/p>\n\n\n\n<figure class=\"wp-block-image\"><img loading=\"lazy\" decoding=\"async\" width=\"1024\" height=\"768\" src=\"http:\/\/www.friaguinee.net\/wp-content\/uploads\/2020\/08\/Photo_1598461940965-1024x768.jpg\" alt=\"\" class=\"wp-image-24627\" srcset=\"https:\/\/www.friaguinee.net\/wp-content\/uploads\/2020\/08\/Photo_1598461940965-1024x768.jpg 1024w, https:\/\/www.friaguinee.net\/wp-content\/uploads\/2020\/08\/Photo_1598461940965-300x225.jpg 300w, https:\/\/www.friaguinee.net\/wp-content\/uploads\/2020\/08\/Photo_1598461940965-768x576.jpg 768w, https:\/\/www.friaguinee.net\/wp-content\/uploads\/2020\/08\/Photo_1598461940965-80x60.jpg 80w, https:\/\/www.friaguinee.net\/wp-content\/uploads\/2020\/08\/Photo_1598461940965-265x198.jpg 265w, https:\/\/www.friaguinee.net\/wp-content\/uploads\/2020\/08\/Photo_1598461940965-696x522.jpg 696w, https:\/\/www.friaguinee.net\/wp-content\/uploads\/2020\/08\/Photo_1598461940965-560x420.jpg 560w, https:\/\/www.friaguinee.net\/wp-content\/uploads\/2020\/08\/Photo_1598461940965.jpg 1032w\" sizes=\"auto, (max-width: 1024px) 100vw, 1024px\" \/><\/figure>\n\n\n\n<p>Apr\u00e8s quelques heures d&rsquo;\u00e9changes, comme on pouvait s&rsquo;y atteindre, un incident qui illustre le refus du syndicat de coop\u00e9rer est survenu. D&rsquo;abord le secr\u00e9taire g\u00e9n\u00e9ral du syndicat accuse le conseiller Abdoulaye Diallo d&rsquo;avoir une id\u00e9e outre que le bien-\u00eatre des taxis-motards, ensuite un \u00e9cart de langage \u00e0 l&rsquo;endroit du conseiller Mohamed Cond\u00e9 \u00ab\u00a0Kaba\u00a0\u00bb, qui tentait d&rsquo;expliquer au syndicaliste qu&rsquo;il ne s&rsquo;agit d&rsquo;un travail individuel mais d&rsquo;un travail collectif men\u00e9 par le conseil communal, est prof\u00e9r\u00e9 par un autre syndicaliste.<\/p>\n\n\n\n<figure class=\"wp-block-image\"><img loading=\"lazy\" decoding=\"async\" width=\"1024\" height=\"768\" src=\"http:\/\/www.friaguinee.net\/wp-content\/uploads\/2020\/08\/Photo_1598462021053-1024x768.jpg\" alt=\"\" class=\"wp-image-24628\" srcset=\"https:\/\/www.friaguinee.net\/wp-content\/uploads\/2020\/08\/Photo_1598462021053-1024x768.jpg 1024w, https:\/\/www.friaguinee.net\/wp-content\/uploads\/2020\/08\/Photo_1598462021053-300x225.jpg 300w, https:\/\/www.friaguinee.net\/wp-content\/uploads\/2020\/08\/Photo_1598462021053-768x576.jpg 768w, https:\/\/www.friaguinee.net\/wp-content\/uploads\/2020\/08\/Photo_1598462021053-80x60.jpg 80w, https:\/\/www.friaguinee.net\/wp-content\/uploads\/2020\/08\/Photo_1598462021053-265x198.jpg 265w, https:\/\/www.friaguinee.net\/wp-content\/uploads\/2020\/08\/Photo_1598462021053-696x522.jpg 696w, https:\/\/www.friaguinee.net\/wp-content\/uploads\/2020\/08\/Photo_1598462021053-560x420.jpg 560w, https:\/\/www.friaguinee.net\/wp-content\/uploads\/2020\/08\/Photo_1598462021053.jpg 1032w\" sizes=\"auto, (max-width: 1024px) 100vw, 1024px\" \/><\/figure>\n\n\n\n<p>Il n&rsquo;en fallait pas plus pour irriter les animateurs de quartiers pr\u00e9sents dans la salle. Les deux groupes (Taxis-motards et animateurs de quartiers), ont failli en arriver aux mains.<\/p>\n\n\n\n<p>Au sortie de la r\u00e9union qui s\u2019est termin\u00e9e en queue de poisson, le maire de la commune urbaine, visiblement tr\u00e8s abattu, s&rsquo;est efforc\u00e9 \u00e0 prononcer quelques mots au micro de friaguinee.net.<\/p>\n\n\n\n<p>\u00ab\u00a0<em style=\"\"><b>Rendre compte du r\u00e9sultat du travail de la commission qui \u00e9tait charg\u00e9 de recenser les motards de la commune \u00e9tait l\u2019objectif vis\u00e9 par le conseil communal, mais j\u2019avoue que ce qui a \u00e9t\u00e9 dit ici n\u2019est pas plaisant. Nos amis taxis-motards n\u2019ont pas voulu comprendre l\u2019objectif que nous visons, ce n\u2019est pas mille autres objectifs, l\u2019objectif est tr\u00e8s simple car il s\u2019agit de savoir combien de motards roulent ici, il s\u2019agit aussi de dire aux autres qui ne sont pas taxis motards mais qui accusent le syndicat en cas d\u2019accident \u00a0d\u2019arr\u00eater d&rsquo;accuser le syndicat. Les accidents de motos sont aujourd&rsquo;hui tr\u00e8s <\/b><\/em><strong><em>r\u00e9currents dans la ville de Fria, si le secteur n&rsquo;est pas ordonn\u00e9, on ne peut pas savoir qui est qui ou qui fait quoi.  C\u2019est ce que nous avons tent\u00e9 de leur faire comprendre<\/em><\/strong>\u00a0<strong><em>en vain<\/em><\/strong> \u00bb a expliqu\u00e9 Elhadj Lansana Boffa Camara. <\/p>\n\n\n\n<figure class=\"wp-block-image\"><img loading=\"lazy\" decoding=\"async\" width=\"1024\" height=\"768\" src=\"http:\/\/www.friaguinee.net\/wp-content\/uploads\/2020\/08\/Photo_1598461940642-1024x768.jpg\" alt=\"\" class=\"wp-image-24630\" srcset=\"https:\/\/www.friaguinee.net\/wp-content\/uploads\/2020\/08\/Photo_1598461940642-1024x768.jpg 1024w, https:\/\/www.friaguinee.net\/wp-content\/uploads\/2020\/08\/Photo_1598461940642-300x225.jpg 300w, https:\/\/www.friaguinee.net\/wp-content\/uploads\/2020\/08\/Photo_1598461940642-768x576.jpg 768w, https:\/\/www.friaguinee.net\/wp-content\/uploads\/2020\/08\/Photo_1598461940642-80x60.jpg 80w, https:\/\/www.friaguinee.net\/wp-content\/uploads\/2020\/08\/Photo_1598461940642-265x198.jpg 265w, https:\/\/www.friaguinee.net\/wp-content\/uploads\/2020\/08\/Photo_1598461940642-696x522.jpg 696w, https:\/\/www.friaguinee.net\/wp-content\/uploads\/2020\/08\/Photo_1598461940642-560x420.jpg 560w, https:\/\/www.friaguinee.net\/wp-content\/uploads\/2020\/08\/Photo_1598461940642.jpg 1032w\" sizes=\"auto, (max-width: 1024px) 100vw, 1024px\" \/><\/figure>\n\n\n\n<p>Cette attitude des taxis-motards a d\u00e9\u00e7u plus d&rsquo;un dans la salle. C&rsquo;est le cas du Pr\u00e9sident des animateurs de quartier qui a profit\u00e9 de notre micro pour les inviter \u00e0 respecter la loi.<\/p>\n\n\n\n<p>\u00ab\u00a0<em style=\"\"><b>Moi je suis franchement quelque part tr\u00e8s d\u00e9\u00e7u par rapport \u00e0 ce qui vient de se passer pour autant dire que les taxis motos n\u2019ont pas raison. Je commencerai par \u00e7a car la vie est r\u00e9gie maintenant par la loi et cette loi a prouv\u00e9 <\/b><\/em><strong><em>qu&rsquo;aujourd\u2019hui, les taxis motos doivent accepter de collaborer avec la commune. Depuis fort longtemps la jeunesse que nous sommes, les jeunes animateurs que nous sommes , il n\u2019 y a pas mal de d\u00e9marches que nous n&rsquo;avons men\u00e9es pour leur faire comprendre\u00a0que la commune est l\u00e0 pour nous g\u00e9rer et tout ce qui doit revenir dans les caisses de la commune, doit y aller. Mais fort malheureusement, les taxim\u00e8tres n\u2019ont pas voulu comprendre, et j\u2019avoue que\u00a0 nous animateurs des quartiers, nous\u00a0 sommes\u00a0tr\u00e8s d\u00e9\u00e7us et appelons nos fr\u00e8res taxis motos \u00e0 venir collaborer avec la commune en respectant la loi<\/em><\/strong>.\u00a0\u00bb Conseille Kaba Sylla.<\/p>\n\n\n\n<figure class=\"wp-block-image\"><img loading=\"lazy\" decoding=\"async\" width=\"1024\" height=\"768\" src=\"http:\/\/www.friaguinee.net\/wp-content\/uploads\/2020\/08\/Photo_1598461940820-1024x768.jpg\" alt=\"\" class=\"wp-image-24631\" srcset=\"https:\/\/www.friaguinee.net\/wp-content\/uploads\/2020\/08\/Photo_1598461940820-1024x768.jpg 1024w, https:\/\/www.friaguinee.net\/wp-content\/uploads\/2020\/08\/Photo_1598461940820-300x225.jpg 300w, https:\/\/www.friaguinee.net\/wp-content\/uploads\/2020\/08\/Photo_1598461940820-768x576.jpg 768w, https:\/\/www.friaguinee.net\/wp-content\/uploads\/2020\/08\/Photo_1598461940820-80x60.jpg 80w, https:\/\/www.friaguinee.net\/wp-content\/uploads\/2020\/08\/Photo_1598461940820-265x198.jpg 265w, https:\/\/www.friaguinee.net\/wp-content\/uploads\/2020\/08\/Photo_1598461940820-696x522.jpg 696w, https:\/\/www.friaguinee.net\/wp-content\/uploads\/2020\/08\/Photo_1598461940820-560x420.jpg 560w, https:\/\/www.friaguinee.net\/wp-content\/uploads\/2020\/08\/Photo_1598461940820.jpg 1032w\" sizes=\"auto, (max-width: 1024px) 100vw, 1024px\" \/><\/figure>\n\n\n\n<p>A signaler que c\u2019est en pr\u00e9sence des cadres de la commune, des chefs de quartiers, des chefs de secteurs, des repr\u00e9sentants des quatre coordinations r\u00e9gionales, du juge d\u2019instruction, des animateurs de quartiers, des sages que le repr\u00e9sentant des taxis motards a eu un \u00e9cart de langage vis-\u00e0-vis du chef de quartier de Tigu\u00e9, \u00e9galement conseiller communal.<\/p>\n\n\n\n<p><strong><em>Mohamed pour friaguinee.net<\/em><\/strong><\/p>\n","protected":false},"excerpt":{"rendered":"<p>Apr\u00e8s plusieurs mois de tractations entre conseillers municipaux et syndicat des taxis-motos de la commune urbaine de Fria, autour de la gestion du secteur, une rencontre s&rsquo;est tenue ce mercredi 26 ao\u00fbt \u00e0 la Mairie. Objectif, rendre compte des d\u00e9marches d\u00e9j\u00e0 men\u00e9es par la commission transport et s\u00e9curit\u00e9 dans le cadre du recensement des taxis-motos, [&hellip;]<\/p>\n","protected":false},"author":2,"featured_media":24637,"comment_status":"open","ping_status":"open","sticky":false,"template":"","format":"standard","meta":{"footnotes":""},"categories":[2],"tags":[49,199,4885,1422,371,438,3985],"class_list":["post-24621","post","type-post","status-publish","format-standard","has-post-thumbnail","hentry","category-actualites","tag-fria","tag-mairie","tag-queue-de-poissons","tag-recensement","tag-reunion","tag-syndicat","tag-taxis-motos"],"_links":{"self":[{"href":"https:\/\/www.friaguinee.net\/index.php\/wp-json\/wp\/v2\/posts\/24621","targetHints":{"allow":["GET"]}}],"collection":[{"href":"https:\/\/www.friaguinee.net\/index.php\/wp-json\/wp\/v2\/posts"}],"about":[{"href":"https:\/\/www.friaguinee.net\/index.php\/wp-json\/wp\/v2\/types\/post"}],"author":[{"embeddable":true,"href":"https:\/\/www.friaguinee.net\/index.php\/wp-json\/wp\/v2\/users\/2"}],"replies":[{"embeddable":true,"href":"https:\/\/www.friaguinee.net\/index.php\/wp-json\/wp\/v2\/comments?post=24621"}],"version-history":[{"count":7,"href":"https:\/\/www.friaguinee.net\/index.php\/wp-json\/wp\/v2\/posts\/24621\/revisions"}],"predecessor-version":[{"id":24636,"href":"https:\/\/www.friaguinee.net\/index.php\/wp-json\/wp\/v2\/posts\/24621\/revisions\/24636"}],"wp:featuredmedia":[{"embeddable":true,"href":"https:\/\/www.friaguinee.net\/index.php\/wp-json\/wp\/v2\/media\/24637"}],"wp:attachment":[{"href":"https:\/\/www.friaguinee.net\/index.php\/wp-json\/wp\/v2\/media?parent=24621"}],"wp:term":[{"taxonomy":"category","embeddable":true,"href":"https:\/\/www.friaguinee.net\/index.php\/wp-json\/wp\/v2\/categories?post=24621"},{"taxonomy":"post_tag","embeddable":true,"href":"https:\/\/www.friaguinee.net\/index.php\/wp-json\/wp\/v2\/tags?post=24621"}],"curies":[{"name":"wp","href":"https:\/\/api.w.org\/{rel}","templated":true}]}}