{"id":2460,"date":"2018-04-05T18:15:14","date_gmt":"2018-04-05T18:15:14","guid":{"rendered":"http:\/\/www.friaguinee.net\/?p=2460"},"modified":"2018-04-05T18:15:14","modified_gmt":"2018-04-05T18:15:14","slug":"guinee-compte-rendu-du-conseil-des-ministres-du-5-avril-2018","status":"publish","type":"post","link":"https:\/\/www.friaguinee.net\/index.php\/2018\/04\/05\/guinee-compte-rendu-du-conseil-des-ministres-du-5-avril-2018\/","title":{"rendered":"Guin\u00e9e: Compte rendu du conseil des Ministres du 5 avril 2018"},"content":{"rendered":"<p>Conakry, le 5 Avril 2018 \u2013 Sous la pr\u00e9sidence de son Excellence Monsieur le Pr\u00e9sident de la R\u00e9publique, le Conseil des ministres a tenu sa session ordinaire ce jeudi 5 avril 2018 de 10h \u00e0 12h, avec l\u2019ordre du jour suivant\u00a0:<\/p>\n<ul>\n<li>Message de son Excellence Monsieur le Pr\u00e9sident de la R\u00e9publique\u00a0;<\/li>\n<li>Compte rendu des sessions ordinaires du Conseil interminist\u00e9riel tenues le 27 mars et 03 avril 2018\u00a0;<\/li>\n<li>D\u00e9cisions\u00a0;<\/li>\n<li><\/li>\n<\/ul>\n<p>Au titre du premier point de l\u2019ordre du jour, Monsieur le Pr\u00e9sident de la R\u00e9publique a invit\u00e9 le Gouvernement \u00e0 prendre toutes les dispositions pour pr\u00e9parer notre administration et accompagner notre secteur priv\u00e9 \u00e0 faire face \u00e0 la concurrence internationale dans le cadre des trait\u00e9s et accords internationaux auxquels la Guin\u00e9e est partie.<\/p>\n<p>Le Chef de l\u2019Etat a demand\u00e9 au Gouvernement de s\u2019assurer que les budgets des collectivit\u00e9s d\u00e9centralis\u00e9es assurant des services sociaux de base soient mis \u00e0 disposition \u00e0 temps.<\/p>\n<p>Le Pr\u00e9sident de la R\u00e9publique, soucieux de la protection de l\u2019environnement, a demand\u00e9 \u00e0 la Ministre de l\u2019Environnement d\u2019intensifier les efforts de protection de notre patrimoine forestier.<\/p>\n<p>Le Chef de l\u2019Etat a instruit les Ministres en charge du Budget et de la Fonction Publique d\u2019acc\u00e9l\u00e9rer le processus de recensement biom\u00e9trique des fonctionnaires et de produire un rapport d\u2019\u00e9tape.<\/p>\n<p>Le Pr\u00e9sident de la R\u00e9publique a rappel\u00e9 au Ministre en charge de l\u2019Energie de s\u2019appuyer sur l\u2019expertise de la SFI pour l\u2019\u00e9laboration des cahiers de charges \u00e0 soumettre aux diff\u00e9rentes entreprises fournisseurs d\u2019\u00e9nergie solaire.<\/p>\n<p>Au titre du deuxi\u00e8me point de l\u2019ordre du jour, Monsieur le Premier Ministre a introduit le compte rendu des sessions ordinaires du Conseil interminist\u00e9riel tenues le 27 mars et 03 avril 2018.<\/p>\n<p>Le Conseil a entendu successivement\u00a0:<\/p>\n<p><u>Pour la session du 27 mars 2018<\/u><\/p>\n<p>AU TITRE DE LA COMMUNICATION<\/p>\n<p>Le Ministre de l\u2019Energie et de l\u2019Hydraulique a fait une communication relative \u00e0 la Politique Nationale de l\u2019Eau.<\/p>\n<p>Il a expliqu\u00e9 que l\u2019\u00e9laboration du document de Politique Nationale de l\u2019Eau de la R\u00e9publique de Guin\u00e9e r\u00e9pond \u00e0 un imp\u00e9ratif de disposer d\u2019un r\u00e9f\u00e9rentiel national en mati\u00e8re d\u2019eau \u00e0 m\u00eame de faire face aux d\u00e9fis de la gouvernance nationale, sous r\u00e9gionale et internationale des ressources en eau, et du d\u00e9veloppement socio-\u00e9conomique et environnemental harmonieux et durable du pays.<\/p>\n<p>Le Ministre a justifi\u00e9 que face aux enjeux de la gestion de l\u2019eau, il est apparu n\u00e9cessaire au Gouvernement guin\u00e9en de se joindre \u00e0 la communaut\u00e9 internationale pour mettre en \u0153uvre une approche novatrice de gestion de l\u2019eau, d\u00e9nomm\u00e9e \u00ab\u00a0Gestion Int\u00e9gr\u00e9e des Ressources en Eau (GIRE)\u00a0\u00bb, fond\u00e9e sur une vision globale qui tient compte de la dynamique des ressources en eau au sein des espaces naturels.<\/p>\n<p>Il a inform\u00e9 que pour une plus grande efficacit\u00e9 dans la gestion des ressources en eau, les orientations strat\u00e9giques pr\u00e9conis\u00e9es sont les suivantes\u00a0:<\/p>\n<p>\u2013\u00a0\u00a0\u00a0\u00a0\u00a0\u00a0\u00a0\u00a0 Recentrer et organiser les missions des acteurs institutionnels et le cadre normatif\u00a0;<\/p>\n<p>\u2013\u00a0\u00a0\u00a0\u00a0\u00a0\u00a0\u00a0\u00a0 Organiser la gestion des ressources en eau selon les principes de la GIRE\u00a0;<\/p>\n<p>\u2013\u00a0\u00a0\u00a0\u00a0\u00a0\u00a0\u00a0\u00a0 Faire de l\u2019eau une source de sant\u00e9 et de bien-\u00eatre social\u00a0;<\/p>\n<p>\u2013\u00a0 \u00a0 \u00a0Faire de l\u2019eau un facteur de paix, de solidarit\u00e9 et de coop\u00e9ration internationale et transfrontali\u00e8re entre les Etats de la sous-r\u00e9gion Ouest africaine.<\/p>\n<p>Le Ministre a indiqu\u00e9 que les principaux r\u00e9sultats attendus de la mise en \u0153uvre de la Politique Nationale de l\u2019Eau sont entre autres\u00a0:<\/p>\n<p>\u2013\u00a0\u00a0\u00a0\u00a0\u00a0\u00a0\u00a0\u00a0 La d\u00e9finition d\u2019un cadre juridique et r\u00e9glementaire appropri\u00e9\u00a0;<\/p>\n<p>\u2013\u00a0\u00a0\u00a0\u00a0\u00a0\u00a0\u00a0\u00a0 Une proposition concr\u00e8te de r\u00e9forme du cadre institutionnel et technique de gestion des ressources en eau\u00a0;<\/p>\n<p>\u2013\u00a0\u00a0\u00a0\u00a0\u00a0\u00a0\u00a0\u00a0 La cr\u00e9ation d\u2019un environnement favorable \u00e0 l\u2019investissement dans le secteur de l\u2019eau\u00a0;<\/p>\n<p>\u2013\u00a0\u00a0\u00a0\u00a0\u00a0\u00a0\u00a0\u00a0 La d\u00e9finition d\u2019un ensemble coh\u00e9rent de strat\u00e9gies et mesures op\u00e9rationnelles\u00a0;<\/p>\n<p>\u2013\u00a0\u00a0\u00a0\u00a0\u00a0\u00a0\u00a0\u00a0 La promotion du dialogue entre l\u2019Etat et les Partenaires Techniques et Financiers.<\/p>\n<p>&nbsp;<\/p>\n<p>Le Ministre a sollicit\u00e9 le soutien des membres du conseil pour l\u2019adoption du document de la politique nationale de l\u2019eau en Guin\u00e9e.<\/p>\n<p>&nbsp;<\/p>\n<p>Au cours des d\u00e9bats, les observations ont port\u00e9 sur\u00a0la n\u00e9cessit\u00e9 de :<\/p>\n<p>&nbsp;<\/p>\n<p>\u2013\u00a0\u00a0\u00a0\u00a0\u00a0\u00a0\u00a0\u00a0 Prendre en compte le cadre l\u00e9gal et institutionnel existant dans le document de Politique Nationale de l\u2019Eau\u00a0;<\/p>\n<p>\u2013\u00a0\u00a0\u00a0\u00a0\u00a0\u00a0\u00a0\u00a0 Mener des r\u00e9flexions sur la prolif\u00e9ration anarchique des points de forage \u00e0 Conakry\u00a0;<\/p>\n<p>\u2013\u00a0\u00a0\u00a0\u00a0\u00a0\u00a0\u00a0\u00a0 Renforcer les capacit\u00e9s d\u2019adduction d\u2019eau de la Soci\u00e9t\u00e9 des Eaux de Guin\u00e9e\u00a0;<\/p>\n<p>\u2013\u00a0\u00a0\u00a0\u00a0\u00a0\u00a0\u00a0\u00a0 R\u00e9gler le dysfonctionnement n\u00e9 du fait que l\u2019agr\u00e9ment aux Unit\u00e9s d\u2019ensachage d\u2019eau est d\u00e9livr\u00e9 par le Minist\u00e8re en charge de l\u2019Industrie tandis que la gestion des eaux de surface et souterraine est du ressort du Minist\u00e8re en charge de l\u2019Hydraulique\u00a0;<\/p>\n<p>\u2013\u00a0\u00a0\u00a0\u00a0\u00a0\u00a0\u00a0\u00a0 Prendre en compte la gestion des eaux de ruissellement\u00a0;<\/p>\n<p>\u2013\u00a0\u00a0\u00a0\u00a0\u00a0\u00a0\u00a0\u00a0 Tenir compte de l\u2019approche Genre dans la gestion des ressources en eau.<\/p>\n<p>&nbsp;<\/p>\n<p>Au terme des d\u00e9bats, le Conseil a apport\u00e9 son soutien au Ministre et recommand\u00e9 l\u2019adoption de la Politique Nationale de l\u2019Eau. Il l\u2019a invit\u00e9 \u00e0 travailler avec les d\u00e9partements ayant des liens avec l\u2019eau autour des principales fonctions de gestion des ressources en eau afin de clarifier et surtout de justifier la pertinence de ce recentrage qui est indispensable pour des raisons d\u2019efficacit\u00e9 et de durabilit\u00e9 et d\u2019\u00e9limination des conflits de comp\u00e9tences constat\u00e9s actuellement.<\/p>\n<p>AU TITRE DE L\u2019EXAMEN DE TEXTE<\/p>\n<p>La Ministre de l\u2019Action Sociale, de la Promotion F\u00e9minine et de l\u2019Enfance a soumis \u00e0 l\u2019examen en deuxi\u00e8me lecture du projet de Loi portant Promotion et Protection des Personnes Handicap\u00e9es en R\u00e9publique de Guin\u00e9e.<\/p>\n<p>La Ministre a indiqu\u00e9 qu\u2019au terme de deux d\u00e9cennies d\u2019intenses activit\u00e9s de plaidoyer men\u00e9es par le D\u00e9partement et les organisations de protection des personnes handicap\u00e9es, la question du handicap fait d\u00e9sormais partie des priorit\u00e9s nationales.<\/p>\n<p>Cette th\u00e9matique est partie int\u00e9grante de la Politique Nationale de Protection Sociale (PNPS) adopt\u00e9e par le Gouvernement en Juin 2017. Elle pr\u00e9cise que l\u2019employabilit\u00e9 et l\u2019entrepreneuriat des personnes vivant avec un handicap sont explicitement cit\u00e9s parmi les effets attendus du troisi\u00e8me pilier du PNDES.<\/p>\n<p>La Ministre a affirm\u00e9 qu\u2019\u00e0 cause du vide juridique qui devait les prot\u00e9ger sp\u00e9cifiquement, elles sont victimes de plusieurs formes de discriminations\u00a0: Expos\u00e9es aux railleries, pr\u00e9jug\u00e9s et st\u00e9r\u00e9otypes d\u00e9valorisants, elles ne b\u00e9n\u00e9ficient pas d\u2019opportunit\u00e9s pour faire reconna\u00eetre leurs comp\u00e9tences et leur g\u00e9nie cr\u00e9ateur. L\u2019image qu\u2019elles renvoient est celle d\u2019une entit\u00e9 sociale impotente, passive, vou\u00e9e \u00e0 une mendicit\u00e9 agressive et d\u00e9shumanisante.<\/p>\n<p>Elle a rappel\u00e9 que la premi\u00e8re version du projet de Loi portant promotion et protection des personnes handicap\u00e9es a d\u00e9j\u00e0 \u00e9t\u00e9 examin\u00e9e en premi\u00e8re lecture par le Conseil Interminist\u00e9riel sous r\u00e9serve de la revue du texte de Loi en lien avec tous les articles vis\u00e9s par les observations faites et en rapport avec les engagements pris par notre pays au plan international \u00e0 travers les Conventions et Trait\u00e9s r\u00e9guli\u00e8rement ratifi\u00e9s.<\/p>\n<p>La Ministre\u00a0 a sollicit\u00e9 la solidarit\u00e9 gouvernementale pour soutenir l\u2019adoption de ce projet de Loi qui sonne comme la correction d\u2019une forme d\u2019injustice silencieuse collectivement admise.<\/p>\n<p>Au cours des d\u00e9bats, l\u2019observation essentielle a port\u00e9 sur\u00a0la n\u00e9cessit\u00e9 de recentrer les dispositions du projet de Loi uniquement sur les personnes handicap\u00e9es.<\/p>\n<p>Au terme des d\u00e9bats, le Conseil a recommand\u00e9 l\u2019adoption du Projet de Loi portant protection et promotion des personnes handicap\u00e9es, sous r\u00e9serve de la prise en compte des observations formul\u00e9es.<\/p>\n<p><u>Pour la session du 03 avril 2018<\/u><\/p>\n<p>AU TITRE DE L\u2019EXAMEN DE TEXTE<\/p>\n<p>Le Ministre des Transports a soumis en examen le projet de Loi portant Organisation du Transport Routier et des Interm\u00e9diaires de Transport (LOTRIT).<\/p>\n<p>Il a indiqu\u00e9 que le pr\u00e9sent projet de Loi d\u00e9crit la structure du texte ayant pour finalit\u00e9s, l\u2019int\u00e9gration du secteur du Transport routier et des interm\u00e9diaires dans un espace sous- r\u00e9gional harmonis\u00e9, en vue de promouvoir une croissance forte pour am\u00e9liorer le bien-\u00eatre des Guin\u00e9ens, op\u00e9rer la transformation structurelle de l\u2019\u00e9conomie tout en mettant le pays sur la trajectoire du d\u00e9veloppement durable conform\u00e9ment aux prescriptions du PNDES.<\/p>\n<p>Le Ministre a affirm\u00e9 que le secteur du transport en Guin\u00e9e n\u2019est pas v\u00e9ritablement consid\u00e9r\u00e9 comme un secteur \u00e9conomique cl\u00e9. L\u2019ensemble des effets n\u00e9gatifs conduisent \u00e0\u00a0:<\/p>\n<p>\u2013\u00a0\u00a0\u00a0\u00a0\u00a0\u00a0\u00a0\u00a0 Des conditions d\u2019exploitation d\u00e9favorables\u00a0;<\/p>\n<p>\u2013\u00a0\u00a0\u00a0\u00a0\u00a0\u00a0\u00a0\u00a0Une absence de rentabilit\u00e9 qui rend l\u2019acc\u00e8s au financement quasiment impossible, emp\u00eachant la modernisation du parc et d\u00e9courageant l\u2019investissement productif dans le secteur.<\/p>\n<p>Il a expliqu\u00e9 que l\u2019objectif de la LOTRIT est de poser les fondements d\u2019un cadre juridique commun \u00e0 tous les intervenants dans le secteur du transport routier de marchandises et de personnes et de l\u2019interm\u00e9diation de transport. Elle pr\u00e9cise la nature des activit\u00e9s et organise les conditions d\u2019acc\u00e8s \u00e0 la profession. La LOTRIT cr\u00e9e le Conseil National du Transport Routier (CNTR) qui est un organe consultatif de concertation et de conseil du Gouvernement en mati\u00e8re de politique, de l\u00e9gislation et de r\u00e9glementation du transport routier de marchandises, de personnes et des professions d\u2019interm\u00e9diaires du transport.<\/p>\n<p>Le Ministre a inform\u00e9 que la Loi d\u2019Organisation du Transport Routier et des Interm\u00e9diaires de Transport (LOTRIT) pr\u00e9voit dans son Article 102 que les textes r\u00e9glementaires d\u2019application doivent \u00eatre pris et publi\u00e9s dans les six (6) mois qui suivront l\u2019adoption de la Loi.<\/p>\n<p>Au cours des d\u00e9bats, les observations ont essentiellement port\u00e9 sur\u00a0la n\u00e9cessit\u00e9 de :<\/p>\n<p>\u2013\u00a0\u00a0Redimensionner le projet de Loi en renvoyant certains aspects notamment la fixation des amendes dans les actes r\u00e8glementaires\u00a0d\u2019application\u00a0de la Loi ;<\/p>\n<p>\u2013\u00a0 \u00a0 \u00a0Elaborer un Code de la route\u00a0;<\/p>\n<p>\u2013\u00a0 \u00a0Revoir les articles 58 et 96 en concertation avec les diff\u00e9rents minist\u00e8res concern\u00e9s\u00a0 afin de prendre en compte leurs pr\u00e9occupations ;<\/p>\n<p>\u2013\u00a0 \u00a0 \u00a0 Revoir les Articles 61 \u00e0 64 afin de les mettre en coh\u00e9rence avec la Loi portant\u00a0protection du patrimoine routier;<\/p>\n<p>\u2013\u00a0 \u00a0 \u00a0 Pr\u00e9voir l\u2019examen du permis de conduire surtout\u00a0 pour les professionnels\u00a0;<\/p>\n<p>\u2013\u00a0 \u00a0 \u00a0Tenir compte de la r\u00e8glementation de l\u2019\u00e2ge des v\u00e9hicules import\u00e9s\u00a0surtout les gros porteurs ;<\/p>\n<p>\u2013\u00a0 \u00a0 \u00a0\u00a0Intensifier certaines dispositions relatives aux sanctions notamment lorsqu\u2019il y a des r\u00e9cidives\u00a0;<\/p>\n<p>\u2013\u00a0 \u00a0 \u00a0\u00a0Aborder les aspects relatifs\u00a0 aux trac\u00e9s des routes et feux de signalisation\u00a0;<\/p>\n<p>\u2013\u00a0 \u00a0 \u00a0 Revoir l\u2019article 98 en ne citant pas nomm\u00e9ment les organisations syndicales\u00a0;<\/p>\n<p>\u2013\u00a0 \u00a0 \u00a0Pr\u00e9voir dans le titre 3 les dispositions pertinentes de nature \u00e0 inciter les transporteurs \u00e0 aller vers les solutions durables, comme les v\u00e9hicules moins polluants.<\/p>\n<p>Aux termes des d\u00e9bats, le Conseil a recommand\u00e9 l\u2019adoption du Projet de Loi portant Organisation du Transport Routier et des Interm\u00e9diaires de Transport (LOTRIT), sous r\u00e9serve de la prise en compte des observations de fond et de forme formul\u00e9es.<\/p>\n<p>AU TITRE DU COMPTE RENDU<\/p>\n<p>Le Ministre des Affaires Etrang\u00e8res et des Guin\u00e9ens de l\u2019Etranger et le Ministre du Commerce ont fait un compte rendu conjoint relatif\u00a0 \u00e0 la signature de l\u2019Accord de la Zone de Libre-Echange Continentale Africaine (ZLECAf).<\/p>\n<p>Ils ont pr\u00e9cis\u00e9 que ce Sommet historique a \u00e9t\u00e9 pr\u00e9c\u00e9d\u00e9 de la 18<sup>\u00e8me<\/sup>\u00a0session extraordinaire du Conseil ex\u00e9cutif, le 19 janvier 2018.<\/p>\n<p>Le Conseil ex\u00e9cutif a statu\u00e9 sur les questions en suspens qui lui ont \u00e9t\u00e9 renvoy\u00e9es par la 5<sup>\u00e8me<\/sup>r\u00e9union des Ministres africains du Commerce et la 2<sup>\u00e8me<\/sup>\u00a0session extraordinaire du Comit\u00e9 technique sp\u00e9cialis\u00e9 sur la justice et les questions juridiques, notamment sur\u00a0la nature du Secr\u00e9tariat de la ZLECAf\u00a0; les r\u00e9serves \u00e0 l\u2019Accord\u00a0et le nombre d\u2019instruments de ratification requis pour l\u2019entr\u00e9e en vigueur de l\u2019Accord.<\/p>\n<p>&nbsp;<\/p>\n<p>Les Ministres ont indiqu\u00e9 que le Conseil ex\u00e9cutif, apr\u00e8s d\u00e9lib\u00e9rations, a convenu que :<\/p>\n<p>&nbsp;<\/p>\n<p>\u2013\u00a0 \u00a0 \u00a0 \u00a0Le Secr\u00e9tariat de la ZLECAf sera un organe ind\u00e9pendant, dot\u00e9 d\u2019une autonomie fonctionnelle au sein de l\u2019UA, et financ\u00e9 par le budget annuel de l\u2019UA ;<\/p>\n<p>\u2013\u00a0\u00a0\u00a0\u00a0\u00a0\u00a0\u00a0\u00a0la clause de r\u00e9serves interdit toutes r\u00e9serves \u00e0 l\u2019Accord de la ZLECAf ; et<\/p>\n<p>\u2013\u00a0\u00a0\u00a0\u00a0\u00a0\u00a0l\u2019Accord entrera en vigueur, trente (30) jours apr\u00e8s le d\u00e9p\u00f4t du vingt-deuxi\u00e8me (22<sup>\u00e8me<\/sup>) instrument de ratification aupr\u00e8s du Pr\u00e9sident de la Commission de l\u2019UA qui en est le d\u00e9positaire.<\/p>\n<p>&nbsp;<\/p>\n<p>Ils ont inform\u00e9 que la c\u00e9r\u00e9monie solennelle de signature a \u00e9t\u00e9 rehauss\u00e9e par la pr\u00e9sence de\u00a0: dix-neuf (19) Chefs d\u2019Etat\u00a0; deux (2) Vice-Pr\u00e9sidents\u00a0; six (6) Premiers Ministres et vingt-trois (23) Ministres des Affaires Etrang\u00e8res.<\/p>\n<p>&nbsp;<\/p>\n<p>La c\u00e9r\u00e9monie de signature des actes a enregistr\u00e9 successivement la pr\u00e9sence de quarante-quatre (44) Etats membres pour l\u2019Accord sur la ZLECAf\u00a0; 43 pour la D\u00e9claration de Kigali, et 27 pour le Protocole d\u2019accord sur la libre circulation des personnes et le passeport africain.<\/p>\n<p>&nbsp;<\/p>\n<p>Notre pays a sign\u00e9 \u00e0 la fois l\u2019Accord sur la ZLECAf, le Protocole d\u2019Accord sur la libre circulation des personnes et le passeport africain, et la D\u00e9claration de Kigali.<\/p>\n<p>Les Ministres ont affirm\u00e9 qu\u2019en vue d\u2019assurer la mise en \u0153uvre r\u00e9ussie et le suivi de la ZLECAf et tirer pleinement profit du march\u00e9 unique africain, il serait n\u00e9cessaire de mettre en place sous la tutelle du Minist\u00e8re du Commerce :<\/p>\n<p>\u2013\u00a0Une Commission nationale charg\u00e9e de se pencher sur toutes les questions relatives \u00e0 la mise en \u0153uvre et au suivi de l\u2019Accord de la ZLECAf. Cette Commission pourrait \u00eatre compos\u00e9e des minist\u00e8res en charge du Commerce, de l\u2019Industrie, de l\u2019Agriculture, l\u2019Elevage, des P\u00eaches, du Budget, de l\u2019Economie, des Transports, des Postes et T\u00e9l\u00e9communications, de la Justice, des Affaires Etrang\u00e8res, du Plan, du Tourisme, et des structures ci-apr\u00e8s: la Chambre de Commerce, d\u2019Industrie et d\u2019Artisanat de Guin\u00e9e (CCIAG), la Chambre de l\u2019Agriculture, le Patronat guin\u00e9en, la Soci\u00e9t\u00e9 civile et l\u2019Assembl\u00e9e nationale\u00a0;<\/p>\n<p>\u2013\u00a0 \u00a0 Pr\u00e9voir des ressources pour l\u2019op\u00e9rationnalisation de cette Commission et renforcer la repr\u00e9sentativit\u00e9 de l\u2019\u00e9quipe de n\u00e9gociations ;<\/p>\n<p>\u2013\u00a0 \u00a0 Ex\u00e9cuter des \u00e9tudes sur les impacts de la ZLECAf sur l\u2019\u00e9conomie guin\u00e9enne afin que les recommandations qui en r\u00e9sulteront aident \u00e0 entreprendre les r\u00e9formes idoines pour entre autres\u00a0:<\/p>\n<p>\u2013 Compenser les modestes pertes de recettes douani\u00e8res ;<\/p>\n<p>\u2013 Mettre en place des infrastructures li\u00e9es au commerce ;<\/p>\n<p>\u2013 Minimiser les co\u00fbts de production pour les PME ;<\/p>\n<p>\u2013 Am\u00e9liorer les capacit\u00e9s de production et la comp\u00e9titivit\u00e9\u00a0;\u00a0et<\/p>\n<p>\u2013 Attirer l\u2019investissement direct \u00e9tranger.<\/p>\n<p>Au cours des d\u00e9bats, les observations ont port\u00e9 sur\u00a0la n\u00e9cessit\u00e9 d\u2019\u00e9largir \u00e0 la Banque Centrale et aux Minist\u00e8res en charge de l\u2019Action sociale et de l\u2019Environnement,\u00a0 la Commission nationale charg\u00e9e de se pencher sur toutes les questions relatives \u00e0 la mise en \u0153uvre et au suivi de l\u2019accord de la ZLECAf;<\/p>\n<p>Au terme des d\u00e9bats, le Conseil a apport\u00e9 son soutien aux Ministres et recommand\u00e9 la mise en place d\u2019une Commission nationale pour pr\u00e9parer la mise en \u0153uvre et le suivi de la Zone de Libre Echange afin de tirer pleinement profit du march\u00e9 unique africain.<\/p>\n<p>AU TITRE DES DECISIONS<\/p>\n<p>A l\u2019issue des d\u00e9bats sur les diff\u00e9rentes questions suscit\u00e9es, le Conseil a d\u00e9cid\u00e9 ce qui suit\u00a0:<\/p>\n<ul>\n<li>Le Conseil approuve la Politique Nationale de l\u2019Eau pr\u00e9sent\u00e9e par le Ministre de l\u2019Energie et de l\u2019Hydraulique.<\/li>\n<li>Le Conseil approuve le projet de Loi portant Promotion et Protection des Personnes Handicap\u00e9es en R\u00e9publique de Guin\u00e9e pr\u00e9sent\u00e9 par la Ministre de l\u2019Action Sociale, de la Promotion F\u00e9minine et de l\u2019Enfance, sous r\u00e9serve de la prise en compte des observations formul\u00e9es. Le Conseil invite la Ministre \u00e0 se rapprocher du Secr\u00e9taire G\u00e9n\u00e9ral du Gouvernement, pour la mise en forme juridique du texte.<\/li>\n<li>le Conseil approuve la Projet de Loi portant organisation du Transport Routier et des Interm\u00e9diaires de Transport (LOTRIT), pr\u00e9sent\u00e9 par le Ministre des Transports sous r\u00e9serve de la prise en compte des observations formul\u00e9es. Le Conseil invite le Ministre \u00e0 se rapprocher du Secr\u00e9taire G\u00e9n\u00e9ral du Gouvernement, pour la mise en forme juridique du texte.<\/li>\n<li>Le Conseil d\u00e9cide la mise en place d\u2019une Commission nationale charg\u00e9e de traiter toutes les questions relatives \u00e0 la mise en \u0153uvre et au suivi de l\u2019accord de la Zone de Libre-Echange Continentale Africaine (ZLECAf).<\/li>\n<\/ul>\n<p>AU TITRE DES DIVERS<\/p>\n<p>Le Secr\u00e9taire G\u00e9n\u00e9ral du Gouvernement a inform\u00e9 qu\u2019en pr\u00e9lude \u00e0 la tenue au mois d\u2019avril de la Session des Lois de l\u2019ann\u00e9e 2018, les Ministres devront transmettre les expos\u00e9s de motif des Conventions, Protocoles et Accords \u00e0 l\u2019Assembl\u00e9e Nationale dans les meilleurs d\u00e9lais.<\/p>\n<p>Le Ministre en charge des T\u00e9l\u00e9communications a inform\u00e9 des actes de sabotage de citoyens sur certaines installations de t\u00e9l\u00e9communications dans la ville de Conakry \u00e0 travers des coupures de c\u00e2bles ou de d\u00e9p\u00f4t et d\u2019incin\u00e9ration des ordures dans les chambres techniques souterraines. Il a \u00e9galement rappel\u00e9 que ces actes qui portent atteinte aux installations et \u00e0 la continuit\u00e9 de fourniture de\u00a0 services de t\u00e9l\u00e9phone et Internet, sont punies par la Loi.<\/p>\n<p>Le Ministre en charge des Sports a inform\u00e9 de l\u2019organisation du Championnat d\u2019Afrique de la Zone 2 de Boxe, dot\u00e9 du troph\u00e9e Malick CONDE. Le Championnat a connu la participation de 12 pays sur 15. Au total, 30 m\u00e9dailles ont \u00e9t\u00e9 d\u00e9cern\u00e9es dont 10 en Or, 10 en Argent et 10 en Bronze. Au terme de la comp\u00e9tition, la Guin\u00e9e a remport\u00e9 5 m\u00e9dailles d\u2019Or, 3 d\u2019Argent et 2 de Bronze.<\/p>\n<p>Le Ministre du Commerce a inform\u00e9 que la Guin\u00e9e sur le financement de l\u2019AFD et l\u2019Ambassade de France dans le cadre du programme d\u2019accompagnement, la Chambre de Commerce, d\u2019Industrie et d\u2019Artisanat de Guin\u00e9e (CCIAG) a mis en place un fichier consulaire avec une base de donn\u00e9es de 40\u00a0000 Entreprises enregistr\u00e9es en Guin\u00e9e.<\/p>\n<p>La Ministre des Travaux Publics a inform\u00e9 du lancement officiel des travaux de reconstruction de la route nationale N1 tron\u00e7on Coyah-Dabola, pr\u00e9vu pour le 19 avril 2018.<\/p>\n<p>Elle a \u00e9galement inform\u00e9 du lancement des travaux de construction des 2 ponts sur le Koussi entre T\u00e9l\u00e9m\u00e9l\u00e9 et Pita et le Milo entre K\u00e9rouan\u00e9 et Banakoro, dans la 2<sup>\u00e8me<\/sup>\u00a0quinzaine d\u2019avril 2018.<\/p>\n<p>Le Ministre de l\u2019Enseignement Sup\u00e9rieur et de la Recherche Scientifique a inform\u00e9 que, le mardi 27 mars 2018, trois chercheurs guin\u00e9ens ont \u00e9t\u00e9 distingu\u00e9s lors de la c\u00e9r\u00e9monie officielle de remise des prix aux Laur\u00e9ats et Ambassadeurs du Next Einstein Forum (NEF) 2018 \u00e0 Kigali. Il s\u2019agit de Dr Abdoulaye Banir\u00e9 Diallo, Mamadou Kaba et Alpha Kabinet Keita.<\/p>\n<p>Le Conseil des Ministres<\/p>\n<p>Transmis par la Cellule de Communication du Gouvernement<\/p>\n<p>&nbsp;<\/p>\n","protected":false},"excerpt":{"rendered":"<p>Conakry, le 5 Avril 2018 \u2013 Sous la pr\u00e9sidence de son Excellence Monsieur le Pr\u00e9sident de la R\u00e9publique, le Conseil des ministres a tenu sa session ordinaire ce jeudi 5 avril 2018 de 10h \u00e0 12h, avec l\u2019ordre du jour suivant\u00a0: Message de son Excellence Monsieur le Pr\u00e9sident de la R\u00e9publique\u00a0; Compte rendu des sessions [&hellip;]<\/p>\n","protected":false},"author":2,"featured_media":2461,"comment_status":"open","ping_status":"open","sticky":false,"template":"","format":"standard","meta":{"footnotes":""},"categories":[2],"tags":[],"class_list":["post-2460","post","type-post","status-publish","format-standard","has-post-thumbnail","hentry","category-actualites"],"_links":{"self":[{"href":"https:\/\/www.friaguinee.net\/index.php\/wp-json\/wp\/v2\/posts\/2460","targetHints":{"allow":["GET"]}}],"collection":[{"href":"https:\/\/www.friaguinee.net\/index.php\/wp-json\/wp\/v2\/posts"}],"about":[{"href":"https:\/\/www.friaguinee.net\/index.php\/wp-json\/wp\/v2\/types\/post"}],"author":[{"embeddable":true,"href":"https:\/\/www.friaguinee.net\/index.php\/wp-json\/wp\/v2\/users\/2"}],"replies":[{"embeddable":true,"href":"https:\/\/www.friaguinee.net\/index.php\/wp-json\/wp\/v2\/comments?post=2460"}],"version-history":[{"count":1,"href":"https:\/\/www.friaguinee.net\/index.php\/wp-json\/wp\/v2\/posts\/2460\/revisions"}],"predecessor-version":[{"id":2462,"href":"https:\/\/www.friaguinee.net\/index.php\/wp-json\/wp\/v2\/posts\/2460\/revisions\/2462"}],"wp:featuredmedia":[{"embeddable":true,"href":"https:\/\/www.friaguinee.net\/index.php\/wp-json\/wp\/v2\/media\/2461"}],"wp:attachment":[{"href":"https:\/\/www.friaguinee.net\/index.php\/wp-json\/wp\/v2\/media?parent=2460"}],"wp:term":[{"taxonomy":"category","embeddable":true,"href":"https:\/\/www.friaguinee.net\/index.php\/wp-json\/wp\/v2\/categories?post=2460"},{"taxonomy":"post_tag","embeddable":true,"href":"https:\/\/www.friaguinee.net\/index.php\/wp-json\/wp\/v2\/tags?post=2460"}],"curies":[{"name":"wp","href":"https:\/\/api.w.org\/{rel}","templated":true}]}}