{"id":22957,"date":"2020-07-19T22:28:34","date_gmt":"2020-07-19T22:28:34","guid":{"rendered":"http:\/\/www.friaguinee.net\/?p=22957"},"modified":"2020-07-19T22:28:55","modified_gmt":"2020-07-19T22:28:55","slug":"guinee-la-manifestation-du-fndc-interdite-les-forces-publiques-requisitionnees","status":"publish","type":"post","link":"https:\/\/www.friaguinee.net\/index.php\/2020\/07\/19\/guinee-la-manifestation-du-fndc-interdite-les-forces-publiques-requisitionnees\/","title":{"rendered":"Guin\u00e9e: la manifestation du FNDC interdite, les forces publiques r\u00e9quisitionn\u00e9es"},"content":{"rendered":"\n<p>C&rsquo;est sur un ton ferme que le ministre de l&rsquo;administration du territoire et de la d\u00e9centralisation a d\u00e9clar\u00e9 ce dimanche soir \u00e0 la t\u00e9l\u00e9vision nationale, que la manifestation projet\u00e9e par le front national pour la d\u00e9fense de la Constitution n&rsquo;est pas autoris\u00e9e. <\/p>\n\n\n\n<p>Bour\u00e9ma Cond\u00e9 a soutenu cette d\u00e9cision par le fait que les maires des communes concern\u00e9es ne l&rsquo;ont pas autoris\u00e9e tout en s&rsquo;appuyant sur les risques de propagation de la maladie \u00e0 coronavirus qui, \u00e0 ce jour, a co\u00fbt\u00e9 la vie \u00e0 39 personnes dans le pays.<\/p>\n\n\n\n<p>Il indique par ailleurs  que les forces publiques seront r\u00e9quisitionn\u00e9es sur toute l&rsquo;\u00e9tendue du territoire national avant d&rsquo;inviter toutes les autorit\u00e9s locales, chacune \u00e0 son niveau, \u00e0 prendre toutes les dispositions n\u00e9cessaires pour l&rsquo;application des mesures annonc\u00e9es. <\/p>\n\n\n\n<p><strong>Ibrahima Sory Camara pour friaguinee.net <\/strong><\/p>\n","protected":false},"excerpt":{"rendered":"<p>C&rsquo;est sur un ton ferme que le ministre de l&rsquo;administration du territoire et de la d\u00e9centralisation a d\u00e9clar\u00e9 ce dimanche soir \u00e0 la t\u00e9l\u00e9vision nationale, que la manifestation projet\u00e9e par le front national pour la d\u00e9fense de la Constitution n&rsquo;est pas autoris\u00e9e. Bour\u00e9ma Cond\u00e9 a soutenu cette d\u00e9cision par le fait que les maires des [&hellip;]<\/p>\n","protected":false},"author":2,"featured_media":22958,"comment_status":"open","ping_status":"open","sticky":false,"template":"","format":"standard","meta":{"footnotes":""},"categories":[2],"tags":[1520,1242,4464,279,148,4463],"class_list":["post-22957","post","type-post","status-publish","format-standard","has-post-thumbnail","hentry","category-actualites","tag-bourema-conde","tag-fndc","tag-forces-publiques","tag-gouvernement","tag-guinee","tag-requisition"],"_links":{"self":[{"href":"https:\/\/www.friaguinee.net\/index.php\/wp-json\/wp\/v2\/posts\/22957","targetHints":{"allow":["GET"]}}],"collection":[{"href":"https:\/\/www.friaguinee.net\/index.php\/wp-json\/wp\/v2\/posts"}],"about":[{"href":"https:\/\/www.friaguinee.net\/index.php\/wp-json\/wp\/v2\/types\/post"}],"author":[{"embeddable":true,"href":"https:\/\/www.friaguinee.net\/index.php\/wp-json\/wp\/v2\/users\/2"}],"replies":[{"embeddable":true,"href":"https:\/\/www.friaguinee.net\/index.php\/wp-json\/wp\/v2\/comments?post=22957"}],"version-history":[{"count":1,"href":"https:\/\/www.friaguinee.net\/index.php\/wp-json\/wp\/v2\/posts\/22957\/revisions"}],"predecessor-version":[{"id":22959,"href":"https:\/\/www.friaguinee.net\/index.php\/wp-json\/wp\/v2\/posts\/22957\/revisions\/22959"}],"wp:featuredmedia":[{"embeddable":true,"href":"https:\/\/www.friaguinee.net\/index.php\/wp-json\/wp\/v2\/media\/22958"}],"wp:attachment":[{"href":"https:\/\/www.friaguinee.net\/index.php\/wp-json\/wp\/v2\/media?parent=22957"}],"wp:term":[{"taxonomy":"category","embeddable":true,"href":"https:\/\/www.friaguinee.net\/index.php\/wp-json\/wp\/v2\/categories?post=22957"},{"taxonomy":"post_tag","embeddable":true,"href":"https:\/\/www.friaguinee.net\/index.php\/wp-json\/wp\/v2\/tags?post=22957"}],"curies":[{"name":"wp","href":"https:\/\/api.w.org\/{rel}","templated":true}]}}