{"id":22667,"date":"2020-07-13T16:49:37","date_gmt":"2020-07-13T16:49:37","guid":{"rendered":"http:\/\/www.friaguinee.net\/?p=22667"},"modified":"2020-07-13T16:49:40","modified_gmt":"2020-07-13T16:49:40","slug":"guinee-education-le-semblant-dans-le-travail-est-termine-dixit-bano-barry","status":"publish","type":"post","link":"https:\/\/www.friaguinee.net\/index.php\/2020\/07\/13\/guinee-education-le-semblant-dans-le-travail-est-termine-dixit-bano-barry\/","title":{"rendered":"Guin\u00e9e\/\u00c9ducation: \u00ab\u00a0Le semblant dans le travail est termin\u00e9\u00a0\u00bb dixit Bano Barry"},"content":{"rendered":"\n<p>Le Ministre de l&rsquo;\u00e9ducation nationale et de l&rsquo;alphab\u00e9tisation a tenu ce lundi une r\u00e9union de prise de contact avec les membres de son cabinet et chefs des services centraux.<\/p>\n\n\n\n<figure class=\"wp-block-image\"><img loading=\"lazy\" decoding=\"async\" width=\"720\" height=\"540\" src=\"http:\/\/www.friaguinee.net\/wp-content\/uploads\/2020\/07\/FB_IMG_1594658208299.jpg\" alt=\"\" class=\"wp-image-22668\" srcset=\"https:\/\/www.friaguinee.net\/wp-content\/uploads\/2020\/07\/FB_IMG_1594658208299.jpg 720w, https:\/\/www.friaguinee.net\/wp-content\/uploads\/2020\/07\/FB_IMG_1594658208299-300x225.jpg 300w, https:\/\/www.friaguinee.net\/wp-content\/uploads\/2020\/07\/FB_IMG_1594658208299-80x60.jpg 80w, https:\/\/www.friaguinee.net\/wp-content\/uploads\/2020\/07\/FB_IMG_1594658208299-265x198.jpg 265w, https:\/\/www.friaguinee.net\/wp-content\/uploads\/2020\/07\/FB_IMG_1594658208299-696x522.jpg 696w, https:\/\/www.friaguinee.net\/wp-content\/uploads\/2020\/07\/FB_IMG_1594658208299-560x420.jpg 560w\" sizes=\"auto, (max-width: 720px) 100vw, 720px\" \/><\/figure>\n\n\n\n<p>\u00a0\u00bb Je suis un homme combl\u00e9 \u00ab\u00a0.  <br> C&rsquo;est par ce terme que le tout nouveau Ministre de l&rsquo;\u00e9ducation nationale et de l&rsquo;alphab\u00e9tisation a introduit ce lundi sa premi\u00e8re r\u00e9union avec <br>  ses collaborateurs du niveau central. Professeur Alpha Amadou Bano BARRY estime  que la personnalit\u00e9, le niveau intellectuel et les exp\u00e9riences acquises par les uns et les autres constituent des atouts \u00e9vidents qui peuvent conduire son d\u00e9partement \u00e0 la r\u00e9ussite. Mais pour y parvenir, le Ministre de l&rsquo;\u00e9ducation nationale pense aussi qu&rsquo;il faut impulser une dynamique de travail et de responsabilit\u00e9.<\/p>\n\n\n\n<figure class=\"wp-block-image\"><img loading=\"lazy\" decoding=\"async\" width=\"720\" height=\"540\" src=\"http:\/\/www.friaguinee.net\/wp-content\/uploads\/2020\/07\/FB_IMG_1594658216531.jpg\" alt=\"\" class=\"wp-image-22670\" srcset=\"https:\/\/www.friaguinee.net\/wp-content\/uploads\/2020\/07\/FB_IMG_1594658216531.jpg 720w, https:\/\/www.friaguinee.net\/wp-content\/uploads\/2020\/07\/FB_IMG_1594658216531-300x225.jpg 300w, https:\/\/www.friaguinee.net\/wp-content\/uploads\/2020\/07\/FB_IMG_1594658216531-80x60.jpg 80w, https:\/\/www.friaguinee.net\/wp-content\/uploads\/2020\/07\/FB_IMG_1594658216531-265x198.jpg 265w, https:\/\/www.friaguinee.net\/wp-content\/uploads\/2020\/07\/FB_IMG_1594658216531-696x522.jpg 696w, https:\/\/www.friaguinee.net\/wp-content\/uploads\/2020\/07\/FB_IMG_1594658216531-560x420.jpg 560w\" sizes=\"auto, (max-width: 720px) 100vw, 720px\" \/><\/figure>\n\n\n\n<p>\u00a0\u00bb je veux des r\u00e9sultats\u00a0\u00bb c&rsquo;est ce qu&rsquo;il annoncera \u00e0 plusieurs reprises  en pr\u00e9cisant que lesdits r\u00e9sultats ne doivent attendre ni 2021, ni 2022 mais tout de suite et maintenant. Car selon Professeur Bano, le Pr\u00e9sident de la R\u00e9publique fonde un grand espoir sur le MEN-A et attend de ce d\u00e9partement de bons r\u00e9sultats en temps r\u00e9el.<br> Il faut donc que  les enfants en \u00e2ge d&rsquo;aller \u00e0 l&rsquo;\u00e9cole soient scolaris\u00e9s, que la qualit\u00e9 retourne \u00e0 l&rsquo;\u00e9cole, que les cours soient bien donn\u00e9s, que les adultes soient alphab\u00e9tis\u00e9s et qu&rsquo;un \u00e9lev\u00e9 du CM en Guin\u00e9e soit en mesure de lire correctement, \u00e9crire et calculer.<\/p>\n\n\n\n<figure class=\"wp-block-image\"><img loading=\"lazy\" decoding=\"async\" width=\"720\" height=\"540\" src=\"http:\/\/www.friaguinee.net\/wp-content\/uploads\/2020\/07\/FB_IMG_1594658211091.jpg\" alt=\"\" class=\"wp-image-22669\" srcset=\"https:\/\/www.friaguinee.net\/wp-content\/uploads\/2020\/07\/FB_IMG_1594658211091.jpg 720w, https:\/\/www.friaguinee.net\/wp-content\/uploads\/2020\/07\/FB_IMG_1594658211091-300x225.jpg 300w, https:\/\/www.friaguinee.net\/wp-content\/uploads\/2020\/07\/FB_IMG_1594658211091-80x60.jpg 80w, https:\/\/www.friaguinee.net\/wp-content\/uploads\/2020\/07\/FB_IMG_1594658211091-265x198.jpg 265w, https:\/\/www.friaguinee.net\/wp-content\/uploads\/2020\/07\/FB_IMG_1594658211091-696x522.jpg 696w, https:\/\/www.friaguinee.net\/wp-content\/uploads\/2020\/07\/FB_IMG_1594658211091-560x420.jpg 560w\" sizes=\"auto, (max-width: 720px) 100vw, 720px\" \/><\/figure>\n\n\n\n<p>Autre sujet abord\u00e9 par le Ministre de l&rsquo;\u00e9ducation nationale et de l&rsquo;alphab\u00e9tisation : le respect des textes. Il invite les services de son d\u00e9partement \u00e0 \u00eatre conformes \u00e0 leurs attributions. Aucun ne doit faire le travail de l&rsquo;autre et les chefs de service doivent pouvoir prendre des d\u00e9cisions et assumer. <\/p>\n\n\n\n<p>En tout cas, en ce qui le concerne en sa qualit\u00e9 de Ministre,  il promet de tout mettre en oeuvre pour am\u00e9liorer substantiellement les conditions de travail des services. En retour ces derniers doivent imp\u00e9rativement produire des r\u00e9sultats. <\/p>\n\n\n\n<figure class=\"wp-block-image\"><img loading=\"lazy\" decoding=\"async\" width=\"720\" height=\"540\" src=\"http:\/\/www.friaguinee.net\/wp-content\/uploads\/2020\/07\/FB_IMG_1594658213859.jpg\" alt=\"\" class=\"wp-image-22671\" srcset=\"https:\/\/www.friaguinee.net\/wp-content\/uploads\/2020\/07\/FB_IMG_1594658213859.jpg 720w, https:\/\/www.friaguinee.net\/wp-content\/uploads\/2020\/07\/FB_IMG_1594658213859-300x225.jpg 300w, https:\/\/www.friaguinee.net\/wp-content\/uploads\/2020\/07\/FB_IMG_1594658213859-80x60.jpg 80w, https:\/\/www.friaguinee.net\/wp-content\/uploads\/2020\/07\/FB_IMG_1594658213859-265x198.jpg 265w, https:\/\/www.friaguinee.net\/wp-content\/uploads\/2020\/07\/FB_IMG_1594658213859-696x522.jpg 696w, https:\/\/www.friaguinee.net\/wp-content\/uploads\/2020\/07\/FB_IMG_1594658213859-560x420.jpg 560w\" sizes=\"auto, (max-width: 720px) 100vw, 720px\" \/><\/figure>\n\n\n\n<p>Le Ministre Bano annonce aussi que le semblant dans le travail est termin\u00e9 par ce qu&rsquo;il va veiller personnellement et contr\u00f4ler ce que fait chacun. D&rsquo;ailleurs, il va tr\u00e8s bient\u00f4t rencontrer chaque service, pour mieux savoir de son fonctionnement et lui communiquer les principes de travail auxquels il tient absolument.<\/p>\n\n\n\n<p>CCMENA<\/p>\n","protected":false},"excerpt":{"rendered":"<p>Le Ministre de l&rsquo;\u00e9ducation nationale et de l&rsquo;alphab\u00e9tisation a tenu ce lundi une r\u00e9union de prise de contact avec les membres de son cabinet et chefs des services centraux. \u00a0\u00bb Je suis un homme combl\u00e9 \u00ab\u00a0. C&rsquo;est par ce terme que le tout nouveau Ministre de l&rsquo;\u00e9ducation nationale et de l&rsquo;alphab\u00e9tisation a introduit ce lundi [&hellip;]<\/p>\n","protected":false},"author":2,"featured_media":22672,"comment_status":"open","ping_status":"open","sticky":false,"template":"","format":"standard","meta":{"footnotes":""},"categories":[5],"tags":[4282,47,148,1629,371],"class_list":["post-22667","post","type-post","status-publish","format-standard","has-post-thumbnail","hentry","category-education","tag-bano-barry","tag-education","tag-guinee","tag-mena","tag-reunion"],"_links":{"self":[{"href":"https:\/\/www.friaguinee.net\/index.php\/wp-json\/wp\/v2\/posts\/22667","targetHints":{"allow":["GET"]}}],"collection":[{"href":"https:\/\/www.friaguinee.net\/index.php\/wp-json\/wp\/v2\/posts"}],"about":[{"href":"https:\/\/www.friaguinee.net\/index.php\/wp-json\/wp\/v2\/types\/post"}],"author":[{"embeddable":true,"href":"https:\/\/www.friaguinee.net\/index.php\/wp-json\/wp\/v2\/users\/2"}],"replies":[{"embeddable":true,"href":"https:\/\/www.friaguinee.net\/index.php\/wp-json\/wp\/v2\/comments?post=22667"}],"version-history":[{"count":1,"href":"https:\/\/www.friaguinee.net\/index.php\/wp-json\/wp\/v2\/posts\/22667\/revisions"}],"predecessor-version":[{"id":22673,"href":"https:\/\/www.friaguinee.net\/index.php\/wp-json\/wp\/v2\/posts\/22667\/revisions\/22673"}],"wp:featuredmedia":[{"embeddable":true,"href":"https:\/\/www.friaguinee.net\/index.php\/wp-json\/wp\/v2\/media\/22672"}],"wp:attachment":[{"href":"https:\/\/www.friaguinee.net\/index.php\/wp-json\/wp\/v2\/media?parent=22667"}],"wp:term":[{"taxonomy":"category","embeddable":true,"href":"https:\/\/www.friaguinee.net\/index.php\/wp-json\/wp\/v2\/categories?post=22667"},{"taxonomy":"post_tag","embeddable":true,"href":"https:\/\/www.friaguinee.net\/index.php\/wp-json\/wp\/v2\/tags?post=22667"}],"curies":[{"name":"wp","href":"https:\/\/api.w.org\/{rel}","templated":true}]}}