{"id":22439,"date":"2020-07-09T16:16:41","date_gmt":"2020-07-09T16:16:41","guid":{"rendered":"http:\/\/www.friaguinee.net\/?p=22439"},"modified":"2020-07-09T16:18:14","modified_gmt":"2020-07-09T16:18:14","slug":"guinee-racket-des-parents-deleves-dans-les-ecoles-privees-une-ong-monte-au-creneau","status":"publish","type":"post","link":"https:\/\/www.friaguinee.net\/index.php\/2020\/07\/09\/guinee-racket-des-parents-deleves-dans-les-ecoles-privees-une-ong-monte-au-creneau\/","title":{"rendered":"Guin\u00e9e\/Racket des parents d&rsquo;\u00e9l\u00e8ves dans les \u00e9coles priv\u00e9es: une ONG monte au cr\u00e9neau"},"content":{"rendered":"\n<p>D\u00e9claration N\u00b0003\/A-SEG\/CA\/2020<br> Portant d\u00e9nonciation des \u00e9coles priv\u00e9es pour racket des parents d\u2019\u00e9l\u00e8ves.<\/p>\n\n\n\n<p>Quelques jours seulement apr\u00e8s la reprise des cours par les classes <br> d\u2019examens sur toute l\u2019\u00e9tendue du territoire national, il nous a \u00e9t\u00e9 permis de constater avec amertume des pratiques peu orthodoxes auxquelles se livrent certaines \u00e9coles priv\u00e9es \u00e0 l\u2019endroit des paisibles parents d\u2019\u00e9l\u00e8ves. <\/p>\n\n\n\n<p> Il s\u2019agit en r\u00e9alit\u00e9 des r\u00e9clamations des frais de scolarit\u00e9 relevant des mois couvrant la p\u00e9riode de suspension des cours (Mars, Avril, Mai). Or, les \u00e9l\u00e8ves n\u2019ont pas consomm\u00e9 ce qui est exig\u00e9 \u00e0 leurs parents de payer. Selon le principe g\u00e9n\u00e9ral, l\u2019on ne peut s\u2019acquitter que de ce qu\u2019on n\u2019a acquis au paravent. Ces agissements des gestionnaires d\u2019\u00e9coles priv\u00e9es ne sont ni plus, ni moins qu\u2019un <br> racket \u00e0 ciel ouvert et une injustice de trop que nous d\u00e9non\u00e7ons fermement.<\/p>\n\n\n\n<p> Nous d\u00e9plorons qu\u2019\u00e0 ce jour, un nombre important d\u2019\u00e9l\u00e8ves soient vir\u00e9s des <br> classes partout dans le pays alors qu\u2019ils pr\u00e9parent activement les examens nationaux en d\u00e9pit du retard caus\u00e9 par le COVID-19. Nous regrettons que les recommandations de notre m\u00e9morandum relatif \u00e0 la reprise des cours n\u2019aient pas \u00e9t\u00e9 prises en compte par les autorit\u00e9s comp\u00e9tentes pour pr\u00e9venir cette malheureuse situation que nous craignions.<\/p>\n\n\n\n<p>L\u2019Association Scolaire et Estudiantine de Guin\u00e9e (A-SEG), interpelle le gouvernement \u00e0 intervenir dans les meilleurs d\u00e9lais pour faire cesser cette atteinte grave au droit des \u00e9l\u00e8ves. <\/p>\n\n\n\n<p>Nous invitons les parents d\u2019\u00e9l\u00e8ves \u00e0 plus de s\u00e9r\u00e9nit\u00e9. Les \u00e9l\u00e8ves quant \u00e0 eux doivent continuer \u00e0 suivre les cours dans le strict respect des <br> gestes barri\u00e8res. Nous invitons les gestionnaires d\u2019\u00e9coles priv\u00e9es \u00e0 revenir \u00e0 de meilleurs sentiments pour l\u2019int\u00e9r\u00eat de l\u2019\u00e9ducation nationale.<\/p>\n\n\n\n<p>VIVE A-SEG !<br> VIVE L\u2019EDUCATION NATIONALE !<br> Conakry, 07 juillet 2020<br>                                                    Le pr\u00e9sident <br>                                                  Kabinet KEITA<\/p>\n","protected":false},"excerpt":{"rendered":"<p>D\u00e9claration N\u00b0003\/A-SEG\/CA\/2020 Portant d\u00e9nonciation des \u00e9coles priv\u00e9es pour racket des parents d\u2019\u00e9l\u00e8ves. Quelques jours seulement apr\u00e8s la reprise des cours par les classes d\u2019examens sur toute l\u2019\u00e9tendue du territoire national, il nous a \u00e9t\u00e9 permis de constater avec amertume des pratiques peu orthodoxes auxquelles se livrent certaines \u00e9coles priv\u00e9es \u00e0 l\u2019endroit des paisibles parents d\u2019\u00e9l\u00e8ves. [&hellip;]<\/p>\n","protected":false},"author":2,"featured_media":22441,"comment_status":"open","ping_status":"open","sticky":false,"template":"","format":"standard","meta":{"footnotes":""},"categories":[5],"tags":[2855],"class_list":["post-22439","post","type-post","status-publish","format-standard","has-post-thumbnail","hentry","category-education","tag-ecoles-privees"],"_links":{"self":[{"href":"https:\/\/www.friaguinee.net\/index.php\/wp-json\/wp\/v2\/posts\/22439","targetHints":{"allow":["GET"]}}],"collection":[{"href":"https:\/\/www.friaguinee.net\/index.php\/wp-json\/wp\/v2\/posts"}],"about":[{"href":"https:\/\/www.friaguinee.net\/index.php\/wp-json\/wp\/v2\/types\/post"}],"author":[{"embeddable":true,"href":"https:\/\/www.friaguinee.net\/index.php\/wp-json\/wp\/v2\/users\/2"}],"replies":[{"embeddable":true,"href":"https:\/\/www.friaguinee.net\/index.php\/wp-json\/wp\/v2\/comments?post=22439"}],"version-history":[{"count":2,"href":"https:\/\/www.friaguinee.net\/index.php\/wp-json\/wp\/v2\/posts\/22439\/revisions"}],"predecessor-version":[{"id":22442,"href":"https:\/\/www.friaguinee.net\/index.php\/wp-json\/wp\/v2\/posts\/22439\/revisions\/22442"}],"wp:featuredmedia":[{"embeddable":true,"href":"https:\/\/www.friaguinee.net\/index.php\/wp-json\/wp\/v2\/media\/22441"}],"wp:attachment":[{"href":"https:\/\/www.friaguinee.net\/index.php\/wp-json\/wp\/v2\/media?parent=22439"}],"wp:term":[{"taxonomy":"category","embeddable":true,"href":"https:\/\/www.friaguinee.net\/index.php\/wp-json\/wp\/v2\/categories?post=22439"},{"taxonomy":"post_tag","embeddable":true,"href":"https:\/\/www.friaguinee.net\/index.php\/wp-json\/wp\/v2\/tags?post=22439"}],"curies":[{"name":"wp","href":"https:\/\/api.w.org\/{rel}","templated":true}]}}