{"id":22005,"date":"2020-07-01T13:17:58","date_gmt":"2020-07-01T13:17:58","guid":{"rendered":"http:\/\/www.friaguinee.net\/?p=22005"},"modified":"2020-07-01T13:23:50","modified_gmt":"2020-07-01T13:23:50","slug":"guinee-environnement-la-coupe-et-le-transport-du-bois-interdits-sur-le-territoire-national","status":"publish","type":"post","link":"https:\/\/www.friaguinee.net\/index.php\/2020\/07\/01\/guinee-environnement-la-coupe-et-le-transport-du-bois-interdits-sur-le-territoire-national\/","title":{"rendered":"Guin\u00e9e\/Environnement: la coupe et le transport du bois interdits sur le territoire national"},"content":{"rendered":"\n<p>Dans un communiqu\u00e9 publi\u00e9 ce mercredi 1er juillet 2020, le Minist\u00e8re en charge de l&rsquo;environnement et des eaux et for\u00eats, a annonc\u00e9 l&rsquo;interdiction des activit\u00e9s de coupe et de transport du bois sont interdites sur toute l&rsquo;\u00e9tendue du territoire national. <\/p>\n\n\n\n<p>Ci-dessous le contenu du communiqu\u00e9 :<\/p>\n\n\n\n<p>Monsieurs<\/p>\n\n\n\n<p>Les Directeurs R\u00e9gionaux ;<br>Les Directeurs Pr\u00e9fectoraux ;<br>Les Chefs de Sections Pr\u00e9fectorales et Communales des Eaux et For\u00eats ;<br>Les Chefs d\u2019Antennes Pr\u00e9fectorales et Communales de l\u2019Office Guin\u00e9en du Bois ;<br>Le Commandant de la Brigade Nationale de lutte contre la Criminalit\u00e9 Faunistique et Floristique,<br>Le Coordinateur National des Cordons Forestiers<br>Le Pr\u00e9sident de la F\u00e9d\u00e9ration Nationale des Professionnels de la Fili\u00e8re Bois ;<br>Les Acteurs de la fili\u00e8re bois ;<\/p>\n\n\n\n<p>En application des dispositions de l\u2019Arr\u00eat\u00e9 N\u00b0 A\/2016\/5059\/MEEF\/CAB\/SGG du 05 septembre 2016 en son article 59 et en raison de la pand\u00e9mie COVID19 qui a eu des impacts n\u00e9gatifs sur le transport du bois pour la consommation domestique, les activit\u00e9s de coupe et de transport du bois sont ferm\u00e9es du 15 juillet au 30 septembre 2020.<\/p>\n\n\n\n<p>Par cons\u00e9quent, \u00e0 partir du 15 juillet jusqu\u2019au 30 septembre 2020, les activit\u00e9s de coupe et le transport du bois sont interdites sur toute l\u2019\u00e9tendue du territoire.<\/p>\n\n\n\n<p>Le Ministre d\u2019Etat, Ministre de l\u2019Environnement, des Eaux et For\u00eats se r\u00e9serve le droit de saisie et de poursuite judiciaire contre tout contrevenant n\u2019ob\u00e9issant pas aux pr\u00e9sentes instructions.<\/p>\n\n\n\n<p>J\u2019invite donc, chacun en ce qui le concerne, au respect et \u00e0 l\u2019application stricte des dispositions du pr\u00e9sent communiqu\u00e9.<\/p>\n\n\n\n<p><strong>Le Ministre P.O.&nbsp;<br>Le Secr\u00e9taire G\u00e9n\u00e9ral Dr Seydou Bari SIDIBE<\/strong><\/p>\n","protected":false},"excerpt":{"rendered":"<p>Dans un communiqu\u00e9 publi\u00e9 ce mercredi 1er juillet 2020, le Minist\u00e8re en charge de l&rsquo;environnement et des eaux et for\u00eats, a annonc\u00e9 l&rsquo;interdiction des activit\u00e9s de coupe et de transport du bois sont interdites sur toute l&rsquo;\u00e9tendue du territoire national. Ci-dessous le contenu du communiqu\u00e9 : Monsieurs Les Directeurs R\u00e9gionaux ;Les Directeurs Pr\u00e9fectoraux ;Les Chefs [&hellip;]<\/p>\n","protected":false},"author":2,"featured_media":22006,"comment_status":"open","ping_status":"open","sticky":false,"template":"","format":"standard","meta":{"footnotes":""},"categories":[46],"tags":[4289,794,906],"class_list":["post-22005","post","type-post","status-publish","format-standard","has-post-thumbnail","hentry","category-environnement","tag-bois","tag-coupe","tag-environnement"],"_links":{"self":[{"href":"https:\/\/www.friaguinee.net\/index.php\/wp-json\/wp\/v2\/posts\/22005","targetHints":{"allow":["GET"]}}],"collection":[{"href":"https:\/\/www.friaguinee.net\/index.php\/wp-json\/wp\/v2\/posts"}],"about":[{"href":"https:\/\/www.friaguinee.net\/index.php\/wp-json\/wp\/v2\/types\/post"}],"author":[{"embeddable":true,"href":"https:\/\/www.friaguinee.net\/index.php\/wp-json\/wp\/v2\/users\/2"}],"replies":[{"embeddable":true,"href":"https:\/\/www.friaguinee.net\/index.php\/wp-json\/wp\/v2\/comments?post=22005"}],"version-history":[{"count":2,"href":"https:\/\/www.friaguinee.net\/index.php\/wp-json\/wp\/v2\/posts\/22005\/revisions"}],"predecessor-version":[{"id":22009,"href":"https:\/\/www.friaguinee.net\/index.php\/wp-json\/wp\/v2\/posts\/22005\/revisions\/22009"}],"wp:featuredmedia":[{"embeddable":true,"href":"https:\/\/www.friaguinee.net\/index.php\/wp-json\/wp\/v2\/media\/22006"}],"wp:attachment":[{"href":"https:\/\/www.friaguinee.net\/index.php\/wp-json\/wp\/v2\/media?parent=22005"}],"wp:term":[{"taxonomy":"category","embeddable":true,"href":"https:\/\/www.friaguinee.net\/index.php\/wp-json\/wp\/v2\/categories?post=22005"},{"taxonomy":"post_tag","embeddable":true,"href":"https:\/\/www.friaguinee.net\/index.php\/wp-json\/wp\/v2\/tags?post=22005"}],"curies":[{"name":"wp","href":"https:\/\/api.w.org\/{rel}","templated":true}]}}