{"id":21214,"date":"2020-06-14T21:34:45","date_gmt":"2020-06-14T21:34:45","guid":{"rendered":"http:\/\/www.friaguinee.net\/?p=21214"},"modified":"2020-06-14T21:34:47","modified_gmt":"2020-06-14T21:34:47","slug":"beyla-explosion-accidentelle-dune-grenade-une-enquete-a-ete-ouverte-a-la-gendarmerie-msps","status":"publish","type":"post","link":"https:\/\/www.friaguinee.net\/index.php\/2020\/06\/14\/beyla-explosion-accidentelle-dune-grenade-une-enquete-a-ete-ouverte-a-la-gendarmerie-msps\/","title":{"rendered":"Beyla\/Explosion accidentelle d&rsquo;une grenade: une enqu\u00eate a \u00e9t\u00e9 ouverte \u00e0 la gendarmerie (MSPS)"},"content":{"rendered":"\n<p>Le samedi 13 juin 2020 aux environs de 17 heures, dans la pr\u00e9fecture de Beyla, un adolescent du nom de Laye Cond\u00e9 \u00e9l\u00e8ve, \u00e2g\u00e9 de 8 ans a trouv\u00e9 une grenade d\u00e9fensive dans l&rsquo;enceinte du lyc\u00e9e Bembeya dans le quartier k\u00e9mebourema, commune urbaine.<br> Il porte curieusement l&rsquo;objet \u00e0 son domicile situ\u00e9 \u00e0 700 m\u00e8tres plus loin.<\/p>\n\n\n\n<p>Son p\u00e8re \u00e2g\u00e9 de 67 ans a maladroitement manipul\u00e9 ledit objet qui a explos\u00e9 dans ses mains le tuant sur coup et faisant sept (7) autres bless\u00e9s dont un b\u00e9b\u00e9 de 3 ans qui a \u00e9galement succomb\u00e9 de ses blessures \u00e0 l&rsquo;h\u00f4pital r\u00e9gional o\u00f9 ils \u00e9taient admis pour les soins.<\/p>\n\n\n\n<p>Une enqu\u00eate a \u00e9t\u00e9 ouverte \u00e0 la gendarmerie.<br>\nLe ministre pr\u00e9sente les condol\u00e9ances \u00e0 la famille \u00e9plor\u00e9e et souhaite un prompte r\u00e9tablissement aux bless\u00e9s.<\/p>\n\n\n\n<p>Toutefois, au regard de la r\u00e9currence des incidents similaires, il rappelle aux \u00e9l\u00e9ments des forces de d\u00e9fense et de s\u00e9curit\u00e9 que pour aucune raison les engins de guerre ne doivent se retrouver au sein des populations civiles.<\/p>\n\n\n\n<p>Il les exhorte au respect des instructions permanentes de discipline.<\/p>\n\n\n\n<p><strong>Le Minist\u00e8re de la S\u00e9curit\u00e9 et de la Protection Civile.<\/strong><\/p>\n","protected":false},"excerpt":{"rendered":"<p>Le samedi 13 juin 2020 aux environs de 17 heures, dans la pr\u00e9fecture de Beyla, un adolescent du nom de Laye Cond\u00e9 \u00e9l\u00e8ve, \u00e2g\u00e9 de 8 ans a trouv\u00e9 une grenade d\u00e9fensive dans l&rsquo;enceinte du lyc\u00e9e Bembeya dans le quartier k\u00e9mebourema, commune urbaine. Il porte curieusement l&rsquo;objet \u00e0 son domicile situ\u00e9 \u00e0 700 m\u00e8tres plus [&hellip;]<\/p>\n","protected":false},"author":2,"featured_media":21215,"comment_status":"open","ping_status":"open","sticky":false,"template":"","format":"standard","meta":{"footnotes":""},"categories":[1],"tags":[],"class_list":["post-21214","post","type-post","status-publish","format-standard","has-post-thumbnail","hentry","category-non-classe"],"_links":{"self":[{"href":"https:\/\/www.friaguinee.net\/index.php\/wp-json\/wp\/v2\/posts\/21214","targetHints":{"allow":["GET"]}}],"collection":[{"href":"https:\/\/www.friaguinee.net\/index.php\/wp-json\/wp\/v2\/posts"}],"about":[{"href":"https:\/\/www.friaguinee.net\/index.php\/wp-json\/wp\/v2\/types\/post"}],"author":[{"embeddable":true,"href":"https:\/\/www.friaguinee.net\/index.php\/wp-json\/wp\/v2\/users\/2"}],"replies":[{"embeddable":true,"href":"https:\/\/www.friaguinee.net\/index.php\/wp-json\/wp\/v2\/comments?post=21214"}],"version-history":[{"count":1,"href":"https:\/\/www.friaguinee.net\/index.php\/wp-json\/wp\/v2\/posts\/21214\/revisions"}],"predecessor-version":[{"id":21216,"href":"https:\/\/www.friaguinee.net\/index.php\/wp-json\/wp\/v2\/posts\/21214\/revisions\/21216"}],"wp:featuredmedia":[{"embeddable":true,"href":"https:\/\/www.friaguinee.net\/index.php\/wp-json\/wp\/v2\/media\/21215"}],"wp:attachment":[{"href":"https:\/\/www.friaguinee.net\/index.php\/wp-json\/wp\/v2\/media?parent=21214"}],"wp:term":[{"taxonomy":"category","embeddable":true,"href":"https:\/\/www.friaguinee.net\/index.php\/wp-json\/wp\/v2\/categories?post=21214"},{"taxonomy":"post_tag","embeddable":true,"href":"https:\/\/www.friaguinee.net\/index.php\/wp-json\/wp\/v2\/tags?post=21214"}],"curies":[{"name":"wp","href":"https:\/\/api.w.org\/{rel}","templated":true}]}}