{"id":21023,"date":"2020-06-10T18:49:51","date_gmt":"2020-06-10T18:49:51","guid":{"rendered":"http:\/\/www.friaguinee.net\/?p=21023"},"modified":"2020-06-10T19:06:43","modified_gmt":"2020-06-10T19:06:43","slug":"fria-lutte-contre-linsalubrite-le-conseiller-abdoulaye-diallo-et-les-jeunes-volontaires-a-lassaut","status":"publish","type":"post","link":"https:\/\/www.friaguinee.net\/index.php\/2020\/06\/10\/fria-lutte-contre-linsalubrite-le-conseiller-abdoulaye-diallo-et-les-jeunes-volontaires-a-lassaut\/","title":{"rendered":"Fria\/Lutte contre l&rsquo;insalubrit\u00e9: le conseiller Abdoulaye Diallo et les jeunes volontaires \u00e0 l&rsquo;assaut"},"content":{"rendered":"\n<p>Apr\u00e8s avoir initi\u00e9 le bouchage des nids de poules \u00e0 travers les axes routiers de la commune urbaine, appuy\u00e9 par plusieurs jeunes volontaires et d&rsquo;autres m\u00e9c\u00e8nes, Abdoulaye Diallo a entam\u00e9 le nettoyage des terrains de sports.<\/p>\n\n\n\n<figure class=\"wp-block-image\"><img loading=\"lazy\" decoding=\"async\" width=\"1024\" height=\"768\" src=\"http:\/\/www.friaguinee.net\/wp-content\/uploads\/2020\/06\/Photo_1591807476881-1024x768.jpg\" alt=\"\" class=\"wp-image-21027\" srcset=\"https:\/\/www.friaguinee.net\/wp-content\/uploads\/2020\/06\/Photo_1591807476881-1024x768.jpg 1024w, https:\/\/www.friaguinee.net\/wp-content\/uploads\/2020\/06\/Photo_1591807476881-300x225.jpg 300w, https:\/\/www.friaguinee.net\/wp-content\/uploads\/2020\/06\/Photo_1591807476881-768x576.jpg 768w, https:\/\/www.friaguinee.net\/wp-content\/uploads\/2020\/06\/Photo_1591807476881-80x60.jpg 80w, https:\/\/www.friaguinee.net\/wp-content\/uploads\/2020\/06\/Photo_1591807476881-265x198.jpg 265w, https:\/\/www.friaguinee.net\/wp-content\/uploads\/2020\/06\/Photo_1591807476881-696x522.jpg 696w, https:\/\/www.friaguinee.net\/wp-content\/uploads\/2020\/06\/Photo_1591807476881-1068x801.jpg 1068w, https:\/\/www.friaguinee.net\/wp-content\/uploads\/2020\/06\/Photo_1591807476881-560x420.jpg 560w, https:\/\/www.friaguinee.net\/wp-content\/uploads\/2020\/06\/Photo_1591807476881.jpg 1080w\" sizes=\"auto, (max-width: 1024px) 100vw, 1024px\" \/><\/figure>\n\n\n\n<p>Consid\u00e9r\u00e9 comme vitrine de la cit\u00e9, le \u00ab\u00a0Plateau\u00a0\u00bb qui abrite les terrains de jeux notamment ceux du Basket-ball et de Volley-ball, offre une image peu reluisante aux visiteurs. Des tas d&rsquo;immondices jonchent les recoins des terrains, ce en d\u00e9pit de la r\u00e9novation que ARSYF leur a offert au mois de d\u00e9cembre.\u00a0<\/p>\n\n\n\n<p>Pour redorer son image d&rsquo;antan, des jeunes, munis de pelles, r\u00e2teaux, brouettes, cache-nez, des dabas et des coupes-coupes, ont ralli\u00e9 ces terrains ce mercredi 10 juin 2020.<\/p>\n\n\n\n<p>&lt;&lt; <strong><em>Je suis un \u00e9lu local aujourd&rsquo;hui sinon depuis deux ans j\u2019ai constat\u00e9 un fait durable dans la cit\u00e9, je ne peux pas rester indiff\u00e9rent par rapport \u00e0 cette situation qui est l\u2019insalubrit\u00e9 de la ville cette ville devenue aujourd\u2019hui un d\u00e9potoir. Partout o\u00f9 vous allez, vous voyez la m\u00eame chose: des tas d\u2019ordures. Donc constatant cela je me suis dit en temps que \u00e9lu local il faut que je fasse quelque chose, c\u2019est pourquoi ce matin j\u2019ai appel\u00e9 la jeunesse consciente qui a accept\u00e9 de nous\u00a0 rejoindre pour ramasser et assainir la ville de Fria. On a commenc\u00e9 par la vitrine de cette ville qui n\u2019est autre que le terrain de basket-ball, de volley-ball et le plateau. Vous constaterez qu\u2019il y a des citoyens malencontreusement qui viennent d\u00e9poser les ordures \u00e7a et l\u00e0, \u00e0 la vitrine m\u00eame de Fria, ce n&rsquo;est pas propre. Nous avons commenc\u00e9 \u00e0 assainir la ville, on continuera demain, apr\u00e8s-demain, le temps qu&rsquo;il faudra inchallah<\/em><\/strong> >>>\u00a0 \u00a0a d\u00e9clar\u00e9 Abdoulaye Diallo.<\/p>\n\n\n\n<figure class=\"wp-block-image\"><img loading=\"lazy\" decoding=\"async\" width=\"1024\" height=\"768\" src=\"http:\/\/www.friaguinee.net\/wp-content\/uploads\/2020\/06\/Photo_1591807476552-1024x768.jpg\" alt=\"\" class=\"wp-image-21024\" srcset=\"https:\/\/www.friaguinee.net\/wp-content\/uploads\/2020\/06\/Photo_1591807476552-1024x768.jpg 1024w, https:\/\/www.friaguinee.net\/wp-content\/uploads\/2020\/06\/Photo_1591807476552-300x225.jpg 300w, https:\/\/www.friaguinee.net\/wp-content\/uploads\/2020\/06\/Photo_1591807476552-768x576.jpg 768w, https:\/\/www.friaguinee.net\/wp-content\/uploads\/2020\/06\/Photo_1591807476552-80x60.jpg 80w, https:\/\/www.friaguinee.net\/wp-content\/uploads\/2020\/06\/Photo_1591807476552-265x198.jpg 265w, https:\/\/www.friaguinee.net\/wp-content\/uploads\/2020\/06\/Photo_1591807476552-696x522.jpg 696w, https:\/\/www.friaguinee.net\/wp-content\/uploads\/2020\/06\/Photo_1591807476552-1068x801.jpg 1068w, https:\/\/www.friaguinee.net\/wp-content\/uploads\/2020\/06\/Photo_1591807476552-560x420.jpg 560w, https:\/\/www.friaguinee.net\/wp-content\/uploads\/2020\/06\/Photo_1591807476552.jpg 1080w\" sizes=\"auto, (max-width: 1024px) 100vw, 1024px\" \/><\/figure>\n\n\n\n<p>Tout en pr\u00e9cisant que son action s&rsquo;inscrit dans le cadre citoyen, en son nom personnel, le jeune \u00e9lu en appelle \u00e0 l&rsquo;esprit de civisme de tous.<\/p>\n\n\n\n<p>&lt;&lt; <strong><em>Mon souhait c&rsquo;est que tout le monde s&rsquo;implique. Nous ne devons pas laisser les gens jeter les ordures \u00e0 ces endroits. Nous devons comprendre que c&rsquo;est nous qui devons nettoyer notre ville, en se donnant les mains nous allons forc\u00e9ment r\u00e9ussir<\/em><\/strong> &gt;&gt; indique le conseille communal.<\/p>\n\n\n\n<p>Bien que la volont\u00e9 des jeunes se manifestent, l&rsquo;implication des autorit\u00e9s communales est n\u00e9cessaire. C&rsquo;est pourquoi, Abdoulaye Diallo, les invite \u00e0 prendre leur responsabilit\u00e9.<\/p>\n\n\n\n<p>&lt;&lt; <strong><em>Il faut que la mairie aussi s\u2019implique pour prendre des mesures, sinon s\u2019il n&rsquo; ya pas de sanctions pour que les gens arr\u00eatent de jeter les ordures partout, \u00e7a ne sera pas facile. On a la volont\u00e9 de faire ce que l&rsquo;on peut pour notre ville mais il faut que l\u2019autorit\u00e9 communale agisse. On est plus au temps du fatalisme, il faut qu&rsquo;on arr\u00eate d\u2019\u00eatre fataliste et mettre en place des projets pour redorer le blason<\/em><\/strong> >> lance l&rsquo;initiateur de ce projet de nettoyage.\u00a0<\/p>\n\n\n\n<figure class=\"wp-block-image\"><img loading=\"lazy\" decoding=\"async\" width=\"1024\" height=\"768\" src=\"http:\/\/www.friaguinee.net\/wp-content\/uploads\/2020\/06\/Photo_1591807477225-1024x768.jpg\" alt=\"\" class=\"wp-image-21026\" srcset=\"https:\/\/www.friaguinee.net\/wp-content\/uploads\/2020\/06\/Photo_1591807477225-1024x768.jpg 1024w, https:\/\/www.friaguinee.net\/wp-content\/uploads\/2020\/06\/Photo_1591807477225-300x225.jpg 300w, https:\/\/www.friaguinee.net\/wp-content\/uploads\/2020\/06\/Photo_1591807477225-768x576.jpg 768w, https:\/\/www.friaguinee.net\/wp-content\/uploads\/2020\/06\/Photo_1591807477225-80x60.jpg 80w, https:\/\/www.friaguinee.net\/wp-content\/uploads\/2020\/06\/Photo_1591807477225-265x198.jpg 265w, https:\/\/www.friaguinee.net\/wp-content\/uploads\/2020\/06\/Photo_1591807477225-696x522.jpg 696w, https:\/\/www.friaguinee.net\/wp-content\/uploads\/2020\/06\/Photo_1591807477225-1068x801.jpg 1068w, https:\/\/www.friaguinee.net\/wp-content\/uploads\/2020\/06\/Photo_1591807477225-560x420.jpg 560w, https:\/\/www.friaguinee.net\/wp-content\/uploads\/2020\/06\/Photo_1591807477225.jpg 1080w\" sizes=\"auto, (max-width: 1024px) 100vw, 1024px\" \/><\/figure>\n\n\n\n<p>Cet acte hautement salu\u00e9 par la population enti\u00e8re, doit s\u2019inscrire dans la dur\u00e9e,&nbsp;avec une forte implication non seulement des autorit\u00e9s \u00e0 tous les niveaux, mais aussi des associations de jeunesse afin de gagner le pari \u00ab\u00a0FRIA VILLE PROPRE\u00a0\u00bb.<\/p>\n\n\n\n<p><strong>Alimou Gaoual Bah pour friaguinee.net <\/strong><\/p>\n","protected":false},"excerpt":{"rendered":"<p>Apr\u00e8s avoir initi\u00e9 le bouchage des nids de poules \u00e0 travers les axes routiers de la commune urbaine, appuy\u00e9 par plusieurs jeunes volontaires et d&rsquo;autres m\u00e9c\u00e8nes, Abdoulaye Diallo a entam\u00e9 le nettoyage des terrains de sports. Consid\u00e9r\u00e9 comme vitrine de la cit\u00e9, le \u00ab\u00a0Plateau\u00a0\u00bb qui abrite les terrains de jeux notamment ceux du Basket-ball et [&hellip;]<\/p>\n","protected":false},"author":2,"featured_media":21025,"comment_status":"open","ping_status":"open","sticky":false,"template":"","format":"standard","meta":{"footnotes":""},"categories":[3],"tags":[49],"class_list":["post-21023","post","type-post","status-publish","format-standard","has-post-thumbnail","hentry","category-societe","tag-fria"],"_links":{"self":[{"href":"https:\/\/www.friaguinee.net\/index.php\/wp-json\/wp\/v2\/posts\/21023","targetHints":{"allow":["GET"]}}],"collection":[{"href":"https:\/\/www.friaguinee.net\/index.php\/wp-json\/wp\/v2\/posts"}],"about":[{"href":"https:\/\/www.friaguinee.net\/index.php\/wp-json\/wp\/v2\/types\/post"}],"author":[{"embeddable":true,"href":"https:\/\/www.friaguinee.net\/index.php\/wp-json\/wp\/v2\/users\/2"}],"replies":[{"embeddable":true,"href":"https:\/\/www.friaguinee.net\/index.php\/wp-json\/wp\/v2\/comments?post=21023"}],"version-history":[{"count":2,"href":"https:\/\/www.friaguinee.net\/index.php\/wp-json\/wp\/v2\/posts\/21023\/revisions"}],"predecessor-version":[{"id":21030,"href":"https:\/\/www.friaguinee.net\/index.php\/wp-json\/wp\/v2\/posts\/21023\/revisions\/21030"}],"wp:featuredmedia":[{"embeddable":true,"href":"https:\/\/www.friaguinee.net\/index.php\/wp-json\/wp\/v2\/media\/21025"}],"wp:attachment":[{"href":"https:\/\/www.friaguinee.net\/index.php\/wp-json\/wp\/v2\/media?parent=21023"}],"wp:term":[{"taxonomy":"category","embeddable":true,"href":"https:\/\/www.friaguinee.net\/index.php\/wp-json\/wp\/v2\/categories?post=21023"},{"taxonomy":"post_tag","embeddable":true,"href":"https:\/\/www.friaguinee.net\/index.php\/wp-json\/wp\/v2\/tags?post=21023"}],"curies":[{"name":"wp","href":"https:\/\/api.w.org\/{rel}","templated":true}]}}