{"id":20845,"date":"2020-06-07T15:27:53","date_gmt":"2020-06-07T15:27:53","guid":{"rendered":"http:\/\/www.friaguinee.net\/?p=20845"},"modified":"2020-06-07T17:00:42","modified_gmt":"2020-06-07T17:00:42","slug":"urgent-guinee-le-ministre-de-la-sante-teste-positif-au-covid-19","status":"publish","type":"post","link":"https:\/\/www.friaguinee.net\/index.php\/2020\/06\/07\/urgent-guinee-le-ministre-de-la-sante-teste-positif-au-covid-19\/","title":{"rendered":"Urgent\/Guin\u00e9e: le Ministre de la sant\u00e9 test\u00e9 positif au Covid-19"},"content":{"rendered":"\n<p>La nouvelle vient de tomber ! Le Ministre de la sant\u00e9, m\u00e9decin colonel R\u00e9my Lamah est test\u00e9 positif au Covid-19. <\/p>\n\n\n\n<p><strong>Ci-dessous le message qu&rsquo;il a publi\u00e9 sur sa page Facebook <\/strong><\/p>\n\n\n\n<p>Je viens d&rsquo;\u00eatre test\u00e9 positif \u00e0 la #Covid19.<\/p>\n\n\n\n<p>Chers concitoyens, je suis au regret de vous annoncer que mon r\u00e9cent test me confirme positif \u00e0 la Covid 19.<\/p>\n\n\n\n<p>Il est \u00e0 noter que notre fonction nous place en 1ere ligne du dispositif de lutte contre cette pand\u00e9mie.<br>\nAinsi nous et nos \u00e9quipes, bien que respectant scrupuleusement les gestes barri\u00e8res restons toujours expos\u00e9s<\/p>\n\n\n\n<p>Ainsi, nous faisons  souvent des tests pour v\u00e9rifier notre statut et prot\u00e9ger notre entourage. C&rsquo;est alors que viennent de m&rsquo;\u00eatre communiqu\u00e9s les r\u00e9sultats de mon r\u00e9cent test effectu\u00e9 seulement hier.<\/p>\n\n\n\n<p>C&rsquo;est le lieu pour moi de vous rappeler \u00e0 toutes et \u00e0 tous, la n\u00e9cessit\u00e9 de vous prot\u00e9ger et de prot\u00e9ger votre entourage, en respectant scrupuleusement les gestes barri\u00e8res.<\/p>\n\n\n\n<p>Prenez soin de vous et que Dieu vous garde.<\/p>\n","protected":false},"excerpt":{"rendered":"<p>La nouvelle vient de tomber ! Le Ministre de la sant\u00e9, m\u00e9decin colonel R\u00e9my Lamah est test\u00e9 positif au Covid-19. Ci-dessous le message qu&rsquo;il a publi\u00e9 sur sa page Facebook Je viens d&rsquo;\u00eatre test\u00e9 positif \u00e0 la #Covid19. Chers concitoyens, je suis au regret de vous annoncer que mon r\u00e9cent test me confirme positif \u00e0 [&hellip;]<\/p>\n","protected":false},"author":2,"featured_media":20847,"comment_status":"open","ping_status":"open","sticky":false,"template":"","format":"standard","meta":{"footnotes":""},"categories":[2],"tags":[2582,3944,2616,3089],"class_list":["post-20845","post","type-post","status-publish","format-standard","has-post-thumbnail","hentry","category-actualites","tag-covid-19","tag-ministre-de-la-sante","tag-positif","tag-remy-lamah"],"_links":{"self":[{"href":"https:\/\/www.friaguinee.net\/index.php\/wp-json\/wp\/v2\/posts\/20845","targetHints":{"allow":["GET"]}}],"collection":[{"href":"https:\/\/www.friaguinee.net\/index.php\/wp-json\/wp\/v2\/posts"}],"about":[{"href":"https:\/\/www.friaguinee.net\/index.php\/wp-json\/wp\/v2\/types\/post"}],"author":[{"embeddable":true,"href":"https:\/\/www.friaguinee.net\/index.php\/wp-json\/wp\/v2\/users\/2"}],"replies":[{"embeddable":true,"href":"https:\/\/www.friaguinee.net\/index.php\/wp-json\/wp\/v2\/comments?post=20845"}],"version-history":[{"count":2,"href":"https:\/\/www.friaguinee.net\/index.php\/wp-json\/wp\/v2\/posts\/20845\/revisions"}],"predecessor-version":[{"id":20860,"href":"https:\/\/www.friaguinee.net\/index.php\/wp-json\/wp\/v2\/posts\/20845\/revisions\/20860"}],"wp:featuredmedia":[{"embeddable":true,"href":"https:\/\/www.friaguinee.net\/index.php\/wp-json\/wp\/v2\/media\/20847"}],"wp:attachment":[{"href":"https:\/\/www.friaguinee.net\/index.php\/wp-json\/wp\/v2\/media?parent=20845"}],"wp:term":[{"taxonomy":"category","embeddable":true,"href":"https:\/\/www.friaguinee.net\/index.php\/wp-json\/wp\/v2\/categories?post=20845"},{"taxonomy":"post_tag","embeddable":true,"href":"https:\/\/www.friaguinee.net\/index.php\/wp-json\/wp\/v2\/tags?post=20845"}],"curies":[{"name":"wp","href":"https:\/\/api.w.org\/{rel}","templated":true}]}}