{"id":20724,"date":"2020-06-04T19:18:00","date_gmt":"2020-06-04T19:18:00","guid":{"rendered":"http:\/\/www.friaguinee.net\/?p=20724"},"modified":"2020-06-04T19:18:02","modified_gmt":"2020-06-04T19:18:02","slug":"conakry-remise-officielle-de-la-maison-des-jeunes-renovee-de-matam-et-des-equipements-pour-les-dcj","status":"publish","type":"post","link":"https:\/\/www.friaguinee.net\/index.php\/2020\/06\/04\/conakry-remise-officielle-de-la-maison-des-jeunes-renovee-de-matam-et-des-equipements-pour-les-dcj\/","title":{"rendered":"Conakry: remise officielle de la maison des jeunes r\u00e9nov\u00e9e de Matam et des \u00e9quipements pour les DCJ"},"content":{"rendered":"\n<p>Le Ministre de la Jeunesse et de l&rsquo;Emploi des Jeunes Mouctar DIALLO a proc\u00e9d\u00e9 \u00e0 la remise officielle de la maison des jeunes de Matam r\u00e9nov\u00e9e gr\u00e2ce \u00e0 l&rsquo;appui du programme INTEGRA-Enabel, d&rsquo;un  v\u00e9hicule 4\u00d74 au point focal, de 6 motos et d&rsquo;\u00e9quipements informatiques aux 5 Directeurs communaux de la jeunesse et au directeur pr\u00e9fectoral de la Jeunesse de Coyah.<\/p>\n\n\n\n<figure class=\"wp-block-image\"><img loading=\"lazy\" decoding=\"async\" width=\"720\" height=\"540\" src=\"http:\/\/www.friaguinee.net\/wp-content\/uploads\/2020\/06\/FB_IMG_1591297642315.jpg\" alt=\"\" class=\"wp-image-20725\" srcset=\"https:\/\/www.friaguinee.net\/wp-content\/uploads\/2020\/06\/FB_IMG_1591297642315.jpg 720w, https:\/\/www.friaguinee.net\/wp-content\/uploads\/2020\/06\/FB_IMG_1591297642315-300x225.jpg 300w, https:\/\/www.friaguinee.net\/wp-content\/uploads\/2020\/06\/FB_IMG_1591297642315-80x60.jpg 80w, https:\/\/www.friaguinee.net\/wp-content\/uploads\/2020\/06\/FB_IMG_1591297642315-265x198.jpg 265w, https:\/\/www.friaguinee.net\/wp-content\/uploads\/2020\/06\/FB_IMG_1591297642315-696x522.jpg 696w, https:\/\/www.friaguinee.net\/wp-content\/uploads\/2020\/06\/FB_IMG_1591297642315-560x420.jpg 560w\" sizes=\"auto, (max-width: 720px) 100vw, 720px\" \/><\/figure>\n\n\n\n<p>La c\u00e9r\u00e9monie s&rsquo;est d\u00e9roul\u00e9e en pr\u00e9sence de la repr\u00e9sentante pays d&rsquo;Enabel, du maire de Matam, de la secr\u00e9taire g\u00e9n\u00e9rale du minist\u00e8re du commerce et des cadres du minist\u00e8re de la jeunesse et de l&rsquo;Emploi des Jeunes. <\/p>\n\n\n\n<figure class=\"wp-block-image\"><img loading=\"lazy\" decoding=\"async\" width=\"720\" height=\"540\" src=\"http:\/\/www.friaguinee.net\/wp-content\/uploads\/2020\/06\/FB_IMG_1591297645989.jpg\" alt=\"\" class=\"wp-image-20726\" srcset=\"https:\/\/www.friaguinee.net\/wp-content\/uploads\/2020\/06\/FB_IMG_1591297645989.jpg 720w, https:\/\/www.friaguinee.net\/wp-content\/uploads\/2020\/06\/FB_IMG_1591297645989-300x225.jpg 300w, https:\/\/www.friaguinee.net\/wp-content\/uploads\/2020\/06\/FB_IMG_1591297645989-80x60.jpg 80w, https:\/\/www.friaguinee.net\/wp-content\/uploads\/2020\/06\/FB_IMG_1591297645989-265x198.jpg 265w, https:\/\/www.friaguinee.net\/wp-content\/uploads\/2020\/06\/FB_IMG_1591297645989-696x522.jpg 696w, https:\/\/www.friaguinee.net\/wp-content\/uploads\/2020\/06\/FB_IMG_1591297645989-560x420.jpg 560w\" sizes=\"auto, (max-width: 720px) 100vw, 720px\" \/><\/figure>\n\n\n\n<p>Dans son discours de circonstance, le Ministre de la Jeunesse a rassur\u00e9 les partenaires que la maison des jeunes qui vient d&rsquo;\u00eatre r\u00e9nov\u00e9e, les \u00e9quipements mis \u00e0 disposition pour le renforcement des capacit\u00e9s des services centraux et d\u00e9concentr\u00e9s de son d\u00e9partement seront utilis\u00e9s au meilleur profit de la jeunesse guin\u00e9enne.<\/p>\n\n\n\n<p>CCMJEJ<\/p>\n","protected":false},"excerpt":{"rendered":"<p>Le Ministre de la Jeunesse et de l&rsquo;Emploi des Jeunes Mouctar DIALLO a proc\u00e9d\u00e9 \u00e0 la remise officielle de la maison des jeunes de Matam r\u00e9nov\u00e9e gr\u00e2ce \u00e0 l&rsquo;appui du programme INTEGRA-Enabel, d&rsquo;un v\u00e9hicule 4\u00d74 au point focal, de 6 motos et d&rsquo;\u00e9quipements informatiques aux 5 Directeurs communaux de la jeunesse et au directeur pr\u00e9fectoral [&hellip;]<\/p>\n","protected":false},"author":2,"featured_media":20727,"comment_status":"open","ping_status":"open","sticky":false,"template":"","format":"standard","meta":{"footnotes":""},"categories":[3899],"tags":[50,1813,118,820,3900,1784,347],"class_list":["post-20724","post","type-post","status-publish","format-standard","has-post-thumbnail","hentry","category-jeunesse","tag-conakry","tag-equipements","tag-maison-des-jeunes","tag-matam","tag-mouctar-dialli","tag-mouctar-diallo","tag-remise"],"_links":{"self":[{"href":"https:\/\/www.friaguinee.net\/index.php\/wp-json\/wp\/v2\/posts\/20724","targetHints":{"allow":["GET"]}}],"collection":[{"href":"https:\/\/www.friaguinee.net\/index.php\/wp-json\/wp\/v2\/posts"}],"about":[{"href":"https:\/\/www.friaguinee.net\/index.php\/wp-json\/wp\/v2\/types\/post"}],"author":[{"embeddable":true,"href":"https:\/\/www.friaguinee.net\/index.php\/wp-json\/wp\/v2\/users\/2"}],"replies":[{"embeddable":true,"href":"https:\/\/www.friaguinee.net\/index.php\/wp-json\/wp\/v2\/comments?post=20724"}],"version-history":[{"count":1,"href":"https:\/\/www.friaguinee.net\/index.php\/wp-json\/wp\/v2\/posts\/20724\/revisions"}],"predecessor-version":[{"id":20728,"href":"https:\/\/www.friaguinee.net\/index.php\/wp-json\/wp\/v2\/posts\/20724\/revisions\/20728"}],"wp:featuredmedia":[{"embeddable":true,"href":"https:\/\/www.friaguinee.net\/index.php\/wp-json\/wp\/v2\/media\/20727"}],"wp:attachment":[{"href":"https:\/\/www.friaguinee.net\/index.php\/wp-json\/wp\/v2\/media?parent=20724"}],"wp:term":[{"taxonomy":"category","embeddable":true,"href":"https:\/\/www.friaguinee.net\/index.php\/wp-json\/wp\/v2\/categories?post=20724"},{"taxonomy":"post_tag","embeddable":true,"href":"https:\/\/www.friaguinee.net\/index.php\/wp-json\/wp\/v2\/tags?post=20724"}],"curies":[{"name":"wp","href":"https:\/\/api.w.org\/{rel}","templated":true}]}}