{"id":19646,"date":"2020-05-16T17:40:25","date_gmt":"2020-05-16T17:40:25","guid":{"rendered":"http:\/\/www.friaguinee.net\/?p=19646"},"modified":"2020-05-16T17:40:27","modified_gmt":"2020-05-16T17:40:27","slug":"coronavirus-la-fin-dun-monde-par-mamadi-camara","status":"publish","type":"post","link":"https:\/\/www.friaguinee.net\/index.php\/2020\/05\/16\/coronavirus-la-fin-dun-monde-par-mamadi-camara\/","title":{"rendered":"Coronavirus: la fin d&rsquo;un monde ? (Par Mamadi Camara"},"content":{"rendered":"\n<p>L\u2019impensable s\u2019est donc produit : un virus est parvenu \u00e0 mettre toute la plan\u00e8te \u00e0 l\u2019arr\u00eat, \u00e0 plonger le monde dans la r\u00e9cession, et toute notre technologie et nos connaissances n\u2019ont rien pu y faire. Serons-nous capables d\u2019en tirer les le\u00e7ons&nbsp;?<\/p>\n\n\n\n<p>Province de Wuhan, d\u00e9cembre 2019&nbsp;: une \u00e9pid\u00e9mie de coronavirus, le Covid-19, se d\u00e9clare et met \u00e0 rude \u00e9preuve les infrastructures sanitaires de la R\u00e9publique populaire de Chine. Le gouvernement chinois emploie alors les grands moyens \u00e0 travers un arsenal de mesures de pr\u00e9vention et de traitement des malades&nbsp;: confinement, mesures barri\u00e8res, et construction en une semaine d\u2019un&nbsp; immense h\u00f4pital pour traiter les malades.<\/p>\n\n\n\n<p>Alors que tout le monde pensait que l\u2019\u00e9pid\u00e9mie serait ma\u00eetris\u00e9e en Chine et ne s\u2019\u00e9tendrait pas au reste du monde, d\u00e8s janvier 2020,&nbsp;<a href=\"https:\/\/www.jeuneafrique.com\/896745\/societe\/coronavirus-un-premier-cas-en-afrique-selon-le-ministere-egyptien-de-la-sante\/\">d\u2019autres pays enregistrent leurs premiers cas de Covid-19<\/a>. Cette maladie respiratoire, extr\u00eamement contagieuse, se r\u00e9pand rapidement dans le monde entier. D\u2019\u00e9pid\u00e9mie, elle devient une pand\u00e9mie qui s\u2019\u00e9tend en f\u00e9vrier et mars \u00e0 l\u2019Asie, l\u2019Europe, l\u2019Am\u00e9rique et l\u2019Afrique ainsi qu\u2019\u00e0 l\u2019Australie.<\/p>\n\n\n\n<h2 class=\"wp-block-heading\">Le monde \u00e0 l\u2019arr\u00eat<\/h2>\n\n\n\n<p>Dans cette \u00e8re de mondialisation, les mouvements de personnes,&nbsp;<a href=\"https:\/\/www.jeuneafrique.com\/889706\/economie\/coronavirus-lafrique-met-la-chine-en-quarantaine\/\">notamment les voyages par avion<\/a>, ont constitu\u00e9 un puissant vecteur de propagation du virus, les rassemblements dans les stades et autres \u00e9v\u00e9nements de masse ayant fait le reste.<\/p>\n\n\n\n<p>Au cours des quatre premiers mois de 2020, le monde entier est \u00e0 l\u2019arr\u00eat. Derri\u00e8re les fronti\u00e8res closes, de nombreux pays prennent des mesures de confinement partiel ou total pour endiguer la propagation du virus et ma\u00eetriser les cha\u00eenes de contamination. Les \u00e9coles et les usines sont ferm\u00e9es, les regroupements de foule limit\u00e9s, les avions clou\u00e9s au sol, les trains immobilis\u00e9s dans les gares. Pas une \u00e2me sur les c\u00e9l\u00e8bres avenues, ni sur la Cinqui\u00e8me \u00e0 Manhattan, ni \u00e0 Times Square, ni m\u00eame sur les Champs-\u00c9lys\u00e9es.<\/p>\n\n\n\n<p>Pour la premi\u00e8re fois, sans doute, les lieux de culte sont ferm\u00e9s&nbsp;pour \u00e9viter les regroupements de personnes : les \u00e9glises demeurent vides m\u00eame pendant les f\u00eates pascales (P\u00e2ques est pourtant la f\u00eate la plus importante de la religion chr\u00e9tienne), ainsi que les lieux saints de la Mecque pendant le ramadan.<\/p>\n\n\n\n<h3 class=\"wp-block-heading\">Sans pr\u00e9c\u00e9dent<\/h3>\n\n\n\n<p>Cette crise sanitaire plan\u00e9taire donne une image apocalyptique de notre monde pourtant largement post-industriel, un monde o\u00f9 la science a fait des progr\u00e8s immenses au point, pour l\u2019homme, de penser s\u00e9rieusement \u00e0 l\u2019immortalit\u00e9. Comment un virus peut-il mettre \u00e0 si rude \u00e9preuve les infrastructures sanitaires des nations les plus d\u00e9velopp\u00e9es comme les \u00c9tats-Unis et les pays d\u2019Europe&nbsp;?<\/p>\n\n\n\n<p>L\u2019on s\u2019est subitement rendu compte de l\u2019insuffisance des \u00e9quipements de protection du personnel soignant, des appareils respiratoires, des masques de protection et des capacit\u00e9s d\u2019accueil des malades dans les h\u00f4pitaux occidentaux. Qu\u2019arrive-t-il \u00e0 notre univers \u00e0 l\u2019\u00e2ge du num\u00e9rique, de l\u2019intelligence artificielle et des trains \u00e0 grande vitesse&nbsp;?<\/p>\n\n\n\n<blockquote class=\"wp-block-quote is-layout-flow wp-block-quote-is-layout-flow\"><p>NI LES GRANDES PAND\u00c9MIES DE PESTE EN EUROPE, NI LA GRANDE D\u00c9PRESSION DE 1929, NI M\u00caME LA CRISE DE 2008 N\u2019ONT EU UNE TELLE ENVERGURE GLOBALE<\/p><\/blockquote>\n\n\n\n<p>Acc\u00e9dez en illimit\u00e9 \u00e0 Jeune Afrique Digital&nbsp;Pour 1\u20ac le premier mois<\/p>\n\n\n\n<p>puis 7,99\u20ac\/mois, sans engagement&nbsp;Pour 79,99\u20ac\/an<\/p>\n\n\n\n<p>(payez en une fois et profitez de 2 mois offerts !)labelJE M&rsquo;ABONNE<\/p>\n\n\n\n<p>1 minute suffit pour vous abonner \u00e0 Jeune Afrique Digital !<\/p>\n\n\n\n<ul class=\"wp-block-list\"><li>+&nbsp;d&rsquo;analyses<\/li><li>+&nbsp;d&rsquo;informations exclusives<\/li><li>+&nbsp;de d\u00e9bats<\/li><li>+&nbsp;d&rsquo;historique&nbsp;(2 ans d&rsquo;archives)<\/li><li>+&nbsp;d&rsquo;avant-premi\u00e8re<\/li><li>+&nbsp;de formats&nbsp;(site web, 2 applis, 2 newsletters)<\/li><\/ul>\n\n\n\n<p>Le monde n\u2019a jamais connu, par le pass\u00e9,&nbsp;un tel spectacle d\u2019apocalypse. En effet, ni les grandes pand\u00e9mies de peste en Europe du XIVe au XIXe si\u00e8cle, ni la grande d\u00e9pression de 1929, ni m\u00eame la crise de 2008 n\u2019ont eu une telle envergure globale, n\u2019ont mis le monde entier \u00e0 l\u2019arr\u00eat. Pendant les \u00e9pid\u00e9mies de peste, on pouvait tuer les rats dans les b\u00e2timents car ces rongeurs ont toujours \u00e9t\u00e9 des commensaux de l\u2019homme. Mais le virus actuel est invisible et se colle \u00e0 toutes les surfaces \u2013 m\u00e9tal, bois, tissu, papier \u2013 et y survit pendant longtemps.<\/p>\n\n\n\n<p>Notre civilisation de masse est remise en cause&nbsp;: la distanciation sociale contrarie notre instinct gr\u00e9gaire&nbsp;et le port du masque nous rend m\u00e9connaissables ; les a\u00e9rogares, les bouches de m\u00e9tro, les avenues, les lieux de spectacles, d\u2019habitude bond\u00e9s, ont fait place \u00e0 des rues d\u00e9sertes, des a\u00e9roports sans avions, des gares avec des trains immobilis\u00e9s, des salles de spectacles ferm\u00e9es et des usines closes, donnant ainsi une image de fin du monde.<\/p>\n\n\n\n<h4 class=\"wp-block-heading\">Dommages directs et collat\u00e9raux<\/h4>\n\n\n\n<p>Les cons\u00e9quences de cette terrible pand\u00e9mie seront d\u00e9sastreuses \u00e0 la fois sur le plan humain et \u00e9conomique. Depuis le 28 avril, on compte plus de morts li\u00e9s au Covid-19 aux \u00c9tats-Unis que pendant la guerre du Vietnam, qui a dur\u00e9 vingt ans (1955-1975), selon l\u2019Universit\u00e9 John Hopkins. Au 15 mai 2020, le monde comptait plus de 4 millions de personnes contamin\u00e9es et pr\u00e8s de 300 000 d\u00e9c\u00e8s, selon la m\u00eame universit\u00e9 am\u00e9ricaine. Le continent africain, quant \u00e0 lui, enregistre un peu plus de 75 000 cas pour 2 500 d\u00e9c\u00e8s, montrant ainsi, pour le moment, une certaine r\u00e9sistance. La Guin\u00e9e, pour sa part, compte 2 400 cas confirm\u00e9s et 14 d\u00e9c\u00e8s.<\/p>\n\n\n\n<blockquote class=\"wp-block-quote is-layout-flow wp-block-quote-is-layout-flow\"><p>L\u2019HOMME DU XXIE SI\u00c8CLE, SI PUISSANT, SI AVANC\u00c9 SUR LES PLANS SCIENTIFIQUE, TECHNIQUE ET TECHNOLOGIQUE SERAIT-IL INCAPABLE DE TROUVER UNE PARADE?<\/p><\/blockquote>\n\n\n\n<p>L\u2019\u00e9conomie mondiale entrera en r\u00e9cession avec un taux de croissance projet\u00e9 de -3,03 % en 2020 et l\u2019Afrique subsaharienne enregistrera un taux de croissance n\u00e9gatif de -1,56 %. Dans le cas de la Guin\u00e9e, les services du FMI tablent sur un recul du PIB \u00e0 2,4 % contre une pr\u00e9vision de 6,3 %. Les r\u00e9percussions sur les secteurs du tourisme et de l\u2019h\u00f4tellerie, et sur le transport a\u00e9rien seront de grande ampleur, comme le montrent d\u00e9j\u00e0 les premi\u00e8res faillites des compagnies a\u00e9riennes,\u00a0<a href=\"https:\/\/www.jeuneafrique.com\/mag\/866707\/economie\/afrique-du-sud-south-african-airways-en-pleine-descente-aux-enfers\/\">\u00e0 l\u2019instar de South African Airways<\/a>, et les pertes financi\u00e8res des avionneurs comme Airbus et Boeing, qui se chiffrent, avant m\u00eame la fin de la pand\u00e9mie, en milliards de dollars.<\/p>\n\n\n\n<p>Que s\u2019est-il pass\u00e9&nbsp;?&nbsp;L\u2019homme du XXIe si\u00e8cle, si puissant, si avanc\u00e9 sur les plans scientifique, technique et technologique serait-il incapable de trouver une parade \u00e0 ce tout petit virus&nbsp;? Est-ce la fin de ce monde qui a pourtant fait atterrir l\u2019homme sur la Lune&nbsp;et atteint l\u2019\u00e2ge du num\u00e9rique ? Malgr\u00e9 tous ces progr\u00e8s sans pr\u00e9c\u00e9dent, nous pouvons emprunter la pens\u00e9e de Paul Val\u00e9ry, et dire avec lui&nbsp;: \u00ab&nbsp;Nous autres, civilisations, nous savons maintenant que nous sommes mortelles. \u00bb<\/p>\n\n\n\n<p>D\u00e9sormais, il y aura le monde d\u2019avant le Covid-19 et un monde post-Covid-19. Dans la p\u00e9riode post-Covid-19, il va falloir rebattre les cartes, redessiner la mappemonde et la nouvelle culture qui en r\u00e9sultera. Ce sera un monde \u00e0 \u00e9conomie fortement fragilis\u00e9e, avec des taux de ch\u00f4mage \u00e9lev\u00e9s, des fermetures d\u2019usines, la reconfiguration des centres hospitaliers, la prudence dans les manipulations g\u00e9n\u00e9tiques et virales dans les laboratoires P4, l\u2019aggravation de la pauvret\u00e9 dans les pays en d\u00e9veloppement, l\u2019augmentation de la dette des pays, surtout ceux \u00e0 faible revenu, etc.<\/p>\n\n\n\n<p>Il nous faudra, tirant les le\u00e7ons de cette pand\u00e9mie, remettre l\u2019homme au c\u0153ur de la science et de l\u2019\u00e9conomie, donc repenser notre humanit\u00e9. Mais en serons-nous capables\u00a0?<\/p>\n\n\n\n<p><strong>Mamadi Camara, Ministre guin\u00e9en de l&rsquo;\u00e9conomie et des finances <\/strong><\/p>\n","protected":false},"excerpt":{"rendered":"<p>L\u2019impensable s\u2019est donc produit : un virus est parvenu \u00e0 mettre toute la plan\u00e8te \u00e0 l\u2019arr\u00eat, \u00e0 plonger le monde dans la r\u00e9cession, et toute notre technologie et nos connaissances n\u2019ont rien pu y faire. Serons-nous capables d\u2019en tirer les le\u00e7ons&nbsp;? Province de Wuhan, d\u00e9cembre 2019&nbsp;: une \u00e9pid\u00e9mie de coronavirus, le Covid-19, se d\u00e9clare et [&hellip;]<\/p>\n","protected":false},"author":2,"featured_media":19176,"comment_status":"open","ping_status":"open","sticky":false,"template":"","format":"standard","meta":{"footnotes":""},"categories":[153],"tags":[1733,3494],"class_list":["post-19646","post","type-post","status-publish","format-standard","has-post-thumbnail","hentry","category-opinion","tag-coronavirus","tag-mamadi-camara"],"_links":{"self":[{"href":"https:\/\/www.friaguinee.net\/index.php\/wp-json\/wp\/v2\/posts\/19646","targetHints":{"allow":["GET"]}}],"collection":[{"href":"https:\/\/www.friaguinee.net\/index.php\/wp-json\/wp\/v2\/posts"}],"about":[{"href":"https:\/\/www.friaguinee.net\/index.php\/wp-json\/wp\/v2\/types\/post"}],"author":[{"embeddable":true,"href":"https:\/\/www.friaguinee.net\/index.php\/wp-json\/wp\/v2\/users\/2"}],"replies":[{"embeddable":true,"href":"https:\/\/www.friaguinee.net\/index.php\/wp-json\/wp\/v2\/comments?post=19646"}],"version-history":[{"count":1,"href":"https:\/\/www.friaguinee.net\/index.php\/wp-json\/wp\/v2\/posts\/19646\/revisions"}],"predecessor-version":[{"id":19647,"href":"https:\/\/www.friaguinee.net\/index.php\/wp-json\/wp\/v2\/posts\/19646\/revisions\/19647"}],"wp:featuredmedia":[{"embeddable":true,"href":"https:\/\/www.friaguinee.net\/index.php\/wp-json\/wp\/v2\/media\/19176"}],"wp:attachment":[{"href":"https:\/\/www.friaguinee.net\/index.php\/wp-json\/wp\/v2\/media?parent=19646"}],"wp:term":[{"taxonomy":"category","embeddable":true,"href":"https:\/\/www.friaguinee.net\/index.php\/wp-json\/wp\/v2\/categories?post=19646"},{"taxonomy":"post_tag","embeddable":true,"href":"https:\/\/www.friaguinee.net\/index.php\/wp-json\/wp\/v2\/tags?post=19646"}],"curies":[{"name":"wp","href":"https:\/\/api.w.org\/{rel}","templated":true}]}}