{"id":18591,"date":"2020-05-02T11:12:44","date_gmt":"2020-05-02T11:12:44","guid":{"rendered":"http:\/\/www.friaguinee.net\/?p=18591"},"modified":"2020-05-02T11:12:47","modified_gmt":"2020-05-02T11:12:47","slug":"fria-education-plusieurs-eleves-prives-de-cours-a-distance-les-raisons","status":"publish","type":"post","link":"https:\/\/www.friaguinee.net\/index.php\/2020\/05\/02\/fria-education-plusieurs-eleves-prives-de-cours-a-distance-les-raisons\/","title":{"rendered":"Fria\/Education: plusieurs \u00e9l\u00e8ves priv\u00e9s de cours \u00e0 distance (Les raisons)"},"content":{"rendered":"\n<p>Les cours \u00e0 distance initi\u00e9s par le minist\u00e8re de l&rsquo;\u00e9ducation nationale et de l&rsquo;alphab\u00e9tisation pour combler le vide cr\u00e9\u00e9 par la fermeture des classes occasionn\u00e9e par la propagation de la maladie \u00e0 coronavirus dans le pays, a d\u00e9marr\u00e9 le lundi 27 avril 2020.<\/p>\n\n\n\n<p>Ces cours dispens\u00e9s via la radio nationale pour la 6\u00e8me ann\u00e9e et la t\u00e9l\u00e9vision pour les 10\u00e8me et Terminales, ne sont pas accessibles \u00e0 certains \u00e9l\u00e8ves de la cit\u00e9 de l&rsquo;alumine. En cause, la non ma\u00eetrise de l&#8217;emploi du temps, les coupures intempestives du courant \u00e9lectrique, des probl\u00e8mes techniques souvent signal\u00e9s \u00e0 la radio rurale.<\/p>\n\n\n\n<p>Une semaine apr\u00e8s le d\u00e9marrage des cours, des \u00e9l\u00e8ves peinent encore \u00e0 en b\u00e9n\u00e9ficier. C&rsquo;est le cas de Hadja Soba Bangoura,  \u00e9l\u00e8ve de la 6\u00e8me ann\u00e9e au groupe scolaire \u00ab\u00a0La vision\u00a0\u00bb.<\/p>\n\n\n\n<p>\u00a0\u00bb <strong><em>Depuis qu&rsquo;ils ont commenc\u00e9 ces cours, moi je n&rsquo;ai pas eu la chance de les suivre parce que je ne connais pas le programme, je ne sais pas \u00e0 quelle heure les cours de la 6\u00e8me ann\u00e9e sont diffus\u00e9es, je ne sais si c&rsquo;est \u00e0 la radio ou \u00e0 la t\u00e9l\u00e9vision.  Je ne sais comment je vais m&rsquo;en sortir si on dit qu&rsquo;il y aura examen d&rsquo;entr\u00e9e en 7\u00e8me ann\u00e9e. Je demande \u00e0 l&rsquo;Etat de nous aider nous aussi \u00e0 profiter de ces cours<\/em><\/strong>\u00a0\u00bb s&rsquo;est-elle plaint.<\/p>\n\n\n\n<p>Le cri de c\u0153ur est le m\u00eame chez  Houssaintou Diallo, \u00e9l\u00e8ve de la 6\u00e8me ann\u00e9e au groupe scolaire Armand Correah.  <\/p>\n\n\n\n<p>\u00a0\u00bb <strong><em>Je n&rsquo;ai suivi aucun cours parce qu&rsquo;\u00e0 chaque fois que je regarde la RTG, je tombe sur les cours de la terminale, je ne sais \u00e0 quelle heure pour la 6\u00e8me ann\u00e9e passe. Je ne sais plus comment faire pour suivre les cours, c&rsquo;est pourquoi moi je souhaite que l&rsquo;Etat prenne des dispositions sanitaires dans les \u00e9coles pour que nous puissions aller \u00e0 l&rsquo;\u00e9cole pour \u00e9viter une ann\u00e9e blanche<\/em><\/strong>\u00a0\u00bb exhorte-t-elle. <\/p>\n\n\n\n<p>Pour ceux qui ma\u00eetrisent l&#8217;emploi du temps, le probl\u00e8me se situe \u00e0 plusieurs niveaux. Les probl\u00e8mes techniques que rencontre la radio rurale lors de la synchronisation avec la RTG en est un.<\/p>\n\n\n\n<p>\u00ab\u00a0<strong><em>Moi je connais le programme gr\u00e2ce \u00e0 mon p\u00e8re qui l&rsquo;a t\u00e9l\u00e9charg\u00e9 dans son t\u00e9l\u00e9phone. Mais lorsque j&rsquo;allume la radio rurale ^pour \u00e9couter, c&rsquo;est de la musique traditionnelle que j&rsquo;entends, l&rsquo;\u00e9mission ne passe pas. Ou alors, au moment o\u00f9 la radio rurale capte, \u00e7a trouve que les cours ont commenc\u00e9 depuis plus de 10 mn, c&rsquo;est pourquoi je ne comprend pas les cours<\/em><\/strong>\u00a0\u00bb a d\u00e9clar\u00e9 Mariam Soumah de la 6\u00e8me ann\u00e9e de l&rsquo;\u00e9cole catholique Christ-Roi.<\/p>\n\n\n\n<p>Amadou Diallo lui, se plaint de la qualit\u00e9 des images de la RTG. Selon lui, il faut avoir un d\u00e9codeur Canal+ pour avoir des images nettes, chose que ses parents ne peuvent lui offrir par insuffisance de moyens financiers.<\/p>\n\n\n\n<p>\u00ab\u00a0<strong><em>D\u00e8s qu&rsquo;il est l&rsquo;heure, j&rsquo;allume notre t\u00e9l\u00e9 et je regarde. Mais franchement il y a des parties que je n&rsquo;entend pas et ne vois pas bien parce que les images sont floues et le son n&rsquo;est pas clair. Cela est d\u00fb au fait que nous n&rsquo;avons pas de d\u00e9codeur canal+, ceux qui ont \u00e7a voient clairement mais nous, ce sont des images perdues que nous recevons. Avec cette situation, je ne peux pas dire que je suis les cours, l&rsquo;Etat doit revoir cette situation pour nous<\/em><\/strong>\u00a0\u00bb souligne-t-il.<\/p>\n\n\n\n<p>A ces probl\u00e8mes cit\u00e9s plus haut, s&rsquo;ajoutent la coupure intempestive du courant \u00e9lectrique.<\/p>\n\n\n\n<p>\u00ab\u00a0<strong><em>Quelques fois au moment o\u00f9 je m\u2019appr\u00eate \u00e0 suivre les cours, le courant s&rsquo;en va ou au moment o\u00f9 je suis concentr\u00e9, le courant se coupe. On ne comprend rien je jure. La seule fois o\u00f9 j&rsquo;ai eu la chance se suivre, c&rsquo;\u00e9tait un cours de math\u00e9matiques, mais j&rsquo;avoue qu&rsquo;il y a des parties que je n&rsquo;ai pas comprise mais je ne sais \u00e0 qui poser des questions<\/em><\/strong>\u00a0\u00bb se lamente Mariama Cir\u00e9 Bangoura.<\/p>\n\n\n\n<p>En d\u00e9pit de toutes les difficult\u00e9s \u00e9num\u00e9r\u00e9es ci-haut, le Minist\u00e8re en charge de l&rsquo;\u00e9ducation et de l&rsquo;alphab\u00e9tisation ne semble pas en \u00eatre pr\u00e9occup\u00e9e. Un nouvel emploi du temps pour la semaine du 3 au 8 mai, vient d\u2019\u00eatre publi\u00e9 ce vendredi sur sa page facebook.<\/p>\n\n\n\n<p><strong><em>Abdoulaye Barry pour friaguinee.net<\/em><\/strong><\/p>\n\n\n\n<p><br><\/p>\n\n\n\n<p><\/p>\n","protected":false},"excerpt":{"rendered":"<p>Les cours \u00e0 distance initi\u00e9s par le minist\u00e8re de l&rsquo;\u00e9ducation nationale et de l&rsquo;alphab\u00e9tisation pour combler le vide cr\u00e9\u00e9 par la fermeture des classes occasionn\u00e9e par la propagation de la maladie \u00e0 coronavirus dans le pays, a d\u00e9marr\u00e9 le lundi 27 avril 2020. Ces cours dispens\u00e9s via la radio nationale pour la 6\u00e8me ann\u00e9e et [&hellip;]<\/p>\n","protected":false},"author":3,"featured_media":18703,"comment_status":"open","ping_status":"open","sticky":false,"template":"","format":"standard","meta":{"footnotes":""},"categories":[5],"tags":[2835,3153,3152,3150,838],"class_list":["post-18591","post","type-post","status-publish","format-standard","has-post-thumbnail","hentry","category-education","tag-cours-a-distance","tag-difficultes","tag-eleves-prives","tag-frian-education","tag-raisons"],"_links":{"self":[{"href":"https:\/\/www.friaguinee.net\/index.php\/wp-json\/wp\/v2\/posts\/18591","targetHints":{"allow":["GET"]}}],"collection":[{"href":"https:\/\/www.friaguinee.net\/index.php\/wp-json\/wp\/v2\/posts"}],"about":[{"href":"https:\/\/www.friaguinee.net\/index.php\/wp-json\/wp\/v2\/types\/post"}],"author":[{"embeddable":true,"href":"https:\/\/www.friaguinee.net\/index.php\/wp-json\/wp\/v2\/users\/3"}],"replies":[{"embeddable":true,"href":"https:\/\/www.friaguinee.net\/index.php\/wp-json\/wp\/v2\/comments?post=18591"}],"version-history":[{"count":3,"href":"https:\/\/www.friaguinee.net\/index.php\/wp-json\/wp\/v2\/posts\/18591\/revisions"}],"predecessor-version":[{"id":18763,"href":"https:\/\/www.friaguinee.net\/index.php\/wp-json\/wp\/v2\/posts\/18591\/revisions\/18763"}],"wp:featuredmedia":[{"embeddable":true,"href":"https:\/\/www.friaguinee.net\/index.php\/wp-json\/wp\/v2\/media\/18703"}],"wp:attachment":[{"href":"https:\/\/www.friaguinee.net\/index.php\/wp-json\/wp\/v2\/media?parent=18591"}],"wp:term":[{"taxonomy":"category","embeddable":true,"href":"https:\/\/www.friaguinee.net\/index.php\/wp-json\/wp\/v2\/categories?post=18591"},{"taxonomy":"post_tag","embeddable":true,"href":"https:\/\/www.friaguinee.net\/index.php\/wp-json\/wp\/v2\/tags?post=18591"}],"curies":[{"name":"wp","href":"https:\/\/api.w.org\/{rel}","templated":true}]}}