{"id":18234,"date":"2020-04-24T08:40:35","date_gmt":"2020-04-24T08:40:35","guid":{"rendered":"http:\/\/www.friaguinee.net\/?p=18234"},"modified":"2020-04-24T08:40:39","modified_gmt":"2020-04-24T08:40:39","slug":"guinee-journee-mondiale-du-livre-le-mesrs-sengage-a-faire-recours-a-la-continuite-pedagogique-digitale","status":"publish","type":"post","link":"https:\/\/www.friaguinee.net\/index.php\/2020\/04\/24\/guinee-journee-mondiale-du-livre-le-mesrs-sengage-a-faire-recours-a-la-continuite-pedagogique-digitale\/","title":{"rendered":"Guin\u00e9e\/Journ\u00e9e mondiale du livre: le MESRS s&rsquo;engage \u00e0 faire recours \u00e0 la continuit\u00e9 p\u00e9dagogique digitale"},"content":{"rendered":"\n<p>DISCOURS DU MINISTRE KHADER Y. BARRY \u00c0 L\u2019OCCASION DE LA JOURN\u00c9E MONDIALE DU LIVRE.<br>\n\u2014\u2014\u2014\u2014\u2014\u2014\u2014\u2014\u2014\u2014\u2014\u2014\u2014\u2014\u2014\u2014\u2014\u2014\u2014\u2014\u2014<br>\nMesdames et Messieurs les membres du Gouvernement<br>\nMesdames et Messieurs les repr\u00e9sentants du Syst\u00e8me des Nations Unies<br>\nMesdames et Messieurs les auteurs, \u00e9crivains et \u00e9diteurs<br>\nMesdames et Messieurs les invit\u00e9s, chers internautes et amis des r\u00e9seaux sociaux,<br>\nDistingu\u00e9s invit\u00e9s,<br>\nMesdames et Messieurs,<\/p>\n\n\n\n<p>La pr\u00e9sente c\u00e9r\u00e9monie qui nous r\u00e9unit aujourd\u2019hui est consacr\u00e9e \u00e0 la c\u00e9l\u00e9bration de la journ\u00e9e mondiale du livre en Guin\u00e9e, d\u00e9cr\u00e9t\u00e9e par l\u2019Organisation des Nations Unies pour la Science, l\u2019Education et la Culture, UNESCO.<\/p>\n\n\n\n<p>En tant que premier responsable de l\u2019Enseignement Sup\u00e9rieur et de la Recherche Scientifique et Pr\u00e9sident de la Commission Nationale Guin\u00e9enne Pour l\u2019UNESCO, c\u2019est pour moi, un r\u00e9el plaisir et un agr\u00e9able devoir de participer \u00e0 la c\u00e9r\u00e9monie d\u2019ouverture de la journ\u00e9e mondiale du livre en Guin\u00e9e.<\/p>\n\n\n\n<p>A l\u2019instar des autres pays du Monde, la R\u00e9publique de Guin\u00e9e c\u00e9l\u00e8bre cette journ\u00e9e dans un contexte de pand\u00e9mie de coronavirus sans pr\u00e9c\u00e9dent.<\/p>\n\n\n\n<p>Aussi, le th\u00e8me retenu par les organisateurs \u00ab  le livre au service de la lutte contre le COVID-19 \u00bb, atteste du r\u00f4le que le monde de l\u2019industrie du livre peut jouer dans la sensibilisation des populations mais \u00e9galement \u00eatre une source privil\u00e9gi\u00e9e d\u2019apprentissage et de construction de soi.<\/p>\n\n\n\n<p>Je voudrais au nom du Pr\u00e9sident de la R\u00e9publique, SE Professeur Alpha CONDE et du Premier Ministre, Chef du Gouvernement, Dr Ibrahima Kassory FOFANA, adresser mes remerciements appuy\u00e9s aux repr\u00e9sentants du syst\u00e8me des nations unies et \u00e0 tous les auteurs, \u00e9crivains et \u00e9diteurs pour leur contribution \u00e0 l\u2019organisation de la journ\u00e9e du livre, en d\u00e9pit de la crise sanitaire.<\/p>\n\n\n\n<p>Je voudrais remercier tout particuli\u00e8rement le Directeur de l\u2019harmattan Monsieur Sansy Kaba DIAKITE pour le leadership dont il ne cesse de faire montre et pour sa remarquable contribution \u00e0 la promotion du livre,  de l\u2019\u00e9ducation et de la culture en R\u00e9publique de Guin\u00e9e.<\/p>\n\n\n\n<p>Mesdames et Messieurs,<br>\nLe livre a toujours \u00e9t\u00e9 au centre du d\u00e9veloppement des soci\u00e9t\u00e9s et du rayonnement des civilisations.<\/p>\n\n\n\n<p>En effet, qu\u2019il soit grav\u00e9 dans la pierre comme dans l\u2019ancienne Egypte, en manuscrit dans l\u2019antiquit\u00e9 jusqu\u2019au moyen \u00e2ge et aujourd\u2019hui digitalis\u00e9 gr\u00e2ce aux technologies de l\u2019information, le livre reste le vecteur le plus puissant de la connaissance et de la culture.<\/p>\n\n\n\n<p>Le livre reste un levier incontournable du d\u00e9veloppement humain et de la lutte contre la pauvret\u00e9.<\/p>\n\n\n\n<p>Son r\u00f4le va devenir de plus en plus important avec l\u2019arriv\u00e9e de gigantesques projets de biblioth\u00e8ques num\u00e9riques regroupant plusieurs millions d\u2019ouvrages de tout genre.<\/p>\n\n\n\n<p>On retiendra \u00e0 ce sujet le projet de biblioth\u00e8que num\u00e9rique de l\u2019UNESCO, celui de la biblioth\u00e8que de France et surtout le projet de l\u2019http:\/\/xn--harmathque-56a.com\/, que nous lan\u00e7ons aujourd\u2019hui dans le cadre la c\u00e9l\u00e9bration de cette journ\u00e9e mondiale du livre 2020 avec la maison d\u2019\u00e9dition Harmattan Guin\u00e9e.<\/p>\n\n\n\n<p>Mesdames et Messieurs,<br>\nEn cette p\u00e9riode o\u00f9 les \u00e9coles et universit\u00e9s sont ferm\u00e9es, nous sommes engag\u00e9s \u00e0 faire recours \u00e0 la continuit\u00e9 p\u00e9dagogique digitale pour que nos \u00e9l\u00e8ves et \u00e9tudiants puissent continuer \u00e0 apprendre et \u00e0 travailler. Dans cette optique et \u00e0 l\u2019instar des coll\u00e8gues en charge de l\u2019\u00e9ducation, j\u2019ai charg\u00e9 mon d\u00e9partement de multiplier les partenariats avec les \u00e9diteurs en ligne, \u00e0 travers notamment l\u2019Harmattan, pour doter nos universit\u00e9s de facilit\u00e9s d\u2019acc\u00e8s \u00e0 ces importantes sources du savoir.<\/p>\n\n\n\n<p>C\u2019est aussi l\u2019occasion de f\u00e9liciter et d\u2019encourager les auteurs guin\u00e9ens pour leur contribution remarquable \u00e0 l\u2019essor de la production litt\u00e9raire nationale.<\/p>\n\n\n\n<p>Avant de clore mon allocution, je voudrais remercier, au nom du Pr\u00e9sident de la R\u00e9publique et du Premier Ministre, Chef du Gouvernement, toutes les organisations nationales et surtout internationales, pour l\u2019aide et le soutien apport\u00e9 au livre guin\u00e9en et en g\u00e9n\u00e9ral au d\u00e9veloppement de l\u2019\u00e9ducation et de la culture en Guin\u00e9e.<\/p>\n\n\n\n<p>Je voudrais profiter de cette occasion pour pr\u00e9senter mes condol\u00e9ances aux familles endeuill\u00e9es \u00e0 travers notre pays par la maladie \u00e0 COVID-19, avec une pens\u00e9e toute particuli\u00e8re pour mon cher et regrett\u00e9 coll\u00e8gue, le Ministre Secr\u00e9taire G\u00e9n\u00e9ral du Gouvernement, Feu S\u00e9kou KOUROUMA.<\/p>\n\n\n\n<p>Sur ce, je d\u00e9clare lanc\u00e9e la journ\u00e9e mondiale du livre et du droit d\u2019auteur en Guin\u00e9e sous le signe \u00ab le livre au service de la lutte contre le coronavirus \u00bb.<\/p>\n\n\n\n<p>Vive le livre et la culture de la lecture<\/p>\n\n\n\n<p>Que Dieu prot\u00e8ge notre Plan\u00e8te,<br>\nQue Dieu prot\u00e8ge l\u2019Afrique,<br>\net que Dieu prot\u00e8ge la Guin\u00e9e<\/p>\n\n\n\n<p>Je vous remercie.<\/p>\n","protected":false},"excerpt":{"rendered":"<p>DISCOURS DU MINISTRE KHADER Y. BARRY \u00c0 L\u2019OCCASION DE LA JOURN\u00c9E MONDIALE DU LIVRE. \u2014\u2014\u2014\u2014\u2014\u2014\u2014\u2014\u2014\u2014\u2014\u2014\u2014\u2014\u2014\u2014\u2014\u2014\u2014\u2014\u2014 Mesdames et Messieurs les membres du Gouvernement Mesdames et Messieurs les repr\u00e9sentants du Syst\u00e8me des Nations Unies Mesdames et Messieurs les auteurs, \u00e9crivains et \u00e9diteurs Mesdames et Messieurs les invit\u00e9s, chers internautes et amis des r\u00e9seaux sociaux, Distingu\u00e9s invit\u00e9s, Mesdames [&hellip;]<\/p>\n","protected":false},"author":2,"featured_media":18235,"comment_status":"open","ping_status":"open","sticky":false,"template":"","format":"standard","meta":{"footnotes":""},"categories":[5],"tags":[3009,148,3008],"class_list":["post-18234","post","type-post","status-publish","format-standard","has-post-thumbnail","hentry","category-education","tag-discours-mesrs","tag-guinee","tag-journee-mondiale-libre"],"_links":{"self":[{"href":"https:\/\/www.friaguinee.net\/index.php\/wp-json\/wp\/v2\/posts\/18234","targetHints":{"allow":["GET"]}}],"collection":[{"href":"https:\/\/www.friaguinee.net\/index.php\/wp-json\/wp\/v2\/posts"}],"about":[{"href":"https:\/\/www.friaguinee.net\/index.php\/wp-json\/wp\/v2\/types\/post"}],"author":[{"embeddable":true,"href":"https:\/\/www.friaguinee.net\/index.php\/wp-json\/wp\/v2\/users\/2"}],"replies":[{"embeddable":true,"href":"https:\/\/www.friaguinee.net\/index.php\/wp-json\/wp\/v2\/comments?post=18234"}],"version-history":[{"count":1,"href":"https:\/\/www.friaguinee.net\/index.php\/wp-json\/wp\/v2\/posts\/18234\/revisions"}],"predecessor-version":[{"id":18236,"href":"https:\/\/www.friaguinee.net\/index.php\/wp-json\/wp\/v2\/posts\/18234\/revisions\/18236"}],"wp:featuredmedia":[{"embeddable":true,"href":"https:\/\/www.friaguinee.net\/index.php\/wp-json\/wp\/v2\/media\/18235"}],"wp:attachment":[{"href":"https:\/\/www.friaguinee.net\/index.php\/wp-json\/wp\/v2\/media?parent=18234"}],"wp:term":[{"taxonomy":"category","embeddable":true,"href":"https:\/\/www.friaguinee.net\/index.php\/wp-json\/wp\/v2\/categories?post=18234"},{"taxonomy":"post_tag","embeddable":true,"href":"https:\/\/www.friaguinee.net\/index.php\/wp-json\/wp\/v2\/tags?post=18234"}],"curies":[{"name":"wp","href":"https:\/\/api.w.org\/{rel}","templated":true}]}}