{"id":18171,"date":"2020-04-22T19:50:54","date_gmt":"2020-04-22T19:50:54","guid":{"rendered":"http:\/\/www.friaguinee.net\/?p=18171"},"modified":"2020-04-22T19:51:12","modified_gmt":"2020-04-22T19:51:12","slug":"fria-riposte-contre-le-covid-19-le-consortium-arsyf-ajffm-sojteg-sensibilise-les-populations","status":"publish","type":"post","link":"https:\/\/www.friaguinee.net\/index.php\/2020\/04\/22\/fria-riposte-contre-le-covid-19-le-consortium-arsyf-ajffm-sojteg-sensibilise-les-populations\/","title":{"rendered":"Fria\/Riposte contre le Covid-19: le  consortium \u00ab\u00a0ARSYF-AJFFM-SOJTEG\u00a0\u00bb sensibilise les populations"},"content":{"rendered":"\n<p>Le Covid-19 est une r\u00e9alit\u00e9 et gagne du terrain en Guin\u00e9e. Pour lui barrer la route, plusieurs organisations de la soci\u00e9t\u00e9 civile se sont impliqu\u00e9es et sont visibles \u00e0 travers tout le pays.<\/p>\n\n\n\n<figure class=\"wp-block-image\"><img loading=\"lazy\" decoding=\"async\" width=\"1024\" height=\"768\" src=\"http:\/\/www.friaguinee.net\/wp-content\/uploads\/2020\/04\/Photo_1587584127237-1024x768.jpg\" alt=\"\" class=\"wp-image-18173\" srcset=\"https:\/\/www.friaguinee.net\/wp-content\/uploads\/2020\/04\/Photo_1587584127237-1024x768.jpg 1024w, https:\/\/www.friaguinee.net\/wp-content\/uploads\/2020\/04\/Photo_1587584127237-300x225.jpg 300w, https:\/\/www.friaguinee.net\/wp-content\/uploads\/2020\/04\/Photo_1587584127237-768x576.jpg 768w, https:\/\/www.friaguinee.net\/wp-content\/uploads\/2020\/04\/Photo_1587584127237-80x60.jpg 80w, https:\/\/www.friaguinee.net\/wp-content\/uploads\/2020\/04\/Photo_1587584127237-265x198.jpg 265w, https:\/\/www.friaguinee.net\/wp-content\/uploads\/2020\/04\/Photo_1587584127237-696x522.jpg 696w, https:\/\/www.friaguinee.net\/wp-content\/uploads\/2020\/04\/Photo_1587584127237-560x420.jpg 560w, https:\/\/www.friaguinee.net\/wp-content\/uploads\/2020\/04\/Photo_1587584127237.jpg 1032w\" sizes=\"auto, (max-width: 1024px) 100vw, 1024px\" \/><\/figure>\n\n\n\n<p>A Fria, c&rsquo;est dans le m\u00eame ordre d&rsquo;id\u00e9e que les ONG ARSYF (Association des Ressortissantset Sympathisants de Fria), SOJTEG (Solidarit\u00e9 des Jeunes pour la Techno-formation en Guin\u00e9e) et AJFFM (l&rsquo;Association des Jeunes de Fria pour le Futur Meilleur) r\u00e9unies en consortium, ont initi\u00e9 une campagne de sensibilisation. Sur les motifs de cette action, le secr\u00e9taire g\u00e9n\u00e9ral de l&rsquo;AJFFM indique qu&rsquo;il s&rsquo;agit de montrer aux citoyens comment se prot\u00e9ger du Covid-19. <\/p>\n\n\n\n<figure class=\"wp-block-image\"><img loading=\"lazy\" decoding=\"async\" width=\"1024\" height=\"768\" src=\"http:\/\/www.friaguinee.net\/wp-content\/uploads\/2020\/04\/Photo_1587584127602-1024x768.jpg\" alt=\"\" class=\"wp-image-18174\" srcset=\"https:\/\/www.friaguinee.net\/wp-content\/uploads\/2020\/04\/Photo_1587584127602-1024x768.jpg 1024w, https:\/\/www.friaguinee.net\/wp-content\/uploads\/2020\/04\/Photo_1587584127602-300x225.jpg 300w, https:\/\/www.friaguinee.net\/wp-content\/uploads\/2020\/04\/Photo_1587584127602-768x576.jpg 768w, https:\/\/www.friaguinee.net\/wp-content\/uploads\/2020\/04\/Photo_1587584127602-80x60.jpg 80w, https:\/\/www.friaguinee.net\/wp-content\/uploads\/2020\/04\/Photo_1587584127602-265x198.jpg 265w, https:\/\/www.friaguinee.net\/wp-content\/uploads\/2020\/04\/Photo_1587584127602-696x522.jpg 696w, https:\/\/www.friaguinee.net\/wp-content\/uploads\/2020\/04\/Photo_1587584127602-560x420.jpg 560w, https:\/\/www.friaguinee.net\/wp-content\/uploads\/2020\/04\/Photo_1587584127602.jpg 1032w\" sizes=\"auto, (max-width: 1024px) 100vw, 1024px\" \/><\/figure>\n\n\n\n<p>\u00ab\u00a0<strong><em>Nous avons initi\u00e9 une campagne de sensibilisation compte tenu de la gravit\u00e9 de cette pand\u00e9mie qui s\u00e9vit dans le monde. Si les grandes puissances ont du mal \u00e0 la contenir nous, en tant que jeunes, \u00e7a nous a interpell\u00e9 car il ne faut pas attendre que la maladie frappe \u00e0 notre porte pour agir<\/em><\/strong>. <strong><em>C&rsquo;est pourquoi vous avons d\u00e9cid\u00e9 daller vers les citoyens de Fria pour leur expliquer la n\u00e9cessit\u00e9 de respecter les mesures pr\u00e9ventives<\/em><\/strong>\u00a0\u00bb a expliqu\u00e9 Abdoul Wahab Camara.<\/p>\n\n\n\n<figure class=\"wp-block-image\"><img loading=\"lazy\" decoding=\"async\" width=\"1024\" height=\"768\" src=\"http:\/\/www.friaguinee.net\/wp-content\/uploads\/2020\/04\/Photo_1587584206477-1024x768.jpg\" alt=\"\" class=\"wp-image-18175\" srcset=\"https:\/\/www.friaguinee.net\/wp-content\/uploads\/2020\/04\/Photo_1587584206477-1024x768.jpg 1024w, https:\/\/www.friaguinee.net\/wp-content\/uploads\/2020\/04\/Photo_1587584206477-300x225.jpg 300w, https:\/\/www.friaguinee.net\/wp-content\/uploads\/2020\/04\/Photo_1587584206477-768x576.jpg 768w, https:\/\/www.friaguinee.net\/wp-content\/uploads\/2020\/04\/Photo_1587584206477-80x60.jpg 80w, https:\/\/www.friaguinee.net\/wp-content\/uploads\/2020\/04\/Photo_1587584206477-265x198.jpg 265w, https:\/\/www.friaguinee.net\/wp-content\/uploads\/2020\/04\/Photo_1587584206477-696x522.jpg 696w, https:\/\/www.friaguinee.net\/wp-content\/uploads\/2020\/04\/Photo_1587584206477-560x420.jpg 560w, https:\/\/www.friaguinee.net\/wp-content\/uploads\/2020\/04\/Photo_1587584206477.jpg 1032w\" sizes=\"auto, (max-width: 1024px) 100vw, 1024px\" \/><\/figure>\n\n\n\n<p>Cette campagne a d\u00e9marr\u00e9 ce mercredi 22 avril dans les quartiers Tigu\u00e9 et Aviation o\u00f9 des jeunes volontaires ont sensibilis\u00e9 les citoyens au respect des gestes barri\u00e8res. Le lavage r\u00e9gulier des mains avec de l&rsquo;eau et du savon, leur d\u00e9sinfection avec du gel hydroalcoolique, le respect de la distanciation et la n\u00e9cessit\u00e9 de porter le masque, sont entre autres mesures qui ont \u00e9t\u00e9 expliqu\u00e9es de fond en comble par les membres du consortium. <\/p>\n\n\n\n<figure class=\"wp-block-image\"><img loading=\"lazy\" decoding=\"async\" width=\"1024\" height=\"768\" src=\"http:\/\/www.friaguinee.net\/wp-content\/uploads\/2020\/04\/Photo_1587584127425-1024x768.jpg\" alt=\"\" class=\"wp-image-18176\" srcset=\"https:\/\/www.friaguinee.net\/wp-content\/uploads\/2020\/04\/Photo_1587584127425-1024x768.jpg 1024w, https:\/\/www.friaguinee.net\/wp-content\/uploads\/2020\/04\/Photo_1587584127425-300x225.jpg 300w, https:\/\/www.friaguinee.net\/wp-content\/uploads\/2020\/04\/Photo_1587584127425-768x576.jpg 768w, https:\/\/www.friaguinee.net\/wp-content\/uploads\/2020\/04\/Photo_1587584127425-80x60.jpg 80w, https:\/\/www.friaguinee.net\/wp-content\/uploads\/2020\/04\/Photo_1587584127425-265x198.jpg 265w, https:\/\/www.friaguinee.net\/wp-content\/uploads\/2020\/04\/Photo_1587584127425-696x522.jpg 696w, https:\/\/www.friaguinee.net\/wp-content\/uploads\/2020\/04\/Photo_1587584127425-560x420.jpg 560w, https:\/\/www.friaguinee.net\/wp-content\/uploads\/2020\/04\/Photo_1587584127425.jpg 1032w\" sizes=\"auto, (max-width: 1024px) 100vw, 1024px\" \/><\/figure>\n\n\n\n<p>Les citoyens cibl\u00e9s saluent et encouragent l&rsquo;initiative qui, si elle est p\u00e9renne, va permettre de lutter efficacement contre cette pand\u00e9mie.<\/p>\n\n\n\n<p>\u00ab\u00a0<strong><em>C&rsquo;est une tr\u00e8s bonne initiative, j&rsquo;encourage les initiateurs et les exhortent \u00e0 continuer \u00e0 sensibiliser les citoyens jusqu&rsquo;\u00e0 la fin de cette pand\u00e9mie\u00a0\u00bb<\/em><\/strong> a d\u00e9clar\u00e9 Mariama Djelo Foink\u00e9.<\/p>\n\n\n\n<p>Cette campagne qui se poursuivra les prochains jours, va s&rsquo;\u00e9tendre sur les treize quartiers de la commune urbaine. <\/p>\n\n\n\n<p><strong>Laouratou Soumah pour friaguinee.net <\/strong><\/p>\n","protected":false},"excerpt":{"rendered":"<p>Le Covid-19 est une r\u00e9alit\u00e9 et gagne du terrain en Guin\u00e9e. Pour lui barrer la route, plusieurs organisations de la soci\u00e9t\u00e9 civile se sont impliqu\u00e9es et sont visibles \u00e0 travers tout le pays. A Fria, c&rsquo;est dans le m\u00eame ordre d&rsquo;id\u00e9e que les ONG ARSYF (Association des Ressortissantset Sympathisants de Fria), SOJTEG (Solidarit\u00e9 des Jeunes [&hellip;]<\/p>\n","protected":false},"author":2,"featured_media":18176,"comment_status":"open","ping_status":"open","sticky":false,"template":"","format":"standard","meta":{"footnotes":""},"categories":[9],"tags":[2996,49,200,1977,2733,85,2998],"class_list":["post-18171","post","type-post","status-publish","format-standard","has-post-thumbnail","hentry","category-publireportage","tag-consortium","tag-fria","tag-ong","tag-populations","tag-riposte","tag-sensibilise","tag-sojteg"],"_links":{"self":[{"href":"https:\/\/www.friaguinee.net\/index.php\/wp-json\/wp\/v2\/posts\/18171","targetHints":{"allow":["GET"]}}],"collection":[{"href":"https:\/\/www.friaguinee.net\/index.php\/wp-json\/wp\/v2\/posts"}],"about":[{"href":"https:\/\/www.friaguinee.net\/index.php\/wp-json\/wp\/v2\/types\/post"}],"author":[{"embeddable":true,"href":"https:\/\/www.friaguinee.net\/index.php\/wp-json\/wp\/v2\/users\/2"}],"replies":[{"embeddable":true,"href":"https:\/\/www.friaguinee.net\/index.php\/wp-json\/wp\/v2\/comments?post=18171"}],"version-history":[{"count":2,"href":"https:\/\/www.friaguinee.net\/index.php\/wp-json\/wp\/v2\/posts\/18171\/revisions"}],"predecessor-version":[{"id":18178,"href":"https:\/\/www.friaguinee.net\/index.php\/wp-json\/wp\/v2\/posts\/18171\/revisions\/18178"}],"wp:featuredmedia":[{"embeddable":true,"href":"https:\/\/www.friaguinee.net\/index.php\/wp-json\/wp\/v2\/media\/18176"}],"wp:attachment":[{"href":"https:\/\/www.friaguinee.net\/index.php\/wp-json\/wp\/v2\/media?parent=18171"}],"wp:term":[{"taxonomy":"category","embeddable":true,"href":"https:\/\/www.friaguinee.net\/index.php\/wp-json\/wp\/v2\/categories?post=18171"},{"taxonomy":"post_tag","embeddable":true,"href":"https:\/\/www.friaguinee.net\/index.php\/wp-json\/wp\/v2\/tags?post=18171"}],"curies":[{"name":"wp","href":"https:\/\/api.w.org\/{rel}","templated":true}]}}